{"id":41878,"date":"2022-05-31T08:33:35","date_gmt":"2022-05-31T11:33:35","guid":{"rendered":"http:\/\/labestiadeportiva.com\/lbd\/?p=41878"},"modified":"2022-05-31T08:38:05","modified_gmt":"2022-05-31T11:38:05","slug":"creo-que-hicimos-un-poco-mas-de-meritos-que-ellos-en-cuanto-al-juego-audio","status":"publish","type":"post","link":"https:\/\/labestiadeportiva.com\/lbd\/creo-que-hicimos-un-poco-mas-de-meritos-que-ellos-en-cuanto-al-juego-audio\/","title":{"rendered":"\u00abCreo que hicimos un poco m\u00e1s de m\u00e9ritos que ellos en cuanto al juego\u00bb (Audio)"},"content":{"rendered":"<p><a href=\"http:\/\/labestiadeportiva.com\/lbd\/wp-content\/uploads\/2022\/05\/IMG-20220530-WA0170.jpg\"><img loading=\"lazy\" src=\"http:\/\/labestiadeportiva.com\/lbd\/wp-content\/uploads\/2022\/05\/IMG-20220530-WA0170-225x300.jpg\" alt=\"IMG-20220530-WA0170\" width=\"225\" height=\"300\" class=\"aligncenter size-medium wp-image-41880\" srcset=\"https:\/\/labestiadeportiva.com\/lbd\/wp-content\/uploads\/2022\/05\/IMG-20220530-WA0170-225x300.jpg 225w, https:\/\/labestiadeportiva.com\/lbd\/wp-content\/uploads\/2022\/05\/IMG-20220530-WA0170-768x1024.jpg 768w, https:\/\/labestiadeportiva.com\/lbd\/wp-content\/uploads\/2022\/05\/IMG-20220530-WA0170-640x853.jpg 640w, https:\/\/labestiadeportiva.com\/lbd\/wp-content\/uploads\/2022\/05\/IMG-20220530-WA0170.jpg 1200w\" sizes=\"(max-width: 225px) 100vw, 225px\" \/><\/a><br \/>\nEl d\u00edas despu\u00e9s de la gran final del Torneo de Transici\u00f3n \u00abJos\u00e9 Flores\u00bb donde HAF super\u00f3 a Camioneros por 4 a 3 en los penales luego de igualar en 1 en tiempo reglamentario dialogamos con el capit\u00e1n del ahora campe\u00f3n Agust\u00edn \u00abPity\u00bb Oliva.<\/p>\n<p>An\u00e1lisis del choque y sensaciones pos partido logradas en la entrevista realizada este lunes en la 94.1 FM del Sur.<!--more--><\/p>\n<p><iframe loading=\"lazy\" width=\"560\" height=\"315\" src=\"https:\/\/www.youtube.com\/embed\/y6SKPu5GR6U\" title=\"YouTube video player\" frameborder=\"0\" allow=\"accelerometer; autoplay; clipboard-write; encrypted-media; gyroscope; picture-in-picture\" allowfullscreen><\/iframe><\/p>\n<div class='epvc-post-count'><span class='epvc-eye'><\/span>  <span class=\"epvc-count\"> 1.094<\/span><span class='epvc-label'> veces le\u00edda<\/span><\/div>\n<div class=\"jwsharethis\">\nShare this: \n<br \/>\n<a href=\"mailto:?subject=%C2%ABCreo%20que%20hicimos%20un%20poco%20m%C3%A1s%20de%20m%C3%A9ritos%20que%20ellos%20en%20cuanto%20al%20juego%C2%BB%20%28Audio%29&amp;body=https%3A%2F%2Flabestiadeportiva.com%2Flbd%2Fcreo-que-hicimos-un-poco-mas-de-meritos-que-ellos-en-cuanto-al-juego-audio%2F\">\n<img src=\"https:\/\/labestiadeportiva.com\/lbd\/wp-content\/plugins\/jw-share-this\/email.png\" alt=\"Share this page via Email\" \/>\n<\/a>\n<a target=\"_blank\" href=\"http:\/\/www.stumbleupon.com\/submit?url=https%3A%2F%2Flabestiadeportiva.com%2Flbd%2Fcreo-que-hicimos-un-poco-mas-de-meritos-que-ellos-en-cuanto-al-juego-audio%2F&amp;title=%C2%ABCreo+que+hicimos+un+poco+m%C3%A1s+de+m%C3%A9ritos+que+ellos+en+cuanto+al+juego%C2%BB+%28Audio%29\">\n<img src=\"https:\/\/labestiadeportiva.com\/lbd\/wp-content\/plugins\/jw-share-this\/su.png\" alt=\"Share this page via Stumble Upon\" \/>\n<\/a>\n<a target=\"_blank\" href=\"http:\/\/digg.com\/submit?url=https%3A%2F%2Flabestiadeportiva.com%2Flbd%2Fcreo-que-hicimos-un-poco-mas-de-meritos-que-ellos-en-cuanto-al-juego-audio%2F&amp;title=%C2%ABCreo+que+hicimos+un+poco+m%C3%A1s+de+m%C3%A9ritos+que+ellos+en+cuanto+al+juego%C2%BB+%28Audio%29\">\n<img src=\"https:\/\/labestiadeportiva.com\/lbd\/wp-content\/plugins\/jw-share-this\/digg.png\" alt=\"Share this page via Digg this\" \/>\n<\/a>\n<a target=\"_blank\" href=\"http:\/\/www.facebook.com\/sharer.php?u=https%3A%2F%2Flabestiadeportiva.com%2Flbd%2Fcreo-que-hicimos-un-poco-mas-de-meritos-que-ellos-en-cuanto-al-juego-audio%2F&amp;t=%C2%ABCreo+que+hicimos+un+poco+m%C3%A1s+de+m%C3%A9ritos+que+ellos+en+cuanto+al+juego%C2%BB+%28Audio%29\">\n<img src=\"https:\/\/labestiadeportiva.com\/lbd\/wp-content\/plugins\/jw-share-this\/fb.png\" alt=\"Share this page via Facebook\" \/>\n<\/a>\n<a target=\"_blank\" href=\"http:\/\/twitter.com\/intent\/tweet?text=I+like+https%3A%2F%2Flabestiadeportiva.com%2Flbd%2Fcreo-que-hicimos-un-poco-mas-de-meritos-que-ellos-en-cuanto-al-juego-audio%2F&amp;title=%C2%ABCreo+que+hicimos+un+poco+m%C3%A1s+de+m%C3%A9ritos+que+ellos+en+cuanto+al+juego%C2%BB+%28Audio%29\">\n<img src=\"https:\/\/labestiadeportiva.com\/lbd\/wp-content\/plugins\/jw-share-this\/twitter.png\" alt=\"Share this page via Twitter\" \/>\n<\/a>\n<\/div>\n","protected":false},"excerpt":{"rendered":"<p>El d\u00edas despu\u00e9s de la gran final del Torneo de Transici\u00f3n \u00abJos\u00e9 Flores\u00bb donde HAF super\u00f3 a Camioneros por 4 a 3 en los penales luego de igualar en 1 en tiempo reglamentario dialogamos con el capit\u00e1n del ahora campe\u00f3n Agust\u00edn \u00abPity\u00bb Oliva. An\u00e1lisis del choque y sensaciones pos partido logradas en la entrevista realizada &hellip; <a href=\"https:\/\/labestiadeportiva.com\/lbd\/creo-que-hicimos-un-poco-mas-de-meritos-que-ellos-en-cuanto-al-juego-audio\/\" class=\"more-link\">Seguir leyendo <span class=\"screen-reader-text\">\u00abCreo que hicimos un poco m\u00e1s de m\u00e9ritos que ellos en cuanto al juego\u00bb (Audio)<\/span> <span class=\"meta-nav\">&rarr;<\/span><\/a><\/p>\n","protected":false},"author":1,"featured_media":0,"comment_status":"open","ping_status":"open","sticky":false,"template":"","format":"standard","meta":[],"categories":[5,60,47,1],"tags":[4838,30,4723,4789],"_links":{"self":[{"href":"https:\/\/labestiadeportiva.com\/lbd\/wp-json\/wp\/v2\/posts\/41878"}],"collection":[{"href":"https:\/\/labestiadeportiva.com\/lbd\/wp-json\/wp\/v2\/posts"}],"about":[{"href":"https:\/\/labestiadeportiva.com\/lbd\/wp-json\/wp\/v2\/types\/post"}],"author":[{"embeddable":true,"href":"https:\/\/labestiadeportiva.com\/lbd\/wp-json\/wp\/v2\/users\/1"}],"replies":[{"embeddable":true,"href":"https:\/\/labestiadeportiva.com\/lbd\/wp-json\/wp\/v2\/comments?post=41878"}],"version-history":[{"count":2,"href":"https:\/\/labestiadeportiva.com\/lbd\/wp-json\/wp\/v2\/posts\/41878\/revisions"}],"predecessor-version":[{"id":41881,"href":"https:\/\/labestiadeportiva.com\/lbd\/wp-json\/wp\/v2\/posts\/41878\/revisions\/41881"}],"wp:attachment":[{"href":"https:\/\/labestiadeportiva.com\/lbd\/wp-json\/wp\/v2\/media?parent=41878"}],"wp:term":[{"taxonomy":"category","embeddable":true,"href":"https:\/\/labestiadeportiva.com\/lbd\/wp-json\/wp\/v2\/categories?post=41878"},{"taxonomy":"post_tag","embeddable":true,"href":"https:\/\/labestiadeportiva.com\/lbd\/wp-json\/wp\/v2\/tags?post=41878"}],"curies":[{"name":"wp","href":"https:\/\/api.w.org\/{rel}","templated":true}]}}