{"id":42001,"date":"2022-06-22T08:56:11","date_gmt":"2022-06-22T11:56:11","guid":{"rendered":"http:\/\/labestiadeportiva.com\/lbd\/?p=42001"},"modified":"2022-06-22T08:59:59","modified_gmt":"2022-06-22T11:59:59","slug":"estamos-contentos-estuvimos-muy-cerca-nos-falto-experiencia-audio","status":"publish","type":"post","link":"https:\/\/labestiadeportiva.com\/lbd\/estamos-contentos-estuvimos-muy-cerca-nos-falto-experiencia-audio\/","title":{"rendered":"\u00abEstamos contentos, estuvimos muy cerca, nos falt\u00f3 experiencia\u00bb (Audio)"},"content":{"rendered":"<p><a href=\"http:\/\/labestiadeportiva.com\/lbd\/wp-content\/uploads\/2022\/06\/IMG-20220621-WA0063.jpg\"><img loading=\"lazy\" src=\"http:\/\/labestiadeportiva.com\/lbd\/wp-content\/uploads\/2022\/06\/IMG-20220621-WA0063.jpg\" alt=\"IMG-20220621-WA0063\" width=\"900\" height=\"600\" class=\"aligncenter size-full wp-image-42003\" srcset=\"https:\/\/labestiadeportiva.com\/lbd\/wp-content\/uploads\/2022\/06\/IMG-20220621-WA0063.jpg 900w, https:\/\/labestiadeportiva.com\/lbd\/wp-content\/uploads\/2022\/06\/IMG-20220621-WA0063-300x200.jpg 300w, https:\/\/labestiadeportiva.com\/lbd\/wp-content\/uploads\/2022\/06\/IMG-20220621-WA0063-640x427.jpg 640w\" sizes=\"(max-width: 900px) 100vw, 900px\" \/><\/a><br \/>\nTercer puesto para la Selecci\u00f3n de R\u00edo Grande en el Argentino \u00abA\u00bb de Selecciones de futsal CAFS disputado en tierras mendocinas. <\/p>\n<p>El an\u00e1lisis del torneo a cargo del entrenador Pedro \u00abTiti\u00bb Garc\u00eda quien tambi\u00e9n se explay\u00f3 sobre la gran actualidad salonera de Tierra del Fuego que se ve reflejada en la importante presencia de jugadores y jugadoras en el continente.<\/p>\n<p>Compartimos la entrevista lograda este martes en la 94.1 FM del Sur.<!--more--><\/p>\n<p><iframe loading=\"lazy\" width=\"560\" height=\"315\" src=\"https:\/\/www.youtube.com\/embed\/uMlkApMs2Cc\" title=\"YouTube video player\" frameborder=\"0\" allow=\"accelerometer; autoplay; clipboard-write; encrypted-media; gyroscope; picture-in-picture\" allowfullscreen><\/iframe><\/p>\n<div class='epvc-post-count'><span class='epvc-eye'><\/span>  <span class=\"epvc-count\"> 1.381<\/span><span class='epvc-label'> veces le\u00edda<\/span><\/div>\n<div class=\"jwsharethis\">\nShare this: \n<br \/>\n<a href=\"mailto:?subject=%C2%ABEstamos%20contentos%2C%20estuvimos%20muy%20cerca%2C%20nos%20falt%C3%B3%20experiencia%C2%BB%20%28Audio%29&amp;body=https%3A%2F%2Flabestiadeportiva.com%2Flbd%2Festamos-contentos-estuvimos-muy-cerca-nos-falto-experiencia-audio%2F\">\n<img src=\"https:\/\/labestiadeportiva.com\/lbd\/wp-content\/plugins\/jw-share-this\/email.png\" alt=\"Share this page via Email\" \/>\n<\/a>\n<a target=\"_blank\" href=\"http:\/\/www.stumbleupon.com\/submit?url=https%3A%2F%2Flabestiadeportiva.com%2Flbd%2Festamos-contentos-estuvimos-muy-cerca-nos-falto-experiencia-audio%2F&amp;title=%C2%ABEstamos+contentos%2C+estuvimos+muy+cerca%2C+nos+falt%C3%B3+experiencia%C2%BB+%28Audio%29\">\n<img src=\"https:\/\/labestiadeportiva.com\/lbd\/wp-content\/plugins\/jw-share-this\/su.png\" alt=\"Share this page via Stumble Upon\" \/>\n<\/a>\n<a target=\"_blank\" href=\"http:\/\/digg.com\/submit?url=https%3A%2F%2Flabestiadeportiva.com%2Flbd%2Festamos-contentos-estuvimos-muy-cerca-nos-falto-experiencia-audio%2F&amp;title=%C2%ABEstamos+contentos%2C+estuvimos+muy+cerca%2C+nos+falt%C3%B3+experiencia%C2%BB+%28Audio%29\">\n<img src=\"https:\/\/labestiadeportiva.com\/lbd\/wp-content\/plugins\/jw-share-this\/digg.png\" alt=\"Share this page via Digg this\" \/>\n<\/a>\n<a target=\"_blank\" href=\"http:\/\/www.facebook.com\/sharer.php?u=https%3A%2F%2Flabestiadeportiva.com%2Flbd%2Festamos-contentos-estuvimos-muy-cerca-nos-falto-experiencia-audio%2F&amp;t=%C2%ABEstamos+contentos%2C+estuvimos+muy+cerca%2C+nos+falt%C3%B3+experiencia%C2%BB+%28Audio%29\">\n<img src=\"https:\/\/labestiadeportiva.com\/lbd\/wp-content\/plugins\/jw-share-this\/fb.png\" alt=\"Share this page via Facebook\" \/>\n<\/a>\n<a target=\"_blank\" href=\"http:\/\/twitter.com\/intent\/tweet?text=I+like+https%3A%2F%2Flabestiadeportiva.com%2Flbd%2Festamos-contentos-estuvimos-muy-cerca-nos-falto-experiencia-audio%2F&amp;title=%C2%ABEstamos+contentos%2C+estuvimos+muy+cerca%2C+nos+falt%C3%B3+experiencia%C2%BB+%28Audio%29\">\n<img src=\"https:\/\/labestiadeportiva.com\/lbd\/wp-content\/plugins\/jw-share-this\/twitter.png\" alt=\"Share this page via Twitter\" \/>\n<\/a>\n<\/div>\n","protected":false},"excerpt":{"rendered":"<p>Tercer puesto para la Selecci\u00f3n de R\u00edo Grande en el Argentino \u00abA\u00bb de Selecciones de futsal CAFS disputado en tierras mendocinas. El an\u00e1lisis del torneo a cargo del entrenador Pedro \u00abTiti\u00bb Garc\u00eda quien tambi\u00e9n se explay\u00f3 sobre la gran actualidad salonera de Tierra del Fuego que se ve reflejada en la importante presencia de jugadores &hellip; <a href=\"https:\/\/labestiadeportiva.com\/lbd\/estamos-contentos-estuvimos-muy-cerca-nos-falto-experiencia-audio\/\" class=\"more-link\">Seguir leyendo <span class=\"screen-reader-text\">\u00abEstamos contentos, estuvimos muy cerca, nos falt\u00f3 experiencia\u00bb (Audio)<\/span> <span class=\"meta-nav\">&rarr;<\/span><\/a><\/p>\n","protected":false},"author":1,"featured_media":0,"comment_status":"open","ping_status":"open","sticky":false,"template":"","format":"standard","meta":[],"categories":[5,6,31,1],"tags":[793,422,3660,4803],"_links":{"self":[{"href":"https:\/\/labestiadeportiva.com\/lbd\/wp-json\/wp\/v2\/posts\/42001"}],"collection":[{"href":"https:\/\/labestiadeportiva.com\/lbd\/wp-json\/wp\/v2\/posts"}],"about":[{"href":"https:\/\/labestiadeportiva.com\/lbd\/wp-json\/wp\/v2\/types\/post"}],"author":[{"embeddable":true,"href":"https:\/\/labestiadeportiva.com\/lbd\/wp-json\/wp\/v2\/users\/1"}],"replies":[{"embeddable":true,"href":"https:\/\/labestiadeportiva.com\/lbd\/wp-json\/wp\/v2\/comments?post=42001"}],"version-history":[{"count":3,"href":"https:\/\/labestiadeportiva.com\/lbd\/wp-json\/wp\/v2\/posts\/42001\/revisions"}],"predecessor-version":[{"id":42005,"href":"https:\/\/labestiadeportiva.com\/lbd\/wp-json\/wp\/v2\/posts\/42001\/revisions\/42005"}],"wp:attachment":[{"href":"https:\/\/labestiadeportiva.com\/lbd\/wp-json\/wp\/v2\/media?parent=42001"}],"wp:term":[{"taxonomy":"category","embeddable":true,"href":"https:\/\/labestiadeportiva.com\/lbd\/wp-json\/wp\/v2\/categories?post=42001"},{"taxonomy":"post_tag","embeddable":true,"href":"https:\/\/labestiadeportiva.com\/lbd\/wp-json\/wp\/v2\/tags?post=42001"}],"curies":[{"name":"wp","href":"https:\/\/api.w.org\/{rel}","templated":true}]}}