{"id":42122,"date":"2022-07-04T13:00:18","date_gmt":"2022-07-04T16:00:18","guid":{"rendered":"http:\/\/labestiadeportiva.com\/lbd\/?p=42122"},"modified":"2022-07-06T02:32:31","modified_gmt":"2022-07-06T05:32:31","slug":"la-primera-del-matador-carlos-sainz","status":"publish","type":"post","link":"https:\/\/labestiadeportiva.com\/lbd\/la-primera-del-matador-carlos-sainz\/","title":{"rendered":"La primera del \u00abMatador\u00bb Carlos Sainz"},"content":{"rendered":"<p>Por Daniel Campos (Corresponsal LBD en Palma de Mallorca, Espa\u00f1a)<\/p>\n<p><a href=\"http:\/\/labestiadeportiva.com\/lbd\/wp-content\/uploads\/2022\/07\/descarga2.jpeg\"><img loading=\"lazy\" class=\"aligncenter size-medium wp-image-42125\" src=\"http:\/\/labestiadeportiva.com\/lbd\/wp-content\/uploads\/2022\/07\/descarga2-300x200.jpeg\" alt=\"descarga~2\" width=\"300\" height=\"200\" srcset=\"https:\/\/labestiadeportiva.com\/lbd\/wp-content\/uploads\/2022\/07\/descarga2-300x200.jpeg 300w, https:\/\/labestiadeportiva.com\/lbd\/wp-content\/uploads\/2022\/07\/descarga2-640x426.jpeg 640w, https:\/\/labestiadeportiva.com\/lbd\/wp-content\/uploads\/2022\/07\/descarga2.jpeg 968w\" sizes=\"(max-width: 300px) 100vw, 300px\" \/><\/a><br \/>\nEl espa\u00f1ol Carlos Sainz con Ferrari se impuso este fin de semana en Silverstone. Primera victoria del madrile\u00f1o en la categor\u00eda, tras 150 GP disputados en la m\u00e1xima categor\u00eda desde su debut en 2015.<!--more--><\/p>\n<p>En una carrera accidentada desde el inicio, y con una acertada estrategia del equipo Ferrari, Sainz se llev\u00f3 un merecido triunfo en el m\u00edtico trazado ingl\u00e9s. Le acompa\u00f1aron en el podio, el mexicano \u201cCheco\u201d P\u00e9rez y el brit\u00e1nico Lewis Hamilton.<\/p>\n<p>Entre viernes y s\u00e1bado, la lucha por la pole fue un duelo entre Red Bull y Ferrari, lleg\u00f3 la lluvia en la jornada sabatina y all\u00ed el m\u00e1s r\u00e1pido fue el hombre del Ferrari n\u00famero 55.<\/p>\n<p>Primera pole para el madrile\u00f1o, y el domingo tocaba so\u00f1ar. Con el l\u00edder del mundial a su lado, Verstappen y Red Bull, eran el principal obst\u00e1culo a sortear. Tras apagarse los sem\u00e1foros, el holand\u00e9s sali\u00f3 bien y adelant\u00f3 a Sainz.<\/p>\n<p>Pero por detr\u00e1s, antes del final de recta principal, un toque entre Zhou, Russell y Gasly, acab\u00f3 con el auto del piloto chino de Alfa Romeo volcado e impactando contra las defensas.<\/p>\n<p>Gracias al HALO, la vida de Zhou no corri\u00f3 peligro y la carrera fue detenida con bandera roja. Adem\u00e1s, otro incidente dentro del circuito provoc\u00f3 una demora de m\u00e1s de una hora. Un grupo de activistas ecologistas saltaron las vallas de seguridad e intentaron invadir la trazada.<\/p>\n<p>La carrera se relanz\u00f3, y esta vez Sainz pic\u00f3 en punta, luchando por evitar ser adelantado por Verstappen, incluso con medio coche fuera de la pista, muy al estilo del vigente campe\u00f3n.<\/p>\n<p>En esas primeras vueltas, el de Ferrari se mantuvo al frente fuera de la distancia de DRS, girando muy r\u00e1pido, hasta que en la d\u00e9cima vuelta Sainz se sali\u00f3 de pista y Verstappen le super\u00f3.<\/p>\n<p>Pero ayer, no era el d\u00eda del holand\u00e9s. Tuvo que pasar por boxes, culpa de un pinchazo, y al regresar a pista cay\u00f3 hasta la sexta posici\u00f3n con problemas de rendimiento en su monoplaza.<\/p>\n<p>La estrategia inicial del equipo Ferrari era llevar a la victoria a Leclerc y Sainz oficiar\u00eda de escudero del monegasco. Pero el Mercedes de Hamilton, que vuelta tras vuelta era el m\u00e1s veloz en pista alter\u00f3 el guion de los de Maranello.<\/p>\n<p>Par\u00f3 Sainz y con blandos volvi\u00f3 a pista para ubicarse segundo por detr\u00e1s del ingl\u00e9s. Tercero apareci\u00f3 Leclerc pidiendo paso v\u00eda radio, Hamilton segu\u00eda girando con r\u00e9cord de vuelta incluido, y podr\u00eda quedarse con la victoria, si hac\u00eda una buena parada en boxes.<\/p>\n<p>Lleg\u00f3 la orden de equipo y Sainz cedi\u00f3 posici\u00f3n ante Leclerc. Pero a\u00fan faltaba un nuevo golpe de escena, el Alpine de Esteban Ocon se qued\u00f3 parado en la recta principal por problemas de motor, provocando la neutralizaci\u00f3n de la prueba y el ingreso del auto de seguridad.<\/p>\n<p>Sainz y Hamilton entraron a boxes, se jugar\u00edan el todo por el todo en esas \u00faltimas vueltas. Ferrari mantuvo a Leclerc en pista, y all\u00ed estuvo la clave del triunfo de Sainz.<\/p>\n<p>Antes de que el auto de seguridad abandonara la pista, el madrile\u00f1o pregunt\u00f3 por radio si pod\u00eda atacar y nadie contest\u00f3 desde el muro. Bandera verde y el espa\u00f1ol no lo pens\u00f3 dos veces, atac\u00f3 y se puso primero.<\/p>\n<p>Se escap\u00f3 y abri\u00f3 diferencias con el resto, atr\u00e1s Leclerc aguantaba el embate de P\u00e9rez, Hamilton y un combativo Alonso. La bandera a cuadros lleg\u00f3 y salud\u00f3 al paso del hombre de Ferrari en su primer entorchado.<\/p>\n<p>Con poco tiempo para celebrar, en una semana la F1 llega a casa de Red Bull, para el GP de Austria.<\/p>\n<p><a href=\"http:\/\/labestiadeportiva.com\/lbd\/wp-content\/uploads\/2022\/07\/CWGFJCLZDBGKHAJIH53IXMCXSM2.jpg\"><img loading=\"lazy\" class=\"aligncenter size-medium wp-image-42126\" src=\"http:\/\/labestiadeportiva.com\/lbd\/wp-content\/uploads\/2022\/07\/CWGFJCLZDBGKHAJIH53IXMCXSM2-300x200.jpg\" alt=\"CWGFJCLZDBGKHAJIH53IXMCXSM~2\" width=\"300\" height=\"200\" srcset=\"https:\/\/labestiadeportiva.com\/lbd\/wp-content\/uploads\/2022\/07\/CWGFJCLZDBGKHAJIH53IXMCXSM2-300x200.jpg 300w, https:\/\/labestiadeportiva.com\/lbd\/wp-content\/uploads\/2022\/07\/CWGFJCLZDBGKHAJIH53IXMCXSM2-640x427.jpg 640w, https:\/\/labestiadeportiva.com\/lbd\/wp-content\/uploads\/2022\/07\/CWGFJCLZDBGKHAJIH53IXMCXSM2.jpg 768w\" sizes=\"(max-width: 300px) 100vw, 300px\" \/><\/a><\/p>\n<p>As\u00ed llegaron:<br \/>\n1\u00ba C. Sainz-Ferrari en 1:21:20,440<br \/>\n2\u00ba S. P\u00e9rez-Red Bull a 3,779<br \/>\n3\u00ba L. Hamilton-Mercedes Benz a 6,225<\/p>\n<p>El Mundial de pilotos<br \/>\n1\u00ba M. Verstappen (HOL) 181 pts.<br \/>\n2\u00ba S. P\u00e9rez (MEX) 147 pts.<br \/>\n3\u00ba C. Leclerc (MON) 138 pts.<\/p>\n<p>El Mundial de constructores<br \/>\n1\u00ba Red Bull 328 pts.<br \/>\n2\u00ba Ferrari 265 pts.<br \/>\n3\u00ba Mercedes Benz 204 pts.<\/p>\n<p>Pr\u00f3xima competencia: el 10 de julio, GP de Austria, Red Bull Ring.<\/p>\n<p><a href=\"http:\/\/labestiadeportiva.com\/lbd\/wp-content\/uploads\/2022\/07\/bannerauspicia.jpg\"><img loading=\"lazy\" class=\"aligncenter size-medium wp-image-42120\" src=\"http:\/\/labestiadeportiva.com\/lbd\/wp-content\/uploads\/2022\/07\/bannerauspicia-300x84.jpg\" alt=\"bannerauspicia\" width=\"300\" height=\"84\" srcset=\"https:\/\/labestiadeportiva.com\/lbd\/wp-content\/uploads\/2022\/07\/bannerauspicia-300x84.jpg 300w, https:\/\/labestiadeportiva.com\/lbd\/wp-content\/uploads\/2022\/07\/bannerauspicia.jpg 600w\" sizes=\"(max-width: 300px) 100vw, 300px\" \/><\/a><\/p>\n<p>&nbsp;<\/p>\n<p><img loading=\"lazy\" class=\" aligncenter\" src=\"http:\/\/labestiadeportiva.com\/lbd\/wp-content\/uploads\/2021\/11\/POPPER_NOV21.gif\" alt=\"\" width=\"300\" height=\"250\" \/><img loading=\"lazy\" class=\" aligncenter\" src=\"http:\/\/labestiadeportiva.com\/lbd\/wp-content\/uploads\/2022\/06\/CAMIONEROSGIF2.gif\" alt=\"\" width=\"300\" height=\"300\" \/><\/p>\n<p><img loading=\"lazy\" class=\" aligncenter\" src=\"http:\/\/labestiadeportiva.com\/lbd\/wp-content\/uploads\/2021\/07\/taller_300x166.jpg\" alt=\"\" width=\"300\" height=\"166\" \/><\/p>\n<p>&nbsp;<\/p>\n<p><a href=\"http:\/\/labestiadeportiva.com\/lbd\/wp-content\/uploads\/2022\/07\/dejanoscomentarios.jpg\"><img loading=\"lazy\" class=\"aligncenter wp-image-42119 size-full\" src=\"http:\/\/labestiadeportiva.com\/lbd\/wp-content\/uploads\/2022\/07\/dejanoscomentarios.jpg\" alt=\"dejanoscomentarios\" width=\"600\" height=\"373\" srcset=\"https:\/\/labestiadeportiva.com\/lbd\/wp-content\/uploads\/2022\/07\/dejanoscomentarios.jpg 600w, https:\/\/labestiadeportiva.com\/lbd\/wp-content\/uploads\/2022\/07\/dejanoscomentarios-300x187.jpg 300w\" sizes=\"(max-width: 600px) 100vw, 600px\" \/><\/a><\/p>\n<div class='epvc-post-count'><span class='epvc-eye'><\/span>  <span class=\"epvc-count\"> 1.128<\/span><span class='epvc-label'> veces le\u00edda<\/span><\/div>\n<div class=\"jwsharethis\">\nShare this: \n<br \/>\n<a href=\"mailto:?subject=La%20primera%20del%20%C2%ABMatador%C2%BB%20Carlos%20Sainz&amp;body=https%3A%2F%2Flabestiadeportiva.com%2Flbd%2Fla-primera-del-matador-carlos-sainz%2F\">\n<img src=\"https:\/\/labestiadeportiva.com\/lbd\/wp-content\/plugins\/jw-share-this\/email.png\" alt=\"Share this page via Email\" \/>\n<\/a>\n<a target=\"_blank\" href=\"http:\/\/www.stumbleupon.com\/submit?url=https%3A%2F%2Flabestiadeportiva.com%2Flbd%2Fla-primera-del-matador-carlos-sainz%2F&amp;title=La+primera+del+%C2%ABMatador%C2%BB+Carlos+Sainz\">\n<img src=\"https:\/\/labestiadeportiva.com\/lbd\/wp-content\/plugins\/jw-share-this\/su.png\" alt=\"Share this page via Stumble Upon\" \/>\n<\/a>\n<a target=\"_blank\" href=\"http:\/\/digg.com\/submit?url=https%3A%2F%2Flabestiadeportiva.com%2Flbd%2Fla-primera-del-matador-carlos-sainz%2F&amp;title=La+primera+del+%C2%ABMatador%C2%BB+Carlos+Sainz\">\n<img src=\"https:\/\/labestiadeportiva.com\/lbd\/wp-content\/plugins\/jw-share-this\/digg.png\" alt=\"Share this page via Digg this\" \/>\n<\/a>\n<a target=\"_blank\" href=\"http:\/\/www.facebook.com\/sharer.php?u=https%3A%2F%2Flabestiadeportiva.com%2Flbd%2Fla-primera-del-matador-carlos-sainz%2F&amp;t=La+primera+del+%C2%ABMatador%C2%BB+Carlos+Sainz\">\n<img src=\"https:\/\/labestiadeportiva.com\/lbd\/wp-content\/plugins\/jw-share-this\/fb.png\" alt=\"Share this page via Facebook\" \/>\n<\/a>\n<a target=\"_blank\" href=\"http:\/\/twitter.com\/intent\/tweet?text=I+like+https%3A%2F%2Flabestiadeportiva.com%2Flbd%2Fla-primera-del-matador-carlos-sainz%2F&amp;title=La+primera+del+%C2%ABMatador%C2%BB+Carlos+Sainz\">\n<img src=\"https:\/\/labestiadeportiva.com\/lbd\/wp-content\/plugins\/jw-share-this\/twitter.png\" alt=\"Share this page via Twitter\" \/>\n<\/a>\n<\/div>\n","protected":false},"excerpt":{"rendered":"<p>Por Daniel Campos (Corresponsal LBD en Palma de Mallorca, Espa\u00f1a) El espa\u00f1ol Carlos Sainz con Ferrari se impuso este fin de semana en Silverstone. Primera victoria del madrile\u00f1o en la categor\u00eda, tras 150 GP disputados en la m\u00e1xima categor\u00eda desde su debut en 2015. 1.128 veces le\u00edda Share this:<\/p>\n","protected":false},"author":1,"featured_media":0,"comment_status":"open","ping_status":"open","sticky":false,"template":"","format":"standard","meta":[],"categories":[2176,4,3534,1],"tags":[154,4814],"_links":{"self":[{"href":"https:\/\/labestiadeportiva.com\/lbd\/wp-json\/wp\/v2\/posts\/42122"}],"collection":[{"href":"https:\/\/labestiadeportiva.com\/lbd\/wp-json\/wp\/v2\/posts"}],"about":[{"href":"https:\/\/labestiadeportiva.com\/lbd\/wp-json\/wp\/v2\/types\/post"}],"author":[{"embeddable":true,"href":"https:\/\/labestiadeportiva.com\/lbd\/wp-json\/wp\/v2\/users\/1"}],"replies":[{"embeddable":true,"href":"https:\/\/labestiadeportiva.com\/lbd\/wp-json\/wp\/v2\/comments?post=42122"}],"version-history":[{"count":6,"href":"https:\/\/labestiadeportiva.com\/lbd\/wp-json\/wp\/v2\/posts\/42122\/revisions"}],"predecessor-version":[{"id":42148,"href":"https:\/\/labestiadeportiva.com\/lbd\/wp-json\/wp\/v2\/posts\/42122\/revisions\/42148"}],"wp:attachment":[{"href":"https:\/\/labestiadeportiva.com\/lbd\/wp-json\/wp\/v2\/media?parent=42122"}],"wp:term":[{"taxonomy":"category","embeddable":true,"href":"https:\/\/labestiadeportiva.com\/lbd\/wp-json\/wp\/v2\/categories?post=42122"},{"taxonomy":"post_tag","embeddable":true,"href":"https:\/\/labestiadeportiva.com\/lbd\/wp-json\/wp\/v2\/tags?post=42122"}],"curies":[{"name":"wp","href":"https:\/\/api.w.org\/{rel}","templated":true}]}}