{"id":42144,"date":"2022-07-06T00:07:59","date_gmt":"2022-07-06T03:07:59","guid":{"rendered":"http:\/\/labestiadeportiva.com\/lbd\/?p=42144"},"modified":"2022-07-12T15:50:17","modified_gmt":"2022-07-12T18:50:17","slug":"mandan-el-lobo-y-la-lepra","status":"publish","type":"post","link":"https:\/\/labestiadeportiva.com\/lbd\/mandan-el-lobo-y-la-lepra\/","title":{"rendered":"Mandan el \u00abLobo\u00bb y \u00abLa Lepra\u00bb"},"content":{"rendered":"<p>Por Javier Nicol\u00e1s Baroli (Corresponsal LBD en R\u00edo Gallegos)<\/p>\n<p><a href=\"http:\/\/labestiadeportiva.com\/lbd\/wp-content\/uploads\/2022\/07\/IMG-20220705-WA0127.jpg\"><img loading=\"lazy\" class=\"aligncenter size-medium wp-image-42146\" src=\"http:\/\/labestiadeportiva.com\/lbd\/wp-content\/uploads\/2022\/07\/IMG-20220705-WA0127-300x300.jpg\" alt=\"IMG-20220705-WA0127\" width=\"300\" height=\"300\" srcset=\"https:\/\/labestiadeportiva.com\/lbd\/wp-content\/uploads\/2022\/07\/IMG-20220705-WA0127-300x300.jpg 300w, https:\/\/labestiadeportiva.com\/lbd\/wp-content\/uploads\/2022\/07\/IMG-20220705-WA0127-150x150.jpg 150w, https:\/\/labestiadeportiva.com\/lbd\/wp-content\/uploads\/2022\/07\/IMG-20220705-WA0127.jpg 340w\" sizes=\"(max-width: 300px) 100vw, 300px\" \/><\/a>Pas\u00f3 la sexta fecha del f\u00fatbol Argentino con la grata sorpresa de ver equipos \u00abnuevos\u00bb en la cima del certamen despojando a los denominados grandes. GELP y Newell&#8217;s lideran con 14 unidades.<!--more--><\/p>\n<p>Una nueva fecha qued\u00f3 en el pasado y, m\u00e1s all\u00e1 de las ca\u00eddas de los grandes, que los equipos emergentes, de segunda l\u00ednea sean los l\u00edderes, es una buena noticia. El \u00abLobo\u00bb tuvo su fecha ideal. Gan\u00f3 1 a 0 a Defensa y Justicia en el bosque y sumado al empate de Newells 2 a 2 ante Patronato, compartir\u00e1n por una semana la punta del campeonato.<\/p>\n<p>Boca, en la v\u00edspera del partido de vuelta de la Copa Libertadores de Am\u00e9rica, cay\u00f3 estrepitosamente por 3 a 0 ante Banfield en la m\u00edtica \u00abBombonera\u00bb. Si bien no tuvo mayor\u00eda de titulares, lo llamativo fue la abultada diferencia en el marcador.<\/p>\n<p>River visitaba a Hurac\u00e1n en Parque Patricios, tambi\u00e9n con un mix entre titulares y suplentes. El \u00abGlobo\u00bb vol\u00f3 alto y se qued\u00f3 con el partido en un entretenido 3 a 2 con, las infaltables pol\u00e9micas que el VAR lejos de dilucidar, cada d\u00eda profundizan m\u00e1s.<\/p>\n<p>Racing empat\u00f3 en Jun\u00edn ante Sarmiento 1 a 1 y su vecino, Independiente, cay\u00f3 por 3 a 1 en el Libertadores de Am\u00e9rica ante Platense, lo que encendi\u00f3 la furia de su gente, fundamentalmente contra Moyano y compa\u00f1\u00eda.<\/p>\n<p>GELP, Newell&#8217;s, Platense, Banfield y Hurac\u00e1n, los cinco primeros de la tabla cuando se han puesto en juego 18 unidades.<\/p>\n<p><a href=\"http:\/\/labestiadeportiva.com\/lbd\/wp-content\/uploads\/2022\/07\/bannerauspicia.jpg\"><img loading=\"lazy\" src=\"http:\/\/labestiadeportiva.com\/lbd\/wp-content\/uploads\/2022\/07\/bannerauspicia-300x84.jpg\" alt=\"bannerauspicia\" width=\"300\" height=\"84\" class=\"aligncenter size-medium wp-image-42120\" srcset=\"https:\/\/labestiadeportiva.com\/lbd\/wp-content\/uploads\/2022\/07\/bannerauspicia-300x84.jpg 300w, https:\/\/labestiadeportiva.com\/lbd\/wp-content\/uploads\/2022\/07\/bannerauspicia.jpg 600w\" sizes=\"(max-width: 300px) 100vw, 300px\" \/><br \/>\n<\/a><\/p>\n<div id='gallery-1' class='gallery galleryid-42144 gallery-columns-3 gallery-size-thumbnail'><figure class='gallery-item'>\n\t\t\t<div class='gallery-icon landscape'>\n\t\t\t\t<a href='https:\/\/labestiadeportiva.com\/lbd\/btf-fueguina-dale-0521-300x250\/'><img width=\"150\" height=\"150\" src=\"https:\/\/labestiadeportiva.com\/lbd\/wp-content\/uploads\/2021\/07\/BTF-Fueguina-Dale-0521-300x250-150x150.gif\" class=\"attachment-thumbnail size-thumbnail\" alt=\"\" loading=\"lazy\" srcset=\"https:\/\/labestiadeportiva.com\/lbd\/wp-content\/uploads\/2021\/07\/BTF-Fueguina-Dale-0521-300x250-150x150.gif 150w, https:\/\/labestiadeportiva.com\/lbd\/wp-content\/uploads\/2021\/07\/BTF-Fueguina-Dale-0521-300x250-160x160.gif 160w, https:\/\/labestiadeportiva.com\/lbd\/wp-content\/uploads\/2021\/07\/BTF-Fueguina-Dale-0521-300x250-320x320.gif 320w, https:\/\/labestiadeportiva.com\/lbd\/wp-content\/uploads\/2021\/07\/BTF-Fueguina-Dale-0521-300x250-60x60.gif 60w\" sizes=\"(max-width: 150px) 100vw, 150px\" \/><\/a>\n\t\t\t<\/div><\/figure><figure class='gallery-item'>\n\t\t\t<div class='gallery-icon landscape'>\n\t\t\t\t<a href='https:\/\/labestiadeportiva.com\/lbd\/castor01\/'><img width=\"150\" height=\"150\" src=\"https:\/\/labestiadeportiva.com\/lbd\/wp-content\/uploads\/2021\/06\/castor01-150x150.gif\" class=\"attachment-thumbnail size-thumbnail\" alt=\"\" loading=\"lazy\" srcset=\"https:\/\/labestiadeportiva.com\/lbd\/wp-content\/uploads\/2021\/06\/castor01-150x150.gif 150w, https:\/\/labestiadeportiva.com\/lbd\/wp-content\/uploads\/2021\/06\/castor01-160x160.gif 160w, https:\/\/labestiadeportiva.com\/lbd\/wp-content\/uploads\/2021\/06\/castor01-320x320.gif 320w, https:\/\/labestiadeportiva.com\/lbd\/wp-content\/uploads\/2021\/06\/castor01-60x60.gif 60w\" sizes=\"(max-width: 150px) 100vw, 150px\" \/><\/a>\n\t\t\t<\/div><\/figure><figure class='gallery-item'>\n\t\t\t<div class='gallery-icon landscape'>\n\t\t\t\t<a href='https:\/\/labestiadeportiva.com\/lbd\/taller_300x166\/'><img width=\"150\" height=\"150\" src=\"https:\/\/labestiadeportiva.com\/lbd\/wp-content\/uploads\/2021\/07\/taller_300x166-150x150.jpg\" class=\"attachment-thumbnail size-thumbnail\" alt=\"\" loading=\"lazy\" srcset=\"https:\/\/labestiadeportiva.com\/lbd\/wp-content\/uploads\/2021\/07\/taller_300x166-150x150.jpg 150w, https:\/\/labestiadeportiva.com\/lbd\/wp-content\/uploads\/2021\/07\/taller_300x166-160x160.jpg 160w, https:\/\/labestiadeportiva.com\/lbd\/wp-content\/uploads\/2021\/07\/taller_300x166-320x320.jpg 320w, https:\/\/labestiadeportiva.com\/lbd\/wp-content\/uploads\/2021\/07\/taller_300x166-60x60.jpg 60w\" sizes=\"(max-width: 150px) 100vw, 150px\" \/><\/a>\n\t\t\t<\/div><\/figure>\n\t\t<\/div>\n\n<div class='epvc-post-count'><span class='epvc-eye'><\/span>  <span class=\"epvc-count\"> 1.316<\/span><span class='epvc-label'> veces le\u00edda<\/span><\/div>\n<div class=\"jwsharethis\">\nShare this: \n<br \/>\n<a href=\"mailto:?subject=Mandan%20el%20%C2%ABLobo%C2%BB%20y%20%C2%ABLa%20Lepra%C2%BB&amp;body=https%3A%2F%2Flabestiadeportiva.com%2Flbd%2Fmandan-el-lobo-y-la-lepra%2F\">\n<img src=\"https:\/\/labestiadeportiva.com\/lbd\/wp-content\/plugins\/jw-share-this\/email.png\" alt=\"Share this page via Email\" \/>\n<\/a>\n<a target=\"_blank\" href=\"http:\/\/www.stumbleupon.com\/submit?url=https%3A%2F%2Flabestiadeportiva.com%2Flbd%2Fmandan-el-lobo-y-la-lepra%2F&amp;title=Mandan+el+%C2%ABLobo%C2%BB+y+%C2%ABLa+Lepra%C2%BB\">\n<img src=\"https:\/\/labestiadeportiva.com\/lbd\/wp-content\/plugins\/jw-share-this\/su.png\" alt=\"Share this page via Stumble Upon\" \/>\n<\/a>\n<a target=\"_blank\" href=\"http:\/\/digg.com\/submit?url=https%3A%2F%2Flabestiadeportiva.com%2Flbd%2Fmandan-el-lobo-y-la-lepra%2F&amp;title=Mandan+el+%C2%ABLobo%C2%BB+y+%C2%ABLa+Lepra%C2%BB\">\n<img src=\"https:\/\/labestiadeportiva.com\/lbd\/wp-content\/plugins\/jw-share-this\/digg.png\" alt=\"Share this page via Digg this\" \/>\n<\/a>\n<a target=\"_blank\" href=\"http:\/\/www.facebook.com\/sharer.php?u=https%3A%2F%2Flabestiadeportiva.com%2Flbd%2Fmandan-el-lobo-y-la-lepra%2F&amp;t=Mandan+el+%C2%ABLobo%C2%BB+y+%C2%ABLa+Lepra%C2%BB\">\n<img src=\"https:\/\/labestiadeportiva.com\/lbd\/wp-content\/plugins\/jw-share-this\/fb.png\" alt=\"Share this page via Facebook\" \/>\n<\/a>\n<a target=\"_blank\" href=\"http:\/\/twitter.com\/intent\/tweet?text=I+like+https%3A%2F%2Flabestiadeportiva.com%2Flbd%2Fmandan-el-lobo-y-la-lepra%2F&amp;title=Mandan+el+%C2%ABLobo%C2%BB+y+%C2%ABLa+Lepra%C2%BB\">\n<img src=\"https:\/\/labestiadeportiva.com\/lbd\/wp-content\/plugins\/jw-share-this\/twitter.png\" alt=\"Share this page via Twitter\" \/>\n<\/a>\n<\/div>\n","protected":false},"excerpt":{"rendered":"<p>Por Javier Nicol\u00e1s Baroli (Corresponsal LBD en R\u00edo Gallegos) Pas\u00f3 la sexta fecha del f\u00fatbol Argentino con la grata sorpresa de ver equipos \u00abnuevos\u00bb en la cima del certamen despojando a los denominados grandes. GELP y Newell&#8217;s lideran con 14 unidades. 1.316 veces le\u00edda Share this:<\/p>\n","protected":false},"author":1,"featured_media":0,"comment_status":"open","ping_status":"open","sticky":false,"template":"","format":"standard","meta":[],"categories":[6,1987,4817,1],"tags":[1012,17,3894,3660],"_links":{"self":[{"href":"https:\/\/labestiadeportiva.com\/lbd\/wp-json\/wp\/v2\/posts\/42144"}],"collection":[{"href":"https:\/\/labestiadeportiva.com\/lbd\/wp-json\/wp\/v2\/posts"}],"about":[{"href":"https:\/\/labestiadeportiva.com\/lbd\/wp-json\/wp\/v2\/types\/post"}],"author":[{"embeddable":true,"href":"https:\/\/labestiadeportiva.com\/lbd\/wp-json\/wp\/v2\/users\/1"}],"replies":[{"embeddable":true,"href":"https:\/\/labestiadeportiva.com\/lbd\/wp-json\/wp\/v2\/comments?post=42144"}],"version-history":[{"count":6,"href":"https:\/\/labestiadeportiva.com\/lbd\/wp-json\/wp\/v2\/posts\/42144\/revisions"}],"predecessor-version":[{"id":42228,"href":"https:\/\/labestiadeportiva.com\/lbd\/wp-json\/wp\/v2\/posts\/42144\/revisions\/42228"}],"wp:attachment":[{"href":"https:\/\/labestiadeportiva.com\/lbd\/wp-json\/wp\/v2\/media?parent=42144"}],"wp:term":[{"taxonomy":"category","embeddable":true,"href":"https:\/\/labestiadeportiva.com\/lbd\/wp-json\/wp\/v2\/categories?post=42144"},{"taxonomy":"post_tag","embeddable":true,"href":"https:\/\/labestiadeportiva.com\/lbd\/wp-json\/wp\/v2\/tags?post=42144"}],"curies":[{"name":"wp","href":"https:\/\/api.w.org\/{rel}","templated":true}]}}