{"id":42158,"date":"2022-07-07T11:07:13","date_gmt":"2022-07-07T14:07:13","guid":{"rendered":"http:\/\/labestiadeportiva.com\/lbd\/?p=42158"},"modified":"2022-07-08T18:23:32","modified_gmt":"2022-07-08T21:23:32","slug":"la-caida-de-los-grandes-de-argentina","status":"publish","type":"post","link":"https:\/\/labestiadeportiva.com\/lbd\/la-caida-de-los-grandes-de-argentina\/","title":{"rendered":"La ca\u00edda de los \u00abGrandes\u00bb de Argentina"},"content":{"rendered":"<p>Por Javier Nicol\u00e1s Baroli (Corresponsal LBD en R\u00edo Gallegos)<\/p>\n<p><a href=\"http:\/\/labestiadeportiva.com\/lbd\/wp-content\/uploads\/2022\/07\/20220707_111156-COLLAGE.jpg\"><img loading=\"lazy\" src=\"http:\/\/labestiadeportiva.com\/lbd\/wp-content\/uploads\/2022\/07\/20220707_111156-COLLAGE-300x300.jpg\" alt=\"20220707_111156-COLLAGE\" width=\"300\" height=\"300\" class=\"aligncenter size-medium wp-image-42160\" srcset=\"https:\/\/labestiadeportiva.com\/lbd\/wp-content\/uploads\/2022\/07\/20220707_111156-COLLAGE-300x300.jpg 300w, https:\/\/labestiadeportiva.com\/lbd\/wp-content\/uploads\/2022\/07\/20220707_111156-COLLAGE-150x150.jpg 150w, https:\/\/labestiadeportiva.com\/lbd\/wp-content\/uploads\/2022\/07\/20220707_111156-COLLAGE.jpg 1024w, https:\/\/labestiadeportiva.com\/lbd\/wp-content\/uploads\/2022\/07\/20220707_111156-COLLAGE-640x640.jpg 640w\" sizes=\"(max-width: 300px) 100vw, 300px\" \/><\/a><br \/>\nEn menos de 24 horas, Boca y River quedaron afuera de la Copa Libertadores de Am\u00e9rica, generando una verdadera conmoci\u00f3n en el f\u00fatbol del continente. A tal punto que Sebasti\u00e1n Battaglia su separado de su cargo por el Consejo de F\u00fatbol Boquense. El an\u00e1lisis en LBD.<!--more--><\/p>\n<p>Pasaron horas para ver una marea de hinchas de Boca y de River peregrinar por las calles de la \u00abBombonera\u00bb y del \u00abMonumental\u00bb, lamentando la eliminaci\u00f3n de los dos equipos m\u00e1s populares de nuestro pa\u00eds. Y genera sorpresa porque siempre son candidatos. Pero la realidad manda y ambos elencos quedaron en el camino.<\/p>\n<p>La ca\u00edda de Boca fue incre\u00edble. El empate en Brasil le daba perspectiva y esperanza al hincha \u00abXeneize\u00bb. Sin embargo la falta de claridad en ofensiva y de ideas, llevaron el partido hasta lo penales. <\/p>\n<p>All\u00ed resurgi\u00f3 la figura de Rossi, pero los pateadores no le dieron la mano que el arquero necesitaba. Villa y Benedetto erraron los suyos y Corinthians pas\u00f3 a cuartos.<\/p>\n<p>River ten\u00eda que revertir el 0 &#8211; 1 de Liniers. La esperanza y la serie estaban intactas. Sin embargo, un nuevo planteo t\u00e1ctico brillante del \u00abCacique\u00bb Medina le fue cerrando los caminos al \u00abMillonario\u00bb para dejar el marcador en cero. <\/p>\n<p>La pol\u00e9mica de la noche estuvo en la \u00abmano\u00bb de Su\u00e1rez que a instancia del VAR termin\u00f3 anulando lo que hubiera sido el empate y la serie de penales. V\u00e9lez escribi\u00f3 una p\u00e1gina gloriosa en su historia y enfrentar\u00e1 a Talleres de C\u00f3rdoba que dej\u00f3 en el camino a Col\u00f3n de Santa Fe en el \u00abCementerio de los Elefantes\u00bb.<\/p>\n<p>C\u00f3mo viene sucediendo en las \u00faltimas ediciones los equipos brasile\u00f1os son favoritos con Palmeiras y Flamengo c\u00f3mo m\u00e1ximos estandartes.<br \/>\n<a href=\"http:\/\/labestiadeportiva.com\/lbd\/wp-content\/uploads\/2022\/07\/bannerauspicia.jpg\"><img loading=\"lazy\" src=\"http:\/\/labestiadeportiva.com\/lbd\/wp-content\/uploads\/2022\/07\/bannerauspicia-300x84.jpg\" alt=\"bannerauspicia\" width=\"300\" height=\"84\" class=\"aligncenter size-medium wp-image-42120\" srcset=\"https:\/\/labestiadeportiva.com\/lbd\/wp-content\/uploads\/2022\/07\/bannerauspicia-300x84.jpg 300w, https:\/\/labestiadeportiva.com\/lbd\/wp-content\/uploads\/2022\/07\/bannerauspicia.jpg 600w\" sizes=\"(max-width: 300px) 100vw, 300px\" \/><\/a><\/p>\n<div id='gallery-1' class='gallery galleryid-42158 gallery-columns-3 gallery-size-thumbnail'><figure class='gallery-item'>\n\t\t\t<div class='gallery-icon landscape'>\n\t\t\t\t<a href='https:\/\/labestiadeportiva.com\/lbd\/activeush\/'><img width=\"150\" height=\"150\" src=\"https:\/\/labestiadeportiva.com\/lbd\/wp-content\/uploads\/2022\/05\/activeush-150x150.gif\" class=\"attachment-thumbnail size-thumbnail\" alt=\"\" loading=\"lazy\" srcset=\"https:\/\/labestiadeportiva.com\/lbd\/wp-content\/uploads\/2022\/05\/activeush-150x150.gif 150w, https:\/\/labestiadeportiva.com\/lbd\/wp-content\/uploads\/2022\/05\/activeush-300x300.gif 300w\" sizes=\"(max-width: 150px) 100vw, 150px\" \/><\/a>\n\t\t\t<\/div><\/figure><figure class='gallery-item'>\n\t\t\t<div class='gallery-icon landscape'>\n\t\t\t\t<a href='https:\/\/labestiadeportiva.com\/lbd\/estamos-terminando-el-motor-y-chasis-vamos-a-viajar-de-noche-para-hacer-las-pruebas-libres-el-sabado-a-la-manana-audio\/bannercerro300x250\/'><img width=\"150\" height=\"150\" src=\"https:\/\/labestiadeportiva.com\/lbd\/wp-content\/uploads\/2021\/12\/bannercerro300x250-150x150.gif\" class=\"attachment-thumbnail size-thumbnail\" alt=\"\" loading=\"lazy\" \/><\/a>\n\t\t\t<\/div><\/figure><figure class='gallery-item'>\n\t\t\t<div class='gallery-icon landscape'>\n\t\t\t\t<a href='https:\/\/labestiadeportiva.com\/lbd\/popper_nov21\/'><img width=\"150\" height=\"150\" src=\"https:\/\/labestiadeportiva.com\/lbd\/wp-content\/uploads\/2021\/11\/POPPER_NOV21-150x150.gif\" class=\"attachment-thumbnail size-thumbnail\" alt=\"\" loading=\"lazy\" \/><\/a>\n\t\t\t<\/div><\/figure>\n\t\t<\/div>\n\n<div class='epvc-post-count'><span class='epvc-eye'><\/span>  <span class=\"epvc-count\"> 1.237<\/span><span class='epvc-label'> veces le\u00edda<\/span><\/div>\n<div class=\"jwsharethis\">\nShare this: \n<br \/>\n<a href=\"mailto:?subject=La%20ca%C3%ADda%20de%20los%20%C2%ABGrandes%C2%BB%20de%20Argentina&amp;body=https%3A%2F%2Flabestiadeportiva.com%2Flbd%2Fla-caida-de-los-grandes-de-argentina%2F\">\n<img src=\"https:\/\/labestiadeportiva.com\/lbd\/wp-content\/plugins\/jw-share-this\/email.png\" alt=\"Share this page via Email\" \/>\n<\/a>\n<a target=\"_blank\" href=\"http:\/\/www.stumbleupon.com\/submit?url=https%3A%2F%2Flabestiadeportiva.com%2Flbd%2Fla-caida-de-los-grandes-de-argentina%2F&amp;title=La+ca%C3%ADda+de+los+%C2%ABGrandes%C2%BB+de+Argentina\">\n<img src=\"https:\/\/labestiadeportiva.com\/lbd\/wp-content\/plugins\/jw-share-this\/su.png\" alt=\"Share this page via Stumble Upon\" \/>\n<\/a>\n<a target=\"_blank\" href=\"http:\/\/digg.com\/submit?url=https%3A%2F%2Flabestiadeportiva.com%2Flbd%2Fla-caida-de-los-grandes-de-argentina%2F&amp;title=La+ca%C3%ADda+de+los+%C2%ABGrandes%C2%BB+de+Argentina\">\n<img src=\"https:\/\/labestiadeportiva.com\/lbd\/wp-content\/plugins\/jw-share-this\/digg.png\" alt=\"Share this page via Digg this\" \/>\n<\/a>\n<a target=\"_blank\" href=\"http:\/\/www.facebook.com\/sharer.php?u=https%3A%2F%2Flabestiadeportiva.com%2Flbd%2Fla-caida-de-los-grandes-de-argentina%2F&amp;t=La+ca%C3%ADda+de+los+%C2%ABGrandes%C2%BB+de+Argentina\">\n<img src=\"https:\/\/labestiadeportiva.com\/lbd\/wp-content\/plugins\/jw-share-this\/fb.png\" alt=\"Share this page via Facebook\" \/>\n<\/a>\n<a target=\"_blank\" href=\"http:\/\/twitter.com\/intent\/tweet?text=I+like+https%3A%2F%2Flabestiadeportiva.com%2Flbd%2Fla-caida-de-los-grandes-de-argentina%2F&amp;title=La+ca%C3%ADda+de+los+%C2%ABGrandes%C2%BB+de+Argentina\">\n<img src=\"https:\/\/labestiadeportiva.com\/lbd\/wp-content\/plugins\/jw-share-this\/twitter.png\" alt=\"Share this page via Twitter\" \/>\n<\/a>\n<\/div>\n","protected":false},"excerpt":{"rendered":"<p>Por Javier Nicol\u00e1s Baroli (Corresponsal LBD en R\u00edo Gallegos) En menos de 24 horas, Boca y River quedaron afuera de la Copa Libertadores de Am\u00e9rica, generando una verdadera conmoci\u00f3n en el f\u00fatbol del continente. A tal punto que Sebasti\u00e1n Battaglia su separado de su cargo por el Consejo de F\u00fatbol Boquense. El an\u00e1lisis en LBD. &hellip; <a href=\"https:\/\/labestiadeportiva.com\/lbd\/la-caida-de-los-grandes-de-argentina\/\" class=\"more-link\">Seguir leyendo <span class=\"screen-reader-text\">La ca\u00edda de los \u00abGrandes\u00bb de Argentina<\/span> <span class=\"meta-nav\">&rarr;<\/span><\/a><\/p>\n","protected":false},"author":1,"featured_media":0,"comment_status":"open","ping_status":"open","sticky":false,"template":"","format":"standard","meta":[],"categories":[4,2292,1],"tags":[465,4830,3660,569],"_links":{"self":[{"href":"https:\/\/labestiadeportiva.com\/lbd\/wp-json\/wp\/v2\/posts\/42158"}],"collection":[{"href":"https:\/\/labestiadeportiva.com\/lbd\/wp-json\/wp\/v2\/posts"}],"about":[{"href":"https:\/\/labestiadeportiva.com\/lbd\/wp-json\/wp\/v2\/types\/post"}],"author":[{"embeddable":true,"href":"https:\/\/labestiadeportiva.com\/lbd\/wp-json\/wp\/v2\/users\/1"}],"replies":[{"embeddable":true,"href":"https:\/\/labestiadeportiva.com\/lbd\/wp-json\/wp\/v2\/comments?post=42158"}],"version-history":[{"count":5,"href":"https:\/\/labestiadeportiva.com\/lbd\/wp-json\/wp\/v2\/posts\/42158\/revisions"}],"predecessor-version":[{"id":42184,"href":"https:\/\/labestiadeportiva.com\/lbd\/wp-json\/wp\/v2\/posts\/42158\/revisions\/42184"}],"wp:attachment":[{"href":"https:\/\/labestiadeportiva.com\/lbd\/wp-json\/wp\/v2\/media?parent=42158"}],"wp:term":[{"taxonomy":"category","embeddable":true,"href":"https:\/\/labestiadeportiva.com\/lbd\/wp-json\/wp\/v2\/categories?post=42158"},{"taxonomy":"post_tag","embeddable":true,"href":"https:\/\/labestiadeportiva.com\/lbd\/wp-json\/wp\/v2\/tags?post=42158"}],"curies":[{"name":"wp","href":"https:\/\/api.w.org\/{rel}","templated":true}]}}