{"id":42304,"date":"2022-07-22T18:09:32","date_gmt":"2022-07-22T21:09:32","guid":{"rendered":"http:\/\/labestiadeportiva.com\/lbd\/?p=42304"},"modified":"2022-07-22T18:50:52","modified_gmt":"2022-07-22T21:50:52","slug":"conejo-a-la-italiana-audio","status":"publish","type":"post","link":"https:\/\/labestiadeportiva.com\/lbd\/conejo-a-la-italiana-audio\/","title":{"rendered":"\u00abConejo\u00bb a la italiana (Audio)"},"content":{"rendered":"<p><a href=\"http:\/\/labestiadeportiva.com\/lbd\/wp-content\/uploads\/2022\/07\/WhatsApp-Image-2020-10-15-at-19.39.01-1024x682.jpeg\"><img loading=\"lazy\" src=\"http:\/\/labestiadeportiva.com\/lbd\/wp-content\/uploads\/2022\/07\/WhatsApp-Image-2020-10-15-at-19.39.01-1024x682-300x200.jpeg\" alt=\"WhatsApp-Image-2020-10-15-at-19.39.01-1024x682\" width=\"300\" height=\"200\" class=\"aligncenter size-medium wp-image-42311\" srcset=\"https:\/\/labestiadeportiva.com\/lbd\/wp-content\/uploads\/2022\/07\/WhatsApp-Image-2020-10-15-at-19.39.01-1024x682-300x200.jpeg 300w, https:\/\/labestiadeportiva.com\/lbd\/wp-content\/uploads\/2022\/07\/WhatsApp-Image-2020-10-15-at-19.39.01-1024x682.jpeg 1024w, https:\/\/labestiadeportiva.com\/lbd\/wp-content\/uploads\/2022\/07\/WhatsApp-Image-2020-10-15-at-19.39.01-1024x682-640x426.jpeg 640w\" sizes=\"(max-width: 300px) 100vw, 300px\" \/><\/a><br \/>\nEl p\u00edvot riograndense Pablo \u00abConejo\u00bb Vidal realizar\u00e1 su segunda incursi\u00f3n europea. Ser\u00e1 en el L84 de Volpiano, Tur\u00edn. <\/p>\n<p>El actual jugador de Boca Junior partir\u00e1 al viejo continente a mediados del pr\u00f3ximo mes luego de jugar la Copa de Oro con el \u00abXenieze\u00bb en Mar del Plata.<\/p>\n<p>Desde LBD nos comunicamos con el crack salonero en busca de detalles. Compartimos la entrevista lograda este viernes en la 99.9 Radio Provincia.<!--more--><\/p>\n<p><iframe loading=\"lazy\" width=\"560\" height=\"315\" src=\"https:\/\/www.youtube.com\/embed\/Oq5EUntl8kM\" title=\"YouTube video player\" frameborder=\"0\" allow=\"accelerometer; autoplay; clipboard-write; encrypted-media; gyroscope; picture-in-picture\" allowfullscreen><\/iframe><\/p>\n<p><a href=\"http:\/\/labestiadeportiva.com\/lbd\/wp-content\/uploads\/2022\/07\/bannerauspicia.jpg\"><img loading=\"lazy\" src=\"http:\/\/labestiadeportiva.com\/lbd\/wp-content\/uploads\/2022\/07\/bannerauspicia-300x84.jpg\" alt=\"bannerauspicia\" width=\"300\" height=\"84\" class=\"aligncenter size-medium wp-image-42120\" srcset=\"https:\/\/labestiadeportiva.com\/lbd\/wp-content\/uploads\/2022\/07\/bannerauspicia-300x84.jpg 300w, https:\/\/labestiadeportiva.com\/lbd\/wp-content\/uploads\/2022\/07\/bannerauspicia.jpg 600w\" sizes=\"(max-width: 300px) 100vw, 300px\" \/><\/a><\/p>\n<div id='gallery-1' class='gallery galleryid-42304 gallery-columns-3 gallery-size-thumbnail'><figure class='gallery-item'>\n\t\t\t<div class='gallery-icon portrait'>\n\t\t\t\t<a href='https:\/\/labestiadeportiva.com\/lbd\/ley-1355-300x360\/'><img width=\"150\" height=\"150\" src=\"https:\/\/labestiadeportiva.com\/lbd\/wp-content\/uploads\/2022\/06\/Ley-1355-300x360-150x150.jpg\" class=\"attachment-thumbnail size-thumbnail\" alt=\"\" loading=\"lazy\" \/><\/a>\n\t\t\t<\/div><\/figure><figure class='gallery-item'>\n\t\t\t<div class='gallery-icon landscape'>\n\t\t\t\t<a href='https:\/\/labestiadeportiva.com\/lbd\/banner-jeremy-gif\/'><img width=\"150\" height=\"150\" src=\"https:\/\/labestiadeportiva.com\/lbd\/wp-content\/uploads\/2022\/06\/banner-jeremy-gif-150x150.gif\" class=\"attachment-thumbnail size-thumbnail\" alt=\"\" loading=\"lazy\" \/><\/a>\n\t\t\t<\/div><\/figure><figure class='gallery-item'>\n\t\t\t<div class='gallery-icon landscape'>\n\t\t\t\t<a href='https:\/\/labestiadeportiva.com\/lbd\/camionerosgif2\/'><img width=\"150\" height=\"150\" src=\"https:\/\/labestiadeportiva.com\/lbd\/wp-content\/uploads\/2022\/06\/CAMIONEROSGIF2-150x150.gif\" class=\"attachment-thumbnail size-thumbnail\" alt=\"\" loading=\"lazy\" srcset=\"https:\/\/labestiadeportiva.com\/lbd\/wp-content\/uploads\/2022\/06\/CAMIONEROSGIF2-150x150.gif 150w, https:\/\/labestiadeportiva.com\/lbd\/wp-content\/uploads\/2022\/06\/CAMIONEROSGIF2-300x300.gif 300w\" sizes=\"(max-width: 150px) 100vw, 150px\" \/><\/a>\n\t\t\t<\/div><\/figure>\n\t\t<\/div>\n\n<div class='epvc-post-count'><span class='epvc-eye'><\/span>  <span class=\"epvc-count\"> 1.193<\/span><span class='epvc-label'> veces le\u00edda<\/span><\/div>\n<div class=\"jwsharethis\">\nShare this: \n<br \/>\n<a href=\"mailto:?subject=%C2%ABConejo%C2%BB%20a%20la%20italiana%20%28Audio%29&amp;body=https%3A%2F%2Flabestiadeportiva.com%2Flbd%2Fconejo-a-la-italiana-audio%2F\">\n<img src=\"https:\/\/labestiadeportiva.com\/lbd\/wp-content\/plugins\/jw-share-this\/email.png\" alt=\"Share this page via Email\" \/>\n<\/a>\n<a target=\"_blank\" href=\"http:\/\/www.stumbleupon.com\/submit?url=https%3A%2F%2Flabestiadeportiva.com%2Flbd%2Fconejo-a-la-italiana-audio%2F&amp;title=%C2%ABConejo%C2%BB+a+la+italiana+%28Audio%29\">\n<img src=\"https:\/\/labestiadeportiva.com\/lbd\/wp-content\/plugins\/jw-share-this\/su.png\" alt=\"Share this page via Stumble Upon\" \/>\n<\/a>\n<a target=\"_blank\" href=\"http:\/\/digg.com\/submit?url=https%3A%2F%2Flabestiadeportiva.com%2Flbd%2Fconejo-a-la-italiana-audio%2F&amp;title=%C2%ABConejo%C2%BB+a+la+italiana+%28Audio%29\">\n<img src=\"https:\/\/labestiadeportiva.com\/lbd\/wp-content\/plugins\/jw-share-this\/digg.png\" alt=\"Share this page via Digg this\" \/>\n<\/a>\n<a target=\"_blank\" href=\"http:\/\/www.facebook.com\/sharer.php?u=https%3A%2F%2Flabestiadeportiva.com%2Flbd%2Fconejo-a-la-italiana-audio%2F&amp;t=%C2%ABConejo%C2%BB+a+la+italiana+%28Audio%29\">\n<img src=\"https:\/\/labestiadeportiva.com\/lbd\/wp-content\/plugins\/jw-share-this\/fb.png\" alt=\"Share this page via Facebook\" \/>\n<\/a>\n<a target=\"_blank\" href=\"http:\/\/twitter.com\/intent\/tweet?text=I+like+https%3A%2F%2Flabestiadeportiva.com%2Flbd%2Fconejo-a-la-italiana-audio%2F&amp;title=%C2%ABConejo%C2%BB+a+la+italiana+%28Audio%29\">\n<img src=\"https:\/\/labestiadeportiva.com\/lbd\/wp-content\/plugins\/jw-share-this\/twitter.png\" alt=\"Share this page via Twitter\" \/>\n<\/a>\n<\/div>\n","protected":false},"excerpt":{"rendered":"<p>El p\u00edvot riograndense Pablo \u00abConejo\u00bb Vidal realizar\u00e1 su segunda incursi\u00f3n europea. Ser\u00e1 en el L84 de Volpiano, Tur\u00edn. El actual jugador de Boca Junior partir\u00e1 al viejo continente a mediados del pr\u00f3ximo mes luego de jugar la Copa de Oro con el \u00abXenieze\u00bb en Mar del Plata. Desde LBD nos comunicamos con el crack salonero &hellip; <a href=\"https:\/\/labestiadeportiva.com\/lbd\/conejo-a-la-italiana-audio\/\" class=\"more-link\">Seguir leyendo <span class=\"screen-reader-text\">\u00abConejo\u00bb a la italiana (Audio)<\/span> <span class=\"meta-nav\">&rarr;<\/span><\/a><\/p>\n","protected":false},"author":1,"featured_media":0,"comment_status":"open","ping_status":"open","sticky":false,"template":"","format":"standard","meta":[],"categories":[5,4,6,60,2343,1],"tags":[4838,1953,3660,3746],"_links":{"self":[{"href":"https:\/\/labestiadeportiva.com\/lbd\/wp-json\/wp\/v2\/posts\/42304"}],"collection":[{"href":"https:\/\/labestiadeportiva.com\/lbd\/wp-json\/wp\/v2\/posts"}],"about":[{"href":"https:\/\/labestiadeportiva.com\/lbd\/wp-json\/wp\/v2\/types\/post"}],"author":[{"embeddable":true,"href":"https:\/\/labestiadeportiva.com\/lbd\/wp-json\/wp\/v2\/users\/1"}],"replies":[{"embeddable":true,"href":"https:\/\/labestiadeportiva.com\/lbd\/wp-json\/wp\/v2\/comments?post=42304"}],"version-history":[{"count":5,"href":"https:\/\/labestiadeportiva.com\/lbd\/wp-json\/wp\/v2\/posts\/42304\/revisions"}],"predecessor-version":[{"id":42313,"href":"https:\/\/labestiadeportiva.com\/lbd\/wp-json\/wp\/v2\/posts\/42304\/revisions\/42313"}],"wp:attachment":[{"href":"https:\/\/labestiadeportiva.com\/lbd\/wp-json\/wp\/v2\/media?parent=42304"}],"wp:term":[{"taxonomy":"category","embeddable":true,"href":"https:\/\/labestiadeportiva.com\/lbd\/wp-json\/wp\/v2\/categories?post=42304"},{"taxonomy":"post_tag","embeddable":true,"href":"https:\/\/labestiadeportiva.com\/lbd\/wp-json\/wp\/v2\/tags?post=42304"}],"curies":[{"name":"wp","href":"https:\/\/api.w.org\/{rel}","templated":true}]}}