{"id":42356,"date":"2022-07-28T21:18:37","date_gmt":"2022-07-29T00:18:37","guid":{"rendered":"http:\/\/labestiadeportiva.com\/lbd\/?p=42356"},"modified":"2022-07-28T21:50:08","modified_gmt":"2022-07-29T00:50:08","slug":"regresa-el-campeonato-fueguino-a-la-montana-audio","status":"publish","type":"post","link":"https:\/\/labestiadeportiva.com\/lbd\/regresa-el-campeonato-fueguino-a-la-montana-audio\/","title":{"rendered":"Regresa el Campeonato Fueguino a la monta\u00f1a (Audio)"},"content":{"rendered":"<div class=\"wp-block-image\">\n<figure class=\"aligncenter size-large is-resized\"><a href=\"http:\/\/labestiadeportiva.com\/lbd\/wp-content\/uploads\/2022\/07\/2d732289-dfd0-4be4-8456-7101c5d3f54d.jpg\"><img loading=\"lazy\" src=\"http:\/\/labestiadeportiva.com\/lbd\/wp-content\/uploads\/2022\/07\/2d732289-dfd0-4be4-8456-7101c5d3f54d-edited-1.jpg\" alt=\"\" class=\"wp-image-42359\" width=\"724\" height=\"464\"\/><\/a><\/figure><\/div>\n\n\n<p>La Subcomisi\u00f3n de Esqu\u00ed Alpino del CAU realizar\u00e1 este domingo a media ma\u00f1ana en Cerro Castor la primera fecha de la competencia invernal.<\/p>\n\n\n\n<p>En busca de detalles entrevistamos a la formadora Victoria \u00abVicky\u00bb Funes.<\/p>\n\n\n\n<!--more-->\n\n\n\n<p>Compartimos la entrevista lograda este mi\u00e9rcoles en la 94.1 FM del Sur.<\/p>\n\n\n\n<figure class=\"wp-block-embed is-type-video is-provider-youtube wp-block-embed-youtube wp-embed-aspect-4-3 wp-has-aspect-ratio\"><div class=\"wp-block-embed__wrapper\">\n<iframe loading=\"lazy\" title=\"Audio Victoria &quot;Vicky&quot; Funes\" width=\"474\" height=\"356\" src=\"https:\/\/www.youtube.com\/embed\/_KrV42cvygY?feature=oembed\" frameborder=\"0\" allow=\"accelerometer; autoplay; clipboard-write; encrypted-media; gyroscope; picture-in-picture\" allowfullscreen title=\"Audio Victoria \"Vicky\" Funes\"><\/iframe>\n<\/div><\/figure>\n\n\n<div class=\"wp-block-image\">\n<figure class=\"aligncenter size-large is-resized\"><a href=\"http:\/\/labestiadeportiva.com\/lbd\/wp-content\/uploads\/2022\/07\/faf0623c-bdcb-4792-a75a-05eecfc041fd-1.jpg\"><img loading=\"lazy\" src=\"http:\/\/labestiadeportiva.com\/lbd\/wp-content\/uploads\/2022\/07\/faf0623c-bdcb-4792-a75a-05eecfc041fd-1-699x1024.jpg\" alt=\"\" class=\"wp-image-42364\" width=\"410\" height=\"600\" srcset=\"https:\/\/labestiadeportiva.com\/lbd\/wp-content\/uploads\/2022\/07\/faf0623c-bdcb-4792-a75a-05eecfc041fd-1-699x1024.jpg 699w, https:\/\/labestiadeportiva.com\/lbd\/wp-content\/uploads\/2022\/07\/faf0623c-bdcb-4792-a75a-05eecfc041fd-1-205x300.jpg 205w, https:\/\/labestiadeportiva.com\/lbd\/wp-content\/uploads\/2022\/07\/faf0623c-bdcb-4792-a75a-05eecfc041fd-1-640x937.jpg 640w, https:\/\/labestiadeportiva.com\/lbd\/wp-content\/uploads\/2022\/07\/faf0623c-bdcb-4792-a75a-05eecfc041fd-1.jpg 732w\" sizes=\"(max-width: 410px) 100vw, 410px\" \/><\/a><\/figure><\/div><div class='epvc-post-count'><span class='epvc-eye'><\/span>  <span class=\"epvc-count\"> 1.112<\/span><span class='epvc-label'> veces le\u00edda<\/span><\/div>\n<div class=\"jwsharethis\">\nShare this: \n<br \/>\n<a href=\"mailto:?subject=Regresa%20el%20Campeonato%20Fueguino%20a%20la%20monta%C3%B1a%20%28Audio%29&amp;body=https%3A%2F%2Flabestiadeportiva.com%2Flbd%2Fregresa-el-campeonato-fueguino-a-la-montana-audio%2F\">\n<img src=\"https:\/\/labestiadeportiva.com\/lbd\/wp-content\/plugins\/jw-share-this\/email.png\" alt=\"Share this page via Email\" \/>\n<\/a>\n<a target=\"_blank\" href=\"http:\/\/www.stumbleupon.com\/submit?url=https%3A%2F%2Flabestiadeportiva.com%2Flbd%2Fregresa-el-campeonato-fueguino-a-la-montana-audio%2F&amp;title=Regresa+el+Campeonato+Fueguino+a+la+monta%C3%B1a+%28Audio%29\">\n<img src=\"https:\/\/labestiadeportiva.com\/lbd\/wp-content\/plugins\/jw-share-this\/su.png\" alt=\"Share this page via Stumble Upon\" \/>\n<\/a>\n<a target=\"_blank\" href=\"http:\/\/digg.com\/submit?url=https%3A%2F%2Flabestiadeportiva.com%2Flbd%2Fregresa-el-campeonato-fueguino-a-la-montana-audio%2F&amp;title=Regresa+el+Campeonato+Fueguino+a+la+monta%C3%B1a+%28Audio%29\">\n<img src=\"https:\/\/labestiadeportiva.com\/lbd\/wp-content\/plugins\/jw-share-this\/digg.png\" alt=\"Share this page via Digg this\" \/>\n<\/a>\n<a target=\"_blank\" href=\"http:\/\/www.facebook.com\/sharer.php?u=https%3A%2F%2Flabestiadeportiva.com%2Flbd%2Fregresa-el-campeonato-fueguino-a-la-montana-audio%2F&amp;t=Regresa+el+Campeonato+Fueguino+a+la+monta%C3%B1a+%28Audio%29\">\n<img src=\"https:\/\/labestiadeportiva.com\/lbd\/wp-content\/plugins\/jw-share-this\/fb.png\" alt=\"Share this page via Facebook\" \/>\n<\/a>\n<a target=\"_blank\" href=\"http:\/\/twitter.com\/intent\/tweet?text=I+like+https%3A%2F%2Flabestiadeportiva.com%2Flbd%2Fregresa-el-campeonato-fueguino-a-la-montana-audio%2F&amp;title=Regresa+el+Campeonato+Fueguino+a+la+monta%C3%B1a+%28Audio%29\">\n<img src=\"https:\/\/labestiadeportiva.com\/lbd\/wp-content\/plugins\/jw-share-this\/twitter.png\" alt=\"Share this page via Twitter\" \/>\n<\/a>\n<\/div>\n","protected":false},"excerpt":{"rendered":"<p>La Subcomisi\u00f3n de Esqu\u00ed Alpino del CAU realizar\u00e1 este domingo a media ma\u00f1ana en Cerro Castor la primera fecha de la competencia invernal. En busca de detalles entrevistamos a la formadora Victoria \u00abVicky\u00bb Funes. 1.112 veces le\u00edda Share this:<\/p>\n","protected":false},"author":1,"featured_media":0,"comment_status":"open","ping_status":"open","sticky":false,"template":"","format":"standard","meta":[],"categories":[41,60,3944,1],"tags":[],"_links":{"self":[{"href":"https:\/\/labestiadeportiva.com\/lbd\/wp-json\/wp\/v2\/posts\/42356"}],"collection":[{"href":"https:\/\/labestiadeportiva.com\/lbd\/wp-json\/wp\/v2\/posts"}],"about":[{"href":"https:\/\/labestiadeportiva.com\/lbd\/wp-json\/wp\/v2\/types\/post"}],"author":[{"embeddable":true,"href":"https:\/\/labestiadeportiva.com\/lbd\/wp-json\/wp\/v2\/users\/1"}],"replies":[{"embeddable":true,"href":"https:\/\/labestiadeportiva.com\/lbd\/wp-json\/wp\/v2\/comments?post=42356"}],"version-history":[{"count":3,"href":"https:\/\/labestiadeportiva.com\/lbd\/wp-json\/wp\/v2\/posts\/42356\/revisions"}],"predecessor-version":[{"id":42375,"href":"https:\/\/labestiadeportiva.com\/lbd\/wp-json\/wp\/v2\/posts\/42356\/revisions\/42375"}],"wp:attachment":[{"href":"https:\/\/labestiadeportiva.com\/lbd\/wp-json\/wp\/v2\/media?parent=42356"}],"wp:term":[{"taxonomy":"category","embeddable":true,"href":"https:\/\/labestiadeportiva.com\/lbd\/wp-json\/wp\/v2\/categories?post=42356"},{"taxonomy":"post_tag","embeddable":true,"href":"https:\/\/labestiadeportiva.com\/lbd\/wp-json\/wp\/v2\/tags?post=42356"}],"curies":[{"name":"wp","href":"https:\/\/api.w.org\/{rel}","templated":true}]}}