{"id":42544,"date":"2022-08-16T18:34:01","date_gmt":"2022-08-16T21:34:01","guid":{"rendered":"http:\/\/labestiadeportiva.com\/lbd\/?p=42544"},"modified":"2022-08-16T18:58:23","modified_gmt":"2022-08-16T21:58:23","slug":"cafure-a-la-serie-2-italiana-audio","status":"publish","type":"post","link":"https:\/\/labestiadeportiva.com\/lbd\/cafure-a-la-serie-2-italiana-audio\/","title":{"rendered":"Cafure a la serie 2 italiana (Audio)"},"content":{"rendered":"\n<figure class=\"wp-block-image size-full\"><a href=\"http:\/\/labestiadeportiva.com\/lbd\/wp-content\/uploads\/2022\/08\/FB_IMG_1660397705442.jpg\"><img loading=\"lazy\" width=\"719\" height=\"480\" src=\"http:\/\/labestiadeportiva.com\/lbd\/wp-content\/uploads\/2022\/08\/FB_IMG_1660397705442.jpg\" alt=\"\" class=\"wp-image-42546\" srcset=\"https:\/\/labestiadeportiva.com\/lbd\/wp-content\/uploads\/2022\/08\/FB_IMG_1660397705442.jpg 719w, https:\/\/labestiadeportiva.com\/lbd\/wp-content\/uploads\/2022\/08\/FB_IMG_1660397705442-300x200.jpg 300w, https:\/\/labestiadeportiva.com\/lbd\/wp-content\/uploads\/2022\/08\/FB_IMG_1660397705442-640x427.jpg 640w\" sizes=\"(max-width: 719px) 100vw, 719px\" \/><\/a><\/figure>\n\n\n\n<p>El riograndense Agust\u00edn Cafure, capit\u00e1n y goleador salonero de Gimnasia Esgrima La Plata, seguir\u00e1 su carrera deportiva en Europa.  Ser\u00e1 en el Bovalino Calcio italiano. <\/p>\n\n\n\n<p>El fueguino partir\u00e1 al Viejo Continente antes de fin de mes. Desde LBD nos contactamos con el deportista en busca de detalles. Compartimos la entrevista lograda este martes en la 94.1 FM del Sur. <\/p>\n\n\n\n<!--more-->\n\n\n\n<p> <\/p>\n\n\n\n<figure class=\"wp-block-embed is-type-video is-provider-youtube wp-block-embed-youtube wp-embed-aspect-4-3 wp-has-aspect-ratio\"><div class=\"wp-block-embed__wrapper\">\n<iframe loading=\"lazy\" title=\"Audio Agust\u00edn Cafure\" width=\"474\" height=\"356\" src=\"https:\/\/www.youtube.com\/embed\/2U-vxlmOKvU?feature=oembed\" frameborder=\"0\" allow=\"accelerometer; autoplay; clipboard-write; encrypted-media; gyroscope; picture-in-picture\" allowfullscreen><\/iframe>\n<\/div><\/figure>\n<div class='epvc-post-count'><span class='epvc-eye'><\/span>  <span class=\"epvc-count\"> 1.028<\/span><span class='epvc-label'> veces le\u00edda<\/span><\/div>\n<div class=\"jwsharethis\">\nShare this: \n<br \/>\n<a href=\"mailto:?subject=Cafure%20a%20la%20serie%202%20italiana%20%28Audio%29&amp;body=https%3A%2F%2Flabestiadeportiva.com%2Flbd%2Fcafure-a-la-serie-2-italiana-audio%2F\">\n<img src=\"https:\/\/labestiadeportiva.com\/lbd\/wp-content\/plugins\/jw-share-this\/email.png\" alt=\"Share this page via Email\" \/>\n<\/a>\n<a target=\"_blank\" href=\"http:\/\/www.stumbleupon.com\/submit?url=https%3A%2F%2Flabestiadeportiva.com%2Flbd%2Fcafure-a-la-serie-2-italiana-audio%2F&amp;title=Cafure+a+la+serie+2+italiana+%28Audio%29\">\n<img src=\"https:\/\/labestiadeportiva.com\/lbd\/wp-content\/plugins\/jw-share-this\/su.png\" alt=\"Share this page via Stumble Upon\" \/>\n<\/a>\n<a target=\"_blank\" href=\"http:\/\/digg.com\/submit?url=https%3A%2F%2Flabestiadeportiva.com%2Flbd%2Fcafure-a-la-serie-2-italiana-audio%2F&amp;title=Cafure+a+la+serie+2+italiana+%28Audio%29\">\n<img src=\"https:\/\/labestiadeportiva.com\/lbd\/wp-content\/plugins\/jw-share-this\/digg.png\" alt=\"Share this page via Digg this\" \/>\n<\/a>\n<a target=\"_blank\" href=\"http:\/\/www.facebook.com\/sharer.php?u=https%3A%2F%2Flabestiadeportiva.com%2Flbd%2Fcafure-a-la-serie-2-italiana-audio%2F&amp;t=Cafure+a+la+serie+2+italiana+%28Audio%29\">\n<img src=\"https:\/\/labestiadeportiva.com\/lbd\/wp-content\/plugins\/jw-share-this\/fb.png\" alt=\"Share this page via Facebook\" \/>\n<\/a>\n<a target=\"_blank\" href=\"http:\/\/twitter.com\/intent\/tweet?text=I+like+https%3A%2F%2Flabestiadeportiva.com%2Flbd%2Fcafure-a-la-serie-2-italiana-audio%2F&amp;title=Cafure+a+la+serie+2+italiana+%28Audio%29\">\n<img src=\"https:\/\/labestiadeportiva.com\/lbd\/wp-content\/plugins\/jw-share-this\/twitter.png\" alt=\"Share this page via Twitter\" \/>\n<\/a>\n<\/div>\n","protected":false},"excerpt":{"rendered":"<p>El riograndense Agust\u00edn Cafure, capit\u00e1n y goleador salonero de Gimnasia Esgrima La Plata, seguir\u00e1 su carrera deportiva en Europa. Ser\u00e1 en el Bovalino Calcio italiano. El fueguino partir\u00e1 al Viejo Continente antes de fin de mes. Desde LBD nos contactamos con el deportista en busca de detalles. Compartimos la entrevista lograda este martes en la &hellip; <a href=\"https:\/\/labestiadeportiva.com\/lbd\/cafure-a-la-serie-2-italiana-audio\/\" class=\"more-link\">Seguir leyendo <span class=\"screen-reader-text\">Cafure a la serie 2 italiana (Audio)<\/span> <span class=\"meta-nav\">&rarr;<\/span><\/a><\/p>\n","protected":false},"author":1,"featured_media":0,"comment_status":"open","ping_status":"open","sticky":false,"template":"","format":"standard","meta":[],"categories":[5,4,6,60,4861,1],"tags":[4665,4838,1953,83],"_links":{"self":[{"href":"https:\/\/labestiadeportiva.com\/lbd\/wp-json\/wp\/v2\/posts\/42544"}],"collection":[{"href":"https:\/\/labestiadeportiva.com\/lbd\/wp-json\/wp\/v2\/posts"}],"about":[{"href":"https:\/\/labestiadeportiva.com\/lbd\/wp-json\/wp\/v2\/types\/post"}],"author":[{"embeddable":true,"href":"https:\/\/labestiadeportiva.com\/lbd\/wp-json\/wp\/v2\/users\/1"}],"replies":[{"embeddable":true,"href":"https:\/\/labestiadeportiva.com\/lbd\/wp-json\/wp\/v2\/comments?post=42544"}],"version-history":[{"count":2,"href":"https:\/\/labestiadeportiva.com\/lbd\/wp-json\/wp\/v2\/posts\/42544\/revisions"}],"predecessor-version":[{"id":42548,"href":"https:\/\/labestiadeportiva.com\/lbd\/wp-json\/wp\/v2\/posts\/42544\/revisions\/42548"}],"wp:attachment":[{"href":"https:\/\/labestiadeportiva.com\/lbd\/wp-json\/wp\/v2\/media?parent=42544"}],"wp:term":[{"taxonomy":"category","embeddable":true,"href":"https:\/\/labestiadeportiva.com\/lbd\/wp-json\/wp\/v2\/categories?post=42544"},{"taxonomy":"post_tag","embeddable":true,"href":"https:\/\/labestiadeportiva.com\/lbd\/wp-json\/wp\/v2\/tags?post=42544"}],"curies":[{"name":"wp","href":"https:\/\/api.w.org\/{rel}","templated":true}]}}