{"id":42751,"date":"2022-08-31T15:57:53","date_gmt":"2022-08-31T18:57:53","guid":{"rendered":"http:\/\/labestiadeportiva.com\/lbd\/?p=42751"},"modified":"2022-08-31T16:07:03","modified_gmt":"2022-08-31T19:07:03","slug":"nestor-che-garcia-dejo-de-ser-el-entrenador-de-la-seleccion-argentina","status":"publish","type":"post","link":"https:\/\/labestiadeportiva.com\/lbd\/nestor-che-garcia-dejo-de-ser-el-entrenador-de-la-seleccion-argentina\/","title":{"rendered":"N\u00e9stor \u00abChe\u00bb Garc\u00eda dejo de ser el entrenador de la Selecci\u00f3n Argentina"},"content":{"rendered":"\n<p>Por Agust\u00edn \u00abColo\u00bb Aguirre (Colaboraci\u00f3n Especial para LBD)<\/p>\n\n\n\n<figure class=\"wp-block-image size-large\"><a href=\"http:\/\/labestiadeportiva.com\/lbd\/wp-content\/uploads\/2022\/08\/los-12.jpg\"><img loading=\"lazy\" width=\"819\" height=\"1024\" src=\"http:\/\/labestiadeportiva.com\/lbd\/wp-content\/uploads\/2022\/08\/los-12-819x1024.jpg\" alt=\"\" class=\"wp-image-42752\" srcset=\"https:\/\/labestiadeportiva.com\/lbd\/wp-content\/uploads\/2022\/08\/los-12-819x1024.jpg 819w, https:\/\/labestiadeportiva.com\/lbd\/wp-content\/uploads\/2022\/08\/los-12-240x300.jpg 240w, https:\/\/labestiadeportiva.com\/lbd\/wp-content\/uploads\/2022\/08\/los-12-768x960.jpg 768w, https:\/\/labestiadeportiva.com\/lbd\/wp-content\/uploads\/2022\/08\/los-12-640x800.jpg 640w, https:\/\/labestiadeportiva.com\/lbd\/wp-content\/uploads\/2022\/08\/los-12.jpg 1080w\" sizes=\"(max-width: 819px) 100vw, 819px\" \/><\/a><\/figure>\n\n\n\n<p><br>En la tarde noche de ayer por medio de un twit de la cuenta \u201cSolo B\u00e1squet\u201d(@solobasquet2) se conoc\u00eda la informaci\u00f3n que el \u201cChe\u201d Garc\u00eda dejaba de<br>ser el head-coach de la seleccionado argentino, a tan solo cuatro d\u00edas del arranque de la AmeriCup.<\/p>\n\n\n\n<!--more-->\n\n\n\n<p>Seg\u00fan el comunicado oficial, Garc\u00eda dejo de ser el entrenador \u201cpor motivos de su intimidad\u201d, pero seg\u00fan la informaci\u00f3n aportada por los periodistas de \u201cSolo<br>B\u00e1squet\u201d se realizaron distintas reuniones entre los jugadores y el Cuerpo t\u00e9cnico, argumentando que hab\u00edan distintas acciones que no gustaban.<\/p>\n\n\n\n<p>Esto motivo que la CABB  tome cartas en el asunto y despida al \u201cChe\u201d. Ahora para la AmeriCup, donde Argentina debutar\u00e1 el s\u00e1bado en Brasil ante Islas V\u00edrgenes, el entrenador principal sera Gonzalo Garc\u00eda, siendo sus asistentes \u00abLeo\u00bb Gutierrez y Pablo Prigioni.<\/p>\n<div class='epvc-post-count'><span class='epvc-eye'><\/span>  <span class=\"epvc-count\"> 1.331<\/span><span class='epvc-label'> veces le\u00edda<\/span><\/div>\n<div class=\"jwsharethis\">\nShare this: \n<br \/>\n<a href=\"mailto:?subject=N%C3%A9stor%20%C2%ABChe%C2%BB%20Garc%C3%ADa%20dejo%20de%20ser%20el%20entrenador%20de%20la%20Selecci%C3%B3n%20Argentina&amp;body=https%3A%2F%2Flabestiadeportiva.com%2Flbd%2Fnestor-che-garcia-dejo-de-ser-el-entrenador-de-la-seleccion-argentina%2F\">\n<img src=\"https:\/\/labestiadeportiva.com\/lbd\/wp-content\/plugins\/jw-share-this\/email.png\" alt=\"Share this page via Email\" \/>\n<\/a>\n<a target=\"_blank\" href=\"http:\/\/www.stumbleupon.com\/submit?url=https%3A%2F%2Flabestiadeportiva.com%2Flbd%2Fnestor-che-garcia-dejo-de-ser-el-entrenador-de-la-seleccion-argentina%2F&amp;title=N%C3%A9stor+%C2%ABChe%C2%BB+Garc%C3%ADa+dejo+de+ser+el+entrenador+de+la+Selecci%C3%B3n+Argentina\">\n<img src=\"https:\/\/labestiadeportiva.com\/lbd\/wp-content\/plugins\/jw-share-this\/su.png\" alt=\"Share this page via Stumble Upon\" \/>\n<\/a>\n<a target=\"_blank\" href=\"http:\/\/digg.com\/submit?url=https%3A%2F%2Flabestiadeportiva.com%2Flbd%2Fnestor-che-garcia-dejo-de-ser-el-entrenador-de-la-seleccion-argentina%2F&amp;title=N%C3%A9stor+%C2%ABChe%C2%BB+Garc%C3%ADa+dejo+de+ser+el+entrenador+de+la+Selecci%C3%B3n+Argentina\">\n<img src=\"https:\/\/labestiadeportiva.com\/lbd\/wp-content\/plugins\/jw-share-this\/digg.png\" alt=\"Share this page via Digg this\" \/>\n<\/a>\n<a target=\"_blank\" href=\"http:\/\/www.facebook.com\/sharer.php?u=https%3A%2F%2Flabestiadeportiva.com%2Flbd%2Fnestor-che-garcia-dejo-de-ser-el-entrenador-de-la-seleccion-argentina%2F&amp;t=N%C3%A9stor+%C2%ABChe%C2%BB+Garc%C3%ADa+dejo+de+ser+el+entrenador+de+la+Selecci%C3%B3n+Argentina\">\n<img src=\"https:\/\/labestiadeportiva.com\/lbd\/wp-content\/plugins\/jw-share-this\/fb.png\" alt=\"Share this page via Facebook\" \/>\n<\/a>\n<a target=\"_blank\" href=\"http:\/\/twitter.com\/intent\/tweet?text=I+like+https%3A%2F%2Flabestiadeportiva.com%2Flbd%2Fnestor-che-garcia-dejo-de-ser-el-entrenador-de-la-seleccion-argentina%2F&amp;title=N%C3%A9stor+%C2%ABChe%C2%BB+Garc%C3%ADa+dejo+de+ser+el+entrenador+de+la+Selecci%C3%B3n+Argentina\">\n<img src=\"https:\/\/labestiadeportiva.com\/lbd\/wp-content\/plugins\/jw-share-this\/twitter.png\" alt=\"Share this page via Twitter\" \/>\n<\/a>\n<\/div>\n","protected":false},"excerpt":{"rendered":"<p>Por Agust\u00edn \u00abColo\u00bb Aguirre (Colaboraci\u00f3n Especial para LBD) En la tarde noche de ayer por medio de un twit de la cuenta \u201cSolo B\u00e1squet\u201d(@solobasquet2) se conoc\u00eda la informaci\u00f3n que el \u201cChe\u201d Garc\u00eda dejaba deser el head-coach de la seleccionado argentino, a tan solo cuatro d\u00edas del arranque de la AmeriCup. 1.331 veces le\u00edda Share this:<\/p>\n","protected":false},"author":1,"featured_media":0,"comment_status":"open","ping_status":"open","sticky":false,"template":"","format":"standard","meta":[],"categories":[2432,4,6,1],"tags":[171,83,88],"_links":{"self":[{"href":"https:\/\/labestiadeportiva.com\/lbd\/wp-json\/wp\/v2\/posts\/42751"}],"collection":[{"href":"https:\/\/labestiadeportiva.com\/lbd\/wp-json\/wp\/v2\/posts"}],"about":[{"href":"https:\/\/labestiadeportiva.com\/lbd\/wp-json\/wp\/v2\/types\/post"}],"author":[{"embeddable":true,"href":"https:\/\/labestiadeportiva.com\/lbd\/wp-json\/wp\/v2\/users\/1"}],"replies":[{"embeddable":true,"href":"https:\/\/labestiadeportiva.com\/lbd\/wp-json\/wp\/v2\/comments?post=42751"}],"version-history":[{"count":2,"href":"https:\/\/labestiadeportiva.com\/lbd\/wp-json\/wp\/v2\/posts\/42751\/revisions"}],"predecessor-version":[{"id":42754,"href":"https:\/\/labestiadeportiva.com\/lbd\/wp-json\/wp\/v2\/posts\/42751\/revisions\/42754"}],"wp:attachment":[{"href":"https:\/\/labestiadeportiva.com\/lbd\/wp-json\/wp\/v2\/media?parent=42751"}],"wp:term":[{"taxonomy":"category","embeddable":true,"href":"https:\/\/labestiadeportiva.com\/lbd\/wp-json\/wp\/v2\/categories?post=42751"},{"taxonomy":"post_tag","embeddable":true,"href":"https:\/\/labestiadeportiva.com\/lbd\/wp-json\/wp\/v2\/tags?post=42751"}],"curies":[{"name":"wp","href":"https:\/\/api.w.org\/{rel}","templated":true}]}}