{"id":42762,"date":"2022-09-01T16:57:37","date_gmt":"2022-09-01T19:57:37","guid":{"rendered":"http:\/\/labestiadeportiva.com\/lbd\/?p=42762"},"modified":"2022-09-01T17:17:16","modified_gmt":"2022-09-01T20:17:16","slug":"el-momento-del-sub-14-y-sub-16-audio","status":"publish","type":"post","link":"https:\/\/labestiadeportiva.com\/lbd\/el-momento-del-sub-14-y-sub-16-audio\/","title":{"rendered":"El momento del Sub 14 y Sub 16 (Audio)"},"content":{"rendered":"\n<figure class=\"wp-block-image size-large\"><a href=\"https:\/\/labestiadeportiva.com\/lbd\/wp-content\/uploads\/2022\/09\/IMG-20220831-WA0089.jpg\"><img loading=\"lazy\" width=\"576\" height=\"1024\" src=\"https:\/\/labestiadeportiva.com\/lbd\/wp-content\/uploads\/2022\/09\/IMG-20220831-WA0089-576x1024.jpg\" alt=\"\" class=\"wp-image-42767\" srcset=\"https:\/\/labestiadeportiva.com\/lbd\/wp-content\/uploads\/2022\/09\/IMG-20220831-WA0089-576x1024.jpg 576w, https:\/\/labestiadeportiva.com\/lbd\/wp-content\/uploads\/2022\/09\/IMG-20220831-WA0089-169x300.jpg 169w, https:\/\/labestiadeportiva.com\/lbd\/wp-content\/uploads\/2022\/09\/IMG-20220831-WA0089-768x1365.jpg 768w, https:\/\/labestiadeportiva.com\/lbd\/wp-content\/uploads\/2022\/09\/IMG-20220831-WA0089-864x1536.jpg 864w, https:\/\/labestiadeportiva.com\/lbd\/wp-content\/uploads\/2022\/09\/IMG-20220831-WA0089-640x1138.jpg 640w, https:\/\/labestiadeportiva.com\/lbd\/wp-content\/uploads\/2022\/09\/IMG-20220831-WA0089.jpg 900w\" sizes=\"(max-width: 576px) 100vw, 576px\" \/><\/a><\/figure>\n\n\n\n<p>Continuidad del Torneo del Fin del Mundo de Hockey Pista, marca registrada del URC. De jueves a domingo llegar\u00e1 el turno de los segmentos juveniles que presentar\u00e1n  equipos locales, de R\u00edo Grande y la provincia de Santa Cruz.<\/p>\n\n\n\n<p>Los detalles a cargo de Cecilia Vivian, una de las organizadoras del club \u00abTricolor\u00bb. Compartimos la breve entrevista lograda este jueves en la 94.1 FM del Sur.<\/p>\n\n\n\n<!--more-->\n\n\n\n<p>  <\/p>\n\n\n\n<figure class=\"wp-block-embed is-type-video is-provider-youtube wp-block-embed-youtube wp-embed-aspect-4-3 wp-has-aspect-ratio\"><div class=\"wp-block-embed__wrapper\">\n<iframe loading=\"lazy\" title=\"Audio Cecilia Viv\u00edan\" width=\"474\" height=\"356\" src=\"https:\/\/www.youtube.com\/embed\/AGQ0vTd_n7c?feature=oembed\" frameborder=\"0\" allow=\"accelerometer; autoplay; clipboard-write; encrypted-media; gyroscope; picture-in-picture\" allowfullscreen><\/iframe>\n<\/div><\/figure>\n<div class='epvc-post-count'><span class='epvc-eye'><\/span>  <span class=\"epvc-count\"> 1.156<\/span><span class='epvc-label'> veces le\u00edda<\/span><\/div>\n<div class=\"jwsharethis\">\nShare this: \n<br \/>\n<a href=\"mailto:?subject=El%20momento%20del%20Sub%2014%20y%20Sub%2016%20%28Audio%29&amp;body=https%3A%2F%2Flabestiadeportiva.com%2Flbd%2Fel-momento-del-sub-14-y-sub-16-audio%2F\">\n<img src=\"https:\/\/labestiadeportiva.com\/lbd\/wp-content\/plugins\/jw-share-this\/email.png\" alt=\"Share this page via Email\" \/>\n<\/a>\n<a target=\"_blank\" href=\"http:\/\/www.stumbleupon.com\/submit?url=https%3A%2F%2Flabestiadeportiva.com%2Flbd%2Fel-momento-del-sub-14-y-sub-16-audio%2F&amp;title=El+momento+del+Sub+14+y+Sub+16+%28Audio%29\">\n<img src=\"https:\/\/labestiadeportiva.com\/lbd\/wp-content\/plugins\/jw-share-this\/su.png\" alt=\"Share this page via Stumble Upon\" \/>\n<\/a>\n<a target=\"_blank\" href=\"http:\/\/digg.com\/submit?url=https%3A%2F%2Flabestiadeportiva.com%2Flbd%2Fel-momento-del-sub-14-y-sub-16-audio%2F&amp;title=El+momento+del+Sub+14+y+Sub+16+%28Audio%29\">\n<img src=\"https:\/\/labestiadeportiva.com\/lbd\/wp-content\/plugins\/jw-share-this\/digg.png\" alt=\"Share this page via Digg this\" \/>\n<\/a>\n<a target=\"_blank\" href=\"http:\/\/www.facebook.com\/sharer.php?u=https%3A%2F%2Flabestiadeportiva.com%2Flbd%2Fel-momento-del-sub-14-y-sub-16-audio%2F&amp;t=El+momento+del+Sub+14+y+Sub+16+%28Audio%29\">\n<img src=\"https:\/\/labestiadeportiva.com\/lbd\/wp-content\/plugins\/jw-share-this\/fb.png\" alt=\"Share this page via Facebook\" \/>\n<\/a>\n<a target=\"_blank\" href=\"http:\/\/twitter.com\/intent\/tweet?text=I+like+https%3A%2F%2Flabestiadeportiva.com%2Flbd%2Fel-momento-del-sub-14-y-sub-16-audio%2F&amp;title=El+momento+del+Sub+14+y+Sub+16+%28Audio%29\">\n<img src=\"https:\/\/labestiadeportiva.com\/lbd\/wp-content\/plugins\/jw-share-this\/twitter.png\" alt=\"Share this page via Twitter\" \/>\n<\/a>\n<\/div>\n","protected":false},"excerpt":{"rendered":"<p>Continuidad del Torneo del Fin del Mundo de Hockey Pista, marca registrada del URC. De jueves a domingo llegar\u00e1 el turno de los segmentos juveniles que presentar\u00e1n equipos locales, de R\u00edo Grande y la provincia de Santa Cruz. Los detalles a cargo de Cecilia Vivian, una de las organizadoras del club \u00abTricolor\u00bb. Compartimos la breve &hellip; <a href=\"https:\/\/labestiadeportiva.com\/lbd\/el-momento-del-sub-14-y-sub-16-audio\/\" class=\"more-link\">Seguir leyendo <span class=\"screen-reader-text\">El momento del Sub 14 y Sub 16 (Audio)<\/span> <span class=\"meta-nav\">&rarr;<\/span><\/a><\/p>\n","protected":false},"author":1,"featured_media":0,"comment_status":"open","ping_status":"open","sticky":false,"template":"","format":"standard","meta":[],"categories":[3962,5,6,60,2422,1],"tags":[257,4838,32,4879,4877],"_links":{"self":[{"href":"https:\/\/labestiadeportiva.com\/lbd\/wp-json\/wp\/v2\/posts\/42762"}],"collection":[{"href":"https:\/\/labestiadeportiva.com\/lbd\/wp-json\/wp\/v2\/posts"}],"about":[{"href":"https:\/\/labestiadeportiva.com\/lbd\/wp-json\/wp\/v2\/types\/post"}],"author":[{"embeddable":true,"href":"https:\/\/labestiadeportiva.com\/lbd\/wp-json\/wp\/v2\/users\/1"}],"replies":[{"embeddable":true,"href":"https:\/\/labestiadeportiva.com\/lbd\/wp-json\/wp\/v2\/comments?post=42762"}],"version-history":[{"count":4,"href":"https:\/\/labestiadeportiva.com\/lbd\/wp-json\/wp\/v2\/posts\/42762\/revisions"}],"predecessor-version":[{"id":42769,"href":"https:\/\/labestiadeportiva.com\/lbd\/wp-json\/wp\/v2\/posts\/42762\/revisions\/42769"}],"wp:attachment":[{"href":"https:\/\/labestiadeportiva.com\/lbd\/wp-json\/wp\/v2\/media?parent=42762"}],"wp:term":[{"taxonomy":"category","embeddable":true,"href":"https:\/\/labestiadeportiva.com\/lbd\/wp-json\/wp\/v2\/categories?post=42762"},{"taxonomy":"post_tag","embeddable":true,"href":"https:\/\/labestiadeportiva.com\/lbd\/wp-json\/wp\/v2\/tags?post=42762"}],"curies":[{"name":"wp","href":"https:\/\/api.w.org\/{rel}","templated":true}]}}