{"id":42864,"date":"2022-09-11T17:18:04","date_gmt":"2022-09-11T20:18:04","guid":{"rendered":"http:\/\/labestiadeportiva.com\/lbd\/?p=42864"},"modified":"2022-09-12T13:24:33","modified_gmt":"2022-09-12T16:24:33","slug":"campeona-sudamericana","status":"publish","type":"post","link":"https:\/\/labestiadeportiva.com\/lbd\/campeona-sudamericana\/","title":{"rendered":"Bicampeona Sudamericana!"},"content":{"rendered":"\n<figure class=\"wp-block-image size-large\"><a href=\"http:\/\/labestiadeportiva.com\/lbd\/wp-content\/uploads\/2022\/09\/IMG-20220911-WA0087.jpg\"><img loading=\"lazy\" width=\"1024\" height=\"768\" src=\"http:\/\/labestiadeportiva.com\/lbd\/wp-content\/uploads\/2022\/09\/IMG-20220911-WA0087-1024x768.jpg\" alt=\"\" class=\"wp-image-42865\" srcset=\"https:\/\/labestiadeportiva.com\/lbd\/wp-content\/uploads\/2022\/09\/IMG-20220911-WA0087-1024x768.jpg 1024w, https:\/\/labestiadeportiva.com\/lbd\/wp-content\/uploads\/2022\/09\/IMG-20220911-WA0087-300x225.jpg 300w, https:\/\/labestiadeportiva.com\/lbd\/wp-content\/uploads\/2022\/09\/IMG-20220911-WA0087-768x576.jpg 768w, https:\/\/labestiadeportiva.com\/lbd\/wp-content\/uploads\/2022\/09\/IMG-20220911-WA0087-640x480.jpg 640w, https:\/\/labestiadeportiva.com\/lbd\/wp-content\/uploads\/2022\/09\/IMG-20220911-WA0087.jpg 1156w\" sizes=\"(max-width: 1024px) 100vw, 1024px\" \/><\/a><\/figure>\n\n\n\n<p>La ushuaiense Renata Godoy se qued\u00f3 con el Oro en el Sudamericano Sub 18 que se disput\u00f3 este fin de semana en San Pablo, Brasil. Due\u00f1a absoluta del Heptatl\u00f3n acumul\u00f3 5328 unidades.  Adem\u00e1s fue Plata en la Posta 8 x 300.<\/p>\n\n\n\n<!--more-->\n\n\n\n<p>Una vez m\u00e1s la joven fueguina, experta en pruebas combinadas, se adjudic\u00f3 la cita sudamericana en su despedida de la categor\u00eda.<\/p>\n\n\n\n<p>En esta oportunidad la escoltaron Mart\u00ednez Lemos y Texeira . Rompi\u00f3 su propio r\u00e9cord agregando la mejor marca nacional del 2022 en Salto en Alto.<\/p>\n\n\n\n<p>\u00abReny\u00bb no deja de sorprender primero fue en la provincia, despu\u00e9s en el pa\u00eds y la regi\u00f3n ahora sus logros y marcas la proyectan al mundo. Lo mejor est\u00e1 por venir. Felicidades para ella y sus formadores.<\/p>\n\n\n\n<p>La \u00abpiba\u00bb del atletismo sigue adelante con sus logros, la que viene de una provincia donde no hay sint\u00e9tico solo una humilde pista de tierra en la capital provincial.<\/p>\n<div class='epvc-post-count'><span class='epvc-eye'><\/span>  <span class=\"epvc-count\"> 1.210<\/span><span class='epvc-label'> veces le\u00edda<\/span><\/div>\n<div class=\"jwsharethis\">\nShare this: \n<br \/>\n<a href=\"mailto:?subject=Bicampeona%20Sudamericana%21&amp;body=https%3A%2F%2Flabestiadeportiva.com%2Flbd%2Fcampeona-sudamericana%2F\">\n<img src=\"https:\/\/labestiadeportiva.com\/lbd\/wp-content\/plugins\/jw-share-this\/email.png\" alt=\"Share this page via Email\" \/>\n<\/a>\n<a target=\"_blank\" href=\"http:\/\/www.stumbleupon.com\/submit?url=https%3A%2F%2Flabestiadeportiva.com%2Flbd%2Fcampeona-sudamericana%2F&amp;title=Bicampeona+Sudamericana%21\">\n<img src=\"https:\/\/labestiadeportiva.com\/lbd\/wp-content\/plugins\/jw-share-this\/su.png\" alt=\"Share this page via Stumble Upon\" \/>\n<\/a>\n<a target=\"_blank\" href=\"http:\/\/digg.com\/submit?url=https%3A%2F%2Flabestiadeportiva.com%2Flbd%2Fcampeona-sudamericana%2F&amp;title=Bicampeona+Sudamericana%21\">\n<img src=\"https:\/\/labestiadeportiva.com\/lbd\/wp-content\/plugins\/jw-share-this\/digg.png\" alt=\"Share this page via Digg this\" \/>\n<\/a>\n<a target=\"_blank\" href=\"http:\/\/www.facebook.com\/sharer.php?u=https%3A%2F%2Flabestiadeportiva.com%2Flbd%2Fcampeona-sudamericana%2F&amp;t=Bicampeona+Sudamericana%21\">\n<img src=\"https:\/\/labestiadeportiva.com\/lbd\/wp-content\/plugins\/jw-share-this\/fb.png\" alt=\"Share this page via Facebook\" \/>\n<\/a>\n<a target=\"_blank\" href=\"http:\/\/twitter.com\/intent\/tweet?text=I+like+https%3A%2F%2Flabestiadeportiva.com%2Flbd%2Fcampeona-sudamericana%2F&amp;title=Bicampeona+Sudamericana%21\">\n<img src=\"https:\/\/labestiadeportiva.com\/lbd\/wp-content\/plugins\/jw-share-this\/twitter.png\" alt=\"Share this page via Twitter\" \/>\n<\/a>\n<\/div>\n","protected":false},"excerpt":{"rendered":"<p>La ushuaiense Renata Godoy se qued\u00f3 con el Oro en el Sudamericano Sub 18 que se disput\u00f3 este fin de semana en San Pablo, Brasil. Due\u00f1a absoluta del Heptatl\u00f3n acumul\u00f3 5328 unidades. Adem\u00e1s fue Plata en la Posta 8 x 300. 1.210 veces le\u00edda Share this:<\/p>\n","protected":false},"author":1,"featured_media":0,"comment_status":"open","ping_status":"open","sticky":false,"template":"","format":"standard","meta":[],"categories":[22,5,4,6,1],"tags":[4831,4080,83,3676],"_links":{"self":[{"href":"https:\/\/labestiadeportiva.com\/lbd\/wp-json\/wp\/v2\/posts\/42864"}],"collection":[{"href":"https:\/\/labestiadeportiva.com\/lbd\/wp-json\/wp\/v2\/posts"}],"about":[{"href":"https:\/\/labestiadeportiva.com\/lbd\/wp-json\/wp\/v2\/types\/post"}],"author":[{"embeddable":true,"href":"https:\/\/labestiadeportiva.com\/lbd\/wp-json\/wp\/v2\/users\/1"}],"replies":[{"embeddable":true,"href":"https:\/\/labestiadeportiva.com\/lbd\/wp-json\/wp\/v2\/comments?post=42864"}],"version-history":[{"count":2,"href":"https:\/\/labestiadeportiva.com\/lbd\/wp-json\/wp\/v2\/posts\/42864\/revisions"}],"predecessor-version":[{"id":42901,"href":"https:\/\/labestiadeportiva.com\/lbd\/wp-json\/wp\/v2\/posts\/42864\/revisions\/42901"}],"wp:attachment":[{"href":"https:\/\/labestiadeportiva.com\/lbd\/wp-json\/wp\/v2\/media?parent=42864"}],"wp:term":[{"taxonomy":"category","embeddable":true,"href":"https:\/\/labestiadeportiva.com\/lbd\/wp-json\/wp\/v2\/categories?post=42864"},{"taxonomy":"post_tag","embeddable":true,"href":"https:\/\/labestiadeportiva.com\/lbd\/wp-json\/wp\/v2\/tags?post=42864"}],"curies":[{"name":"wp","href":"https:\/\/api.w.org\/{rel}","templated":true}]}}