{"id":42946,"date":"2022-09-15T20:14:34","date_gmt":"2022-09-15T23:14:34","guid":{"rendered":"http:\/\/labestiadeportiva.com\/lbd\/?p=42946"},"modified":"2022-09-15T20:14:36","modified_gmt":"2022-09-15T23:14:36","slug":"federico-de-miguel-completo-el-plantel-celeste","status":"publish","type":"post","link":"https:\/\/labestiadeportiva.com\/lbd\/federico-de-miguel-completo-el-plantel-celeste\/","title":{"rendered":"Federico De Miguel complet\u00f3 el plantel \u00abCeleste\u00bb"},"content":{"rendered":"\n<p>Por Javier Nicol\u00e1s Baroli (Corresponsal LBD en R\u00edo Gallegos)<\/p>\n\n\n\n<figure class=\"wp-block-image size-large\"><a href=\"http:\/\/labestiadeportiva.com\/lbd\/wp-content\/uploads\/2022\/09\/IMG-20220915-WA0091.jpg\"><img loading=\"lazy\" width=\"819\" height=\"1024\" src=\"http:\/\/labestiadeportiva.com\/lbd\/wp-content\/uploads\/2022\/09\/IMG-20220915-WA0091-819x1024.jpg\" alt=\"\" class=\"wp-image-42947\" srcset=\"https:\/\/labestiadeportiva.com\/lbd\/wp-content\/uploads\/2022\/09\/IMG-20220915-WA0091-819x1024.jpg 819w, https:\/\/labestiadeportiva.com\/lbd\/wp-content\/uploads\/2022\/09\/IMG-20220915-WA0091-240x300.jpg 240w, https:\/\/labestiadeportiva.com\/lbd\/wp-content\/uploads\/2022\/09\/IMG-20220915-WA0091-768x960.jpg 768w, https:\/\/labestiadeportiva.com\/lbd\/wp-content\/uploads\/2022\/09\/IMG-20220915-WA0091-640x800.jpg 640w, https:\/\/labestiadeportiva.com\/lbd\/wp-content\/uploads\/2022\/09\/IMG-20220915-WA0091.jpg 1024w\" sizes=\"(max-width: 819px) 100vw, 819px\" \/><\/a><\/figure>\n\n\n\n<p>Equipo completo. Hispano Americano present\u00f3 a todos los jugadores que ser\u00e1n parte de la temporada 2022\/23 de la Liga Argentina. El base de 25 a\u00f1os viene de jugar en Salta Basket.<\/p>\n\n\n\n<!--more-->\n\n\n\n<p>\u00abEl sue\u00f1o est\u00e1 en marcha\u00bb reza leyenda del representante Santacruce\u00f1o, que escribiera la p\u00e1gina m\u00e1s gloriosa del b\u00e1squet provincial jugando seis temporadas Liga Nacional y est\u00e1 temporada militar\u00e1 en la segunda categor\u00eda del b\u00e1squet Argentino.<\/p>\n\n\n\n<p>La llegada de Federico De Miguel completa el primer equipo \u00abCeleste\u00bb y resta s\u00f3lo el comienzo de la pretemporada y posteriormente el inicio de la competencia, prevista para mediados del mes de octubre.<\/p>\n\n\n\n<p>El base, ficha mayor, viene de jugar en Salta Basket. Mide 1,76 cm y es oriundo de Villa Mar\u00eda, C\u00f3rdoba. En la 21\/22 jug\u00f3 49 partidos y promedi\u00f3 14.3 puntos por partido, por lo que, en base a la lectura de sus estad\u00edsticas, estar\u00edamos en presencia de un \u00abbase con gol\u00bb.<\/p>\n\n\n\n<p>A los 18 a\u00f1os tuvo su primer experiencia profesional en Alianza de Jes\u00fas Mar\u00eda. Un a\u00f1o y medio despu\u00e9s lleg\u00f3 a Club Bell de Bell Ville, para jugar tres ligas provinciales hasta conseguir el ascenso al Torneo Federal. En la 2020\/21 tuvo paso por Deportivo Norte de Armstrong.<\/p>\n\n\n\n<p>De esta manera De Miguel completa el plantel Hispanista que contar\u00e1 con Lucas Reyes, Gonzalo Romero, Johu Castillo, Juan Fern\u00e1ndez Chavez, Damani Applewhite, Laureano Zalio, Grantham Gillard, Ezequiel Paz y los juveniles Braulio Soules, Zuriel Fern\u00e1ndez, Andr\u00e9s Martinez y Franco Gauna, todos bajo la direcci\u00f3n t\u00e9cnica de Sebastian Torre.<\/p>\n<div class='epvc-post-count'><span class='epvc-eye'><\/span>  <span class=\"epvc-count\"> 1.540<\/span><span class='epvc-label'> veces le\u00edda<\/span><\/div>\n<div class=\"jwsharethis\">\nShare this: \n<br \/>\n<a href=\"mailto:?subject=Federico%20De%20Miguel%20complet%C3%B3%20el%20plantel%20%C2%ABCeleste%C2%BB&amp;body=https%3A%2F%2Flabestiadeportiva.com%2Flbd%2Ffederico-de-miguel-completo-el-plantel-celeste%2F\">\n<img src=\"https:\/\/labestiadeportiva.com\/lbd\/wp-content\/plugins\/jw-share-this\/email.png\" alt=\"Share this page via Email\" \/>\n<\/a>\n<a target=\"_blank\" href=\"http:\/\/www.stumbleupon.com\/submit?url=https%3A%2F%2Flabestiadeportiva.com%2Flbd%2Ffederico-de-miguel-completo-el-plantel-celeste%2F&amp;title=Federico+De+Miguel+complet%C3%B3+el+plantel+%C2%ABCeleste%C2%BB\">\n<img src=\"https:\/\/labestiadeportiva.com\/lbd\/wp-content\/plugins\/jw-share-this\/su.png\" alt=\"Share this page via Stumble Upon\" \/>\n<\/a>\n<a target=\"_blank\" href=\"http:\/\/digg.com\/submit?url=https%3A%2F%2Flabestiadeportiva.com%2Flbd%2Ffederico-de-miguel-completo-el-plantel-celeste%2F&amp;title=Federico+De+Miguel+complet%C3%B3+el+plantel+%C2%ABCeleste%C2%BB\">\n<img src=\"https:\/\/labestiadeportiva.com\/lbd\/wp-content\/plugins\/jw-share-this\/digg.png\" alt=\"Share this page via Digg this\" \/>\n<\/a>\n<a target=\"_blank\" href=\"http:\/\/www.facebook.com\/sharer.php?u=https%3A%2F%2Flabestiadeportiva.com%2Flbd%2Ffederico-de-miguel-completo-el-plantel-celeste%2F&amp;t=Federico+De+Miguel+complet%C3%B3+el+plantel+%C2%ABCeleste%C2%BB\">\n<img src=\"https:\/\/labestiadeportiva.com\/lbd\/wp-content\/plugins\/jw-share-this\/fb.png\" alt=\"Share this page via Facebook\" \/>\n<\/a>\n<a target=\"_blank\" href=\"http:\/\/twitter.com\/intent\/tweet?text=I+like+https%3A%2F%2Flabestiadeportiva.com%2Flbd%2Ffederico-de-miguel-completo-el-plantel-celeste%2F&amp;title=Federico+De+Miguel+complet%C3%B3+el+plantel+%C2%ABCeleste%C2%BB\">\n<img src=\"https:\/\/labestiadeportiva.com\/lbd\/wp-content\/plugins\/jw-share-this\/twitter.png\" alt=\"Share this page via Twitter\" \/>\n<\/a>\n<\/div>\n","protected":false},"excerpt":{"rendered":"<p>Por Javier Nicol\u00e1s Baroli (Corresponsal LBD en R\u00edo Gallegos) Equipo completo. Hispano Americano present\u00f3 a todos los jugadores que ser\u00e1n parte de la temporada 2022\/23 de la Liga Argentina. El base de 25 a\u00f1os viene de jugar en Salta Basket. 1.540 veces le\u00edda Share this:<\/p>\n","protected":false},"author":1,"featured_media":0,"comment_status":"open","ping_status":"open","sticky":false,"template":"","format":"standard","meta":[],"categories":[2432,6,1],"tags":[171,3120,83],"_links":{"self":[{"href":"https:\/\/labestiadeportiva.com\/lbd\/wp-json\/wp\/v2\/posts\/42946"}],"collection":[{"href":"https:\/\/labestiadeportiva.com\/lbd\/wp-json\/wp\/v2\/posts"}],"about":[{"href":"https:\/\/labestiadeportiva.com\/lbd\/wp-json\/wp\/v2\/types\/post"}],"author":[{"embeddable":true,"href":"https:\/\/labestiadeportiva.com\/lbd\/wp-json\/wp\/v2\/users\/1"}],"replies":[{"embeddable":true,"href":"https:\/\/labestiadeportiva.com\/lbd\/wp-json\/wp\/v2\/comments?post=42946"}],"version-history":[{"count":1,"href":"https:\/\/labestiadeportiva.com\/lbd\/wp-json\/wp\/v2\/posts\/42946\/revisions"}],"predecessor-version":[{"id":42948,"href":"https:\/\/labestiadeportiva.com\/lbd\/wp-json\/wp\/v2\/posts\/42946\/revisions\/42948"}],"wp:attachment":[{"href":"https:\/\/labestiadeportiva.com\/lbd\/wp-json\/wp\/v2\/media?parent=42946"}],"wp:term":[{"taxonomy":"category","embeddable":true,"href":"https:\/\/labestiadeportiva.com\/lbd\/wp-json\/wp\/v2\/categories?post=42946"},{"taxonomy":"post_tag","embeddable":true,"href":"https:\/\/labestiadeportiva.com\/lbd\/wp-json\/wp\/v2\/tags?post=42946"}],"curies":[{"name":"wp","href":"https:\/\/api.w.org\/{rel}","templated":true}]}}