{"id":42998,"date":"2022-09-19T12:29:55","date_gmt":"2022-09-19T15:29:55","guid":{"rendered":"http:\/\/labestiadeportiva.com\/lbd\/?p=42998"},"modified":"2022-09-19T13:02:38","modified_gmt":"2022-09-19T16:02:38","slug":"caido-el-nacional-llega-la-copa-ciudad-de-rio-grande-audio","status":"publish","type":"post","link":"https:\/\/labestiadeportiva.com\/lbd\/caido-el-nacional-llega-la-copa-ciudad-de-rio-grande-audio\/","title":{"rendered":"Ca\u00eddo el Nacional, llega la \u00abCopa Ciudad de R\u00edo Grande\u00bb (Audio)"},"content":{"rendered":"\n<figure class=\"wp-block-image size-full is-resized\"><a href=\"http:\/\/labestiadeportiva.com\/lbd\/wp-content\/uploads\/2022\/09\/IMG-20190410-WA0011-300x2002-1.jpg\"><img loading=\"lazy\" src=\"http:\/\/labestiadeportiva.com\/lbd\/wp-content\/uploads\/2022\/09\/IMG-20190410-WA0011-300x2002-1.jpg\" alt=\"\" class=\"wp-image-42999\" width=\"407\" height=\"271\"\/><\/a><\/figure>\n\n\n\n<p>Finalmente no se realizar\u00e1 el Torneo Nacional de Juveniles \u00abC\u00bb de  handball en el norte de la isla. Aprovechando la fecha se efectuar\u00e1 una competencia en ambas ramas que se iniciar\u00e1 el pr\u00f3ximo lunes 26 de septiembre.<\/p>\n\n\n\n<p>Desde LBD fuimos en busca de detalles entrevistando a Fernando \u00abMatungo\u00bb Cobi\u00e5n, una de las caras visibles de la organizaci\u00f3n. Compartimos la entrevista lograda este lunes en la 99.9 Radio Provincia.<\/p>\n\n\n\n<!--more-->\n\n\n\n<figure class=\"wp-block-embed is-type-video is-provider-youtube wp-block-embed-youtube wp-embed-aspect-4-3 wp-has-aspect-ratio\"><div class=\"wp-block-embed__wrapper\">\n<iframe loading=\"lazy\" title=\"Audio Fernando &quot;Matungo&quot; Cobi\u00e1n\" width=\"474\" height=\"356\" src=\"https:\/\/www.youtube.com\/embed\/iU0U5mDipGg?feature=oembed\" frameborder=\"0\" allow=\"accelerometer; autoplay; clipboard-write; encrypted-media; gyroscope; picture-in-picture\" allowfullscreen title=\"Audio Fernando \"Matungo\" Cobi\u00e1n\"><\/iframe>\n<\/div><\/figure>\n\n\n\n<p>Los equipos participantes<\/p>\n\n\n\nMasculino\n28 Noviembre, \nGalicia \u00abAzul\u00bb,\nGalicia \u00abCeleste\u00bb, \nLos Toldos, \nUniversitario \u00abRojo\u00bb, \nUniversitario \u00abAmarillo\u00bb \n\n\n\nFemenino \nGalicia, \nUniversitario \u00abRojo\u00bb,\nUniversitario \u00abAmarillo\u00bb, \nEstudiantes de Olavarr\u00eda\n<div class='epvc-post-count'><span class='epvc-eye'><\/span>  <span class=\"epvc-count\"> 1.221<\/span><span class='epvc-label'> veces le\u00edda<\/span><\/div>\n<div class=\"jwsharethis\">\nShare this: \n<br \/>\n<a href=\"mailto:?subject=Ca%C3%ADdo%20el%20Nacional%2C%20llega%20la%20%C2%ABCopa%20Ciudad%20de%20R%C3%ADo%20Grande%C2%BB%20%28Audio%29&amp;body=https%3A%2F%2Flabestiadeportiva.com%2Flbd%2Fcaido-el-nacional-llega-la-copa-ciudad-de-rio-grande-audio%2F\">\n<img src=\"https:\/\/labestiadeportiva.com\/lbd\/wp-content\/plugins\/jw-share-this\/email.png\" alt=\"Share this page via Email\" \/>\n<\/a>\n<a target=\"_blank\" href=\"http:\/\/www.stumbleupon.com\/submit?url=https%3A%2F%2Flabestiadeportiva.com%2Flbd%2Fcaido-el-nacional-llega-la-copa-ciudad-de-rio-grande-audio%2F&amp;title=Ca%C3%ADdo+el+Nacional%2C+llega+la+%C2%ABCopa+Ciudad+de+R%C3%ADo+Grande%C2%BB+%28Audio%29\">\n<img src=\"https:\/\/labestiadeportiva.com\/lbd\/wp-content\/plugins\/jw-share-this\/su.png\" alt=\"Share this page via Stumble Upon\" \/>\n<\/a>\n<a target=\"_blank\" href=\"http:\/\/digg.com\/submit?url=https%3A%2F%2Flabestiadeportiva.com%2Flbd%2Fcaido-el-nacional-llega-la-copa-ciudad-de-rio-grande-audio%2F&amp;title=Ca%C3%ADdo+el+Nacional%2C+llega+la+%C2%ABCopa+Ciudad+de+R%C3%ADo+Grande%C2%BB+%28Audio%29\">\n<img src=\"https:\/\/labestiadeportiva.com\/lbd\/wp-content\/plugins\/jw-share-this\/digg.png\" alt=\"Share this page via Digg this\" \/>\n<\/a>\n<a target=\"_blank\" href=\"http:\/\/www.facebook.com\/sharer.php?u=https%3A%2F%2Flabestiadeportiva.com%2Flbd%2Fcaido-el-nacional-llega-la-copa-ciudad-de-rio-grande-audio%2F&amp;t=Ca%C3%ADdo+el+Nacional%2C+llega+la+%C2%ABCopa+Ciudad+de+R%C3%ADo+Grande%C2%BB+%28Audio%29\">\n<img src=\"https:\/\/labestiadeportiva.com\/lbd\/wp-content\/plugins\/jw-share-this\/fb.png\" alt=\"Share this page via Facebook\" \/>\n<\/a>\n<a target=\"_blank\" href=\"http:\/\/twitter.com\/intent\/tweet?text=I+like+https%3A%2F%2Flabestiadeportiva.com%2Flbd%2Fcaido-el-nacional-llega-la-copa-ciudad-de-rio-grande-audio%2F&amp;title=Ca%C3%ADdo+el+Nacional%2C+llega+la+%C2%ABCopa+Ciudad+de+R%C3%ADo+Grande%C2%BB+%28Audio%29\">\n<img src=\"https:\/\/labestiadeportiva.com\/lbd\/wp-content\/plugins\/jw-share-this\/twitter.png\" alt=\"Share this page via Twitter\" \/>\n<\/a>\n<\/div>\n","protected":false},"excerpt":{"rendered":"<p>Finalmente no se realizar\u00e1 el Torneo Nacional de Juveniles \u00abC\u00bb de handball en el norte de la isla. Aprovechando la fecha se efectuar\u00e1 una competencia en ambas ramas que se iniciar\u00e1 el pr\u00f3ximo lunes 26 de septiembre. Desde LBD fuimos en busca de detalles entrevistando a Fernando \u00abMatungo\u00bb Cobi\u00e5n, una de las caras visibles de &hellip; <a href=\"https:\/\/labestiadeportiva.com\/lbd\/caido-el-nacional-llega-la-copa-ciudad-de-rio-grande-audio\/\" class=\"more-link\">Seguir leyendo <span class=\"screen-reader-text\">Ca\u00eddo el Nacional, llega la \u00abCopa Ciudad de R\u00edo Grande\u00bb (Audio)<\/span> <span class=\"meta-nav\">&rarr;<\/span><\/a><\/p>\n","protected":false},"author":1,"featured_media":0,"comment_status":"open","ping_status":"open","sticky":false,"template":"","format":"standard","meta":[],"categories":[5,6,60,2286,1],"tags":[2453,4375,4838,13,185,3660],"_links":{"self":[{"href":"https:\/\/labestiadeportiva.com\/lbd\/wp-json\/wp\/v2\/posts\/42998"}],"collection":[{"href":"https:\/\/labestiadeportiva.com\/lbd\/wp-json\/wp\/v2\/posts"}],"about":[{"href":"https:\/\/labestiadeportiva.com\/lbd\/wp-json\/wp\/v2\/types\/post"}],"author":[{"embeddable":true,"href":"https:\/\/labestiadeportiva.com\/lbd\/wp-json\/wp\/v2\/users\/1"}],"replies":[{"embeddable":true,"href":"https:\/\/labestiadeportiva.com\/lbd\/wp-json\/wp\/v2\/comments?post=42998"}],"version-history":[{"count":5,"href":"https:\/\/labestiadeportiva.com\/lbd\/wp-json\/wp\/v2\/posts\/42998\/revisions"}],"predecessor-version":[{"id":43007,"href":"https:\/\/labestiadeportiva.com\/lbd\/wp-json\/wp\/v2\/posts\/42998\/revisions\/43007"}],"wp:attachment":[{"href":"https:\/\/labestiadeportiva.com\/lbd\/wp-json\/wp\/v2\/media?parent=42998"}],"wp:term":[{"taxonomy":"category","embeddable":true,"href":"https:\/\/labestiadeportiva.com\/lbd\/wp-json\/wp\/v2\/categories?post=42998"},{"taxonomy":"post_tag","embeddable":true,"href":"https:\/\/labestiadeportiva.com\/lbd\/wp-json\/wp\/v2\/tags?post=42998"}],"curies":[{"name":"wp","href":"https:\/\/api.w.org\/{rel}","templated":true}]}}