{"id":43355,"date":"2022-10-18T17:41:58","date_gmt":"2022-10-18T20:41:58","guid":{"rendered":"http:\/\/labestiadeportiva.com\/lbd\/?p=43355"},"modified":"2022-10-18T17:49:18","modified_gmt":"2022-10-18T20:49:18","slug":"el-karting-provincial-paso-por-ushuaia-audio","status":"publish","type":"post","link":"https:\/\/labestiadeportiva.com\/lbd\/el-karting-provincial-paso-por-ushuaia-audio\/","title":{"rendered":"El karting provincial pas\u00f3 por Ushuaia (Audio)"},"content":{"rendered":"\n<figure class=\"wp-block-image size-full\"><a href=\"http:\/\/labestiadeportiva.com\/lbd\/wp-content\/uploads\/2022\/10\/FB_IMG_1666117168223.jpg\"><img loading=\"lazy\" width=\"720\" height=\"521\" src=\"http:\/\/labestiadeportiva.com\/lbd\/wp-content\/uploads\/2022\/10\/FB_IMG_1666117168223.jpg\" alt=\"\" class=\"wp-image-43358\" srcset=\"https:\/\/labestiadeportiva.com\/lbd\/wp-content\/uploads\/2022\/10\/FB_IMG_1666117168223.jpg 720w, https:\/\/labestiadeportiva.com\/lbd\/wp-content\/uploads\/2022\/10\/FB_IMG_1666117168223-300x217.jpg 300w, https:\/\/labestiadeportiva.com\/lbd\/wp-content\/uploads\/2022\/10\/FB_IMG_1666117168223-640x463.jpg 640w\" sizes=\"(max-width: 720px) 100vw, 720px\" \/><\/a><\/figure>\n\n\n\n<p>En el marco de la 6\u00b0 fecha de la temporada la competencia kartista regres\u00f3 a la capital provincial. 40 autos presentes en l\u00ednea de largada.<\/p>\n\n\n\n<p>Juan Cruz Rodr\u00edguez, Valentino Berti, Emilio Pavlov y Mauro Bonafede ganaron sus segmentos. Desde LBD fuimos en busca del piloto\/dirigente Emilio Pavlov, ganador de la categor\u00eda Sudam Senior, quien hizo el balance de la jornada.<\/p>\n\n\n\n<p>Compartimos la entrevista lograda este martes en la 94.1 FM del Sur. <\/p>\n\n\n\n<!--more-->\n\n\n\n<figure class=\"wp-block-embed is-type-video is-provider-youtube wp-block-embed-youtube wp-embed-aspect-4-3 wp-has-aspect-ratio\"><div class=\"wp-block-embed__wrapper\">\n<iframe loading=\"lazy\" title=\"Audio Emilio &quot;Negro&quot; Pavlov\" width=\"474\" height=\"356\" src=\"https:\/\/www.youtube.com\/embed\/TWeXbhzug60?feature=oembed\" frameborder=\"0\" allow=\"accelerometer; autoplay; clipboard-write; encrypted-media; gyroscope; picture-in-picture\" allowfullscreen><\/iframe>\n<\/div><\/figure>\n<div class='epvc-post-count'><span class='epvc-eye'><\/span>  <span class=\"epvc-count\"> 1.240<\/span><span class='epvc-label'> veces le\u00edda<\/span><\/div>\n<div class=\"jwsharethis\">\nShare this: \n<br \/>\n<a href=\"mailto:?subject=El%20karting%20provincial%20pas%C3%B3%20por%20Ushuaia%20%28Audio%29&amp;body=https%3A%2F%2Flabestiadeportiva.com%2Flbd%2Fel-karting-provincial-paso-por-ushuaia-audio%2F\">\n<img src=\"https:\/\/labestiadeportiva.com\/lbd\/wp-content\/plugins\/jw-share-this\/email.png\" alt=\"Share this page via Email\" \/>\n<\/a>\n<a target=\"_blank\" href=\"http:\/\/www.stumbleupon.com\/submit?url=https%3A%2F%2Flabestiadeportiva.com%2Flbd%2Fel-karting-provincial-paso-por-ushuaia-audio%2F&amp;title=El+karting+provincial+pas%C3%B3+por+Ushuaia+%28Audio%29\">\n<img src=\"https:\/\/labestiadeportiva.com\/lbd\/wp-content\/plugins\/jw-share-this\/su.png\" alt=\"Share this page via Stumble Upon\" \/>\n<\/a>\n<a target=\"_blank\" href=\"http:\/\/digg.com\/submit?url=https%3A%2F%2Flabestiadeportiva.com%2Flbd%2Fel-karting-provincial-paso-por-ushuaia-audio%2F&amp;title=El+karting+provincial+pas%C3%B3+por+Ushuaia+%28Audio%29\">\n<img src=\"https:\/\/labestiadeportiva.com\/lbd\/wp-content\/plugins\/jw-share-this\/digg.png\" alt=\"Share this page via Digg this\" \/>\n<\/a>\n<a target=\"_blank\" href=\"http:\/\/www.facebook.com\/sharer.php?u=https%3A%2F%2Flabestiadeportiva.com%2Flbd%2Fel-karting-provincial-paso-por-ushuaia-audio%2F&amp;t=El+karting+provincial+pas%C3%B3+por+Ushuaia+%28Audio%29\">\n<img src=\"https:\/\/labestiadeportiva.com\/lbd\/wp-content\/plugins\/jw-share-this\/fb.png\" alt=\"Share this page via Facebook\" \/>\n<\/a>\n<a target=\"_blank\" href=\"http:\/\/twitter.com\/intent\/tweet?text=I+like+https%3A%2F%2Flabestiadeportiva.com%2Flbd%2Fel-karting-provincial-paso-por-ushuaia-audio%2F&amp;title=El+karting+provincial+pas%C3%B3+por+Ushuaia+%28Audio%29\">\n<img src=\"https:\/\/labestiadeportiva.com\/lbd\/wp-content\/plugins\/jw-share-this\/twitter.png\" alt=\"Share this page via Twitter\" \/>\n<\/a>\n<\/div>\n","protected":false},"excerpt":{"rendered":"<p>En el marco de la 6\u00b0 fecha de la temporada la competencia kartista regres\u00f3 a la capital provincial. 40 autos presentes en l\u00ednea de largada. Juan Cruz Rodr\u00edguez, Valentino Berti, Emilio Pavlov y Mauro Bonafede ganaron sus segmentos. Desde LBD fuimos en busca del piloto\/dirigente Emilio Pavlov, ganador de la categor\u00eda Sudam Senior, quien hizo &hellip; <a href=\"https:\/\/labestiadeportiva.com\/lbd\/el-karting-provincial-paso-por-ushuaia-audio\/\" class=\"more-link\">Seguir leyendo <span class=\"screen-reader-text\">El karting provincial pas\u00f3 por Ushuaia (Audio)<\/span> <span class=\"meta-nav\">&rarr;<\/span><\/a><\/p>\n","protected":false},"author":1,"featured_media":0,"comment_status":"open","ping_status":"open","sticky":false,"template":"","format":"standard","meta":[],"categories":[5,60,2152,1],"tags":[458,526,4838,280],"_links":{"self":[{"href":"https:\/\/labestiadeportiva.com\/lbd\/wp-json\/wp\/v2\/posts\/43355"}],"collection":[{"href":"https:\/\/labestiadeportiva.com\/lbd\/wp-json\/wp\/v2\/posts"}],"about":[{"href":"https:\/\/labestiadeportiva.com\/lbd\/wp-json\/wp\/v2\/types\/post"}],"author":[{"embeddable":true,"href":"https:\/\/labestiadeportiva.com\/lbd\/wp-json\/wp\/v2\/users\/1"}],"replies":[{"embeddable":true,"href":"https:\/\/labestiadeportiva.com\/lbd\/wp-json\/wp\/v2\/comments?post=43355"}],"version-history":[{"count":2,"href":"https:\/\/labestiadeportiva.com\/lbd\/wp-json\/wp\/v2\/posts\/43355\/revisions"}],"predecessor-version":[{"id":43359,"href":"https:\/\/labestiadeportiva.com\/lbd\/wp-json\/wp\/v2\/posts\/43355\/revisions\/43359"}],"wp:attachment":[{"href":"https:\/\/labestiadeportiva.com\/lbd\/wp-json\/wp\/v2\/media?parent=43355"}],"wp:term":[{"taxonomy":"category","embeddable":true,"href":"https:\/\/labestiadeportiva.com\/lbd\/wp-json\/wp\/v2\/categories?post=43355"},{"taxonomy":"post_tag","embeddable":true,"href":"https:\/\/labestiadeportiva.com\/lbd\/wp-json\/wp\/v2\/tags?post=43355"}],"curies":[{"name":"wp","href":"https:\/\/api.w.org\/{rel}","templated":true}]}}