{"id":4342,"date":"2013-05-14T19:50:18","date_gmt":"2013-05-14T19:50:18","guid":{"rendered":"http:\/\/labestiadeportiva.com\/lbd\/?p=4342"},"modified":"2013-05-14T19:51:22","modified_gmt":"2013-05-14T19:51:22","slug":"el-campeon-llego-a-la-punta","status":"publish","type":"post","link":"https:\/\/labestiadeportiva.com\/lbd\/el-campeon-llego-a-la-punta\/","title":{"rendered":"El campe\u00f3n lleg\u00f3 a la punta"},"content":{"rendered":"<p class=\"MsoNormal\"><a href=\"http:\/\/labestiadeportiva.com\/lbd\/wp-content\/uploads\/2013\/05\/248234_584341098265709_1006469979_n.jpg\"><img loading=\"lazy\" class=\"alignleft size-medium wp-image-4343\" title=\"248234_584341098265709_1006469979_n\" src=\"http:\/\/labestiadeportiva.com\/lbd\/wp-content\/uploads\/2013\/05\/248234_584341098265709_1006469979_n-300x150.jpg\" alt=\"\" width=\"300\" height=\"150\" srcset=\"https:\/\/labestiadeportiva.com\/lbd\/wp-content\/uploads\/2013\/05\/248234_584341098265709_1006469979_n-300x150.jpg 300w, https:\/\/labestiadeportiva.com\/lbd\/wp-content\/uploads\/2013\/05\/248234_584341098265709_1006469979_n.jpg 960w\" sizes=\"(max-width: 300px) 100vw, 300px\" \/><\/a>El ushuaiense, Mauro Bianco, volvi\u00f3 a imponerse en el TC Fueguino. La categor\u00eda repiti\u00f3 circuito y el capitalino triunf\u00f3 nuevamente en R\u00edo Grande. Liderazgo para el actual campe\u00f3n antes del receso quedando en inmejorable posici\u00f3n para las cuatro fechas finales que se realizar\u00e1n a partir del mes de septiembre. Las fotos son gentileza de \u201cTito\u201d Garc\u00eda.<!--morePara leer Click Aqu\u00ed--><\/p>\n<p class=\"MsoNormal\">Como hace algunas semanas atr\u00e1s Mauro Bianco se impuso en forma contundente, esta vez en la octava fecha oficial del TC Fueguino temporada 2012\/2013.<\/p>\n<p class=\"MsoNormal\">El hombre de la Dodge naranja con vivos negros realiz\u00f3 un fin de semana perfecto logrando la pole e imponi\u00e9ndose en serie y final.<\/p>\n<p class=\"MsoNormal\">En la serie el ushuaiense se cort\u00f3 en punta marcando en camino, con la pista libre Bianco realiz\u00f3 una impecable tarea <span style=\"mso-spacerun: yes;\">\u00a0<\/span>donde su manejo roz\u00f3 la perfecci\u00f3n.<\/p>\n<p class=\"MsoNormal\">En la final la lucha del ganador fue franca ante Emmanuel Rolando, esta disputa inicial solo dur\u00f3 algunas vueltas. Una vez consolidado en el primer lugar Bianco marc\u00f3 diferencias en pista que mantuvo hasta la bandera a cuadros.<\/p>\n<p class=\"MsoNormal\">Por detr\u00e1s quedaron Prokopiw y Celentano luchando por los restantes escalones del podio.<\/p>\n<p class=\"MsoNormal\">El cierre de la final tuvo cierto dramatismo cuando un despiste de Sarena ensuci\u00f3 la cinta asf\u00e1ltica permitiendo que Rolando se acercara al l\u00edder en los \u00faltimos dos giros, a pesar de esto las posiciones se mantuvieron inalterables.<\/p>\n<p class=\"MsoNormal\"><a href=\"http:\/\/labestiadeportiva.com\/lbd\/wp-content\/uploads\/2013\/05\/944697_584339691599183_623977515_n.jpg\"><img loading=\"lazy\" class=\"aligncenter size-medium wp-image-4344\" title=\"944697_584339691599183_623977515_n\" src=\"http:\/\/labestiadeportiva.com\/lbd\/wp-content\/uploads\/2013\/05\/944697_584339691599183_623977515_n-300x204.jpg\" alt=\"\" width=\"300\" height=\"204\" srcset=\"https:\/\/labestiadeportiva.com\/lbd\/wp-content\/uploads\/2013\/05\/944697_584339691599183_623977515_n-300x204.jpg 300w, https:\/\/labestiadeportiva.com\/lbd\/wp-content\/uploads\/2013\/05\/944697_584339691599183_623977515_n.jpg 960w\" sizes=\"(max-width: 300px) 100vw, 300px\" \/><\/a>A partir de aqu\u00ed la actividad ingresa en el receso invernal de alrededor de tres meses, el 21 y 22<span style=\"mso-spacerun: yes;\">\u00a0 <\/span>de septiembre en el norte de la isla se volver\u00e1 a correr en forma oficial.<\/p>\n<p class=\"MsoNormal\">Hasta donde pudimos averiguar luego de la revisaci\u00f3n t\u00e9cnica la clasificaci\u00f3n final podr\u00eda sufrir alguna modificaci\u00f3n, aclarando que el ganador super\u00f3 esta instancia sin inconvenientes.<\/p>\n<p class=\"MsoNormal\">Al presente campeonato de la ACTCF le quedan cuatro fechas, el actual campe\u00f3n de la categor\u00eda ingresa a los talleres en inmejorables condiciones para intentar repetir el t\u00edtulo y conservar el N\u00b0 1 en sus laterales. <span style=\"mso-spacerun: yes;\">\u00a0<\/span><span style=\"mso-spacerun: yes;\">\u00a0<\/span><span style=\"mso-spacerun: yes;\">\u00a0<\/span><span style=\"mso-spacerun: yes;\">\u00a0<\/span><\/p>\n<p class=\"MsoNormal\"><span style=\"mso-spacerun: yes;\"><a href=\"http:\/\/labestiadeportiva.com\/lbd\/wp-content\/uploads\/2013\/05\/clasificacion-serie-tc1.png\"><img loading=\"lazy\" class=\"aligncenter size-medium wp-image-4345\" title=\"clasificacion-serie-tc1\" src=\"http:\/\/labestiadeportiva.com\/lbd\/wp-content\/uploads\/2013\/05\/clasificacion-serie-tc1-300x131.png\" alt=\"\" width=\"300\" height=\"131\" srcset=\"https:\/\/labestiadeportiva.com\/lbd\/wp-content\/uploads\/2013\/05\/clasificacion-serie-tc1-300x131.png 300w, https:\/\/labestiadeportiva.com\/lbd\/wp-content\/uploads\/2013\/05\/clasificacion-serie-tc1.png 729w\" sizes=\"(max-width: 300px) 100vw, 300px\" \/><\/a><\/span><\/p>\n<p class=\"MsoNormal\"><span style=\"mso-spacerun: yes;\"><a href=\"http:\/\/labestiadeportiva.com\/lbd\/wp-content\/uploads\/2013\/05\/clasificacion-final-tc.jpg\"><img loading=\"lazy\" class=\"aligncenter size-medium wp-image-4346\" title=\"clasificacion-final-tc\" src=\"http:\/\/labestiadeportiva.com\/lbd\/wp-content\/uploads\/2013\/05\/clasificacion-final-tc-300x106.jpg\" alt=\"\" width=\"300\" height=\"106\" srcset=\"https:\/\/labestiadeportiva.com\/lbd\/wp-content\/uploads\/2013\/05\/clasificacion-final-tc-300x106.jpg 300w, https:\/\/labestiadeportiva.com\/lbd\/wp-content\/uploads\/2013\/05\/clasificacion-final-tc.jpg 758w\" sizes=\"(max-width: 300px) 100vw, 300px\" \/><\/a>\u00a0<\/span><span style=\"mso-spacerun: yes;\">\u00a0<\/span><\/p>\n<div class='epvc-post-count'><span class='epvc-eye'><\/span>  <span class=\"epvc-count\"> 1.108<\/span><span class='epvc-label'> veces le\u00edda<\/span><\/div>\n<div class=\"jwsharethis\">\nShare this: \n<br \/>\n<a href=\"mailto:?subject=El%20campe%C3%B3n%20lleg%C3%B3%20a%20la%20punta&amp;body=https%3A%2F%2Flabestiadeportiva.com%2Flbd%2Fel-campeon-llego-a-la-punta%2F\">\n<img src=\"https:\/\/labestiadeportiva.com\/lbd\/wp-content\/plugins\/jw-share-this\/email.png\" alt=\"Share this page via Email\" \/>\n<\/a>\n<a target=\"_blank\" href=\"http:\/\/www.stumbleupon.com\/submit?url=https%3A%2F%2Flabestiadeportiva.com%2Flbd%2Fel-campeon-llego-a-la-punta%2F&amp;title=El+campe%C3%B3n+lleg%C3%B3+a+la+punta\">\n<img src=\"https:\/\/labestiadeportiva.com\/lbd\/wp-content\/plugins\/jw-share-this\/su.png\" alt=\"Share this page via Stumble Upon\" \/>\n<\/a>\n<a target=\"_blank\" href=\"http:\/\/digg.com\/submit?url=https%3A%2F%2Flabestiadeportiva.com%2Flbd%2Fel-campeon-llego-a-la-punta%2F&amp;title=El+campe%C3%B3n+lleg%C3%B3+a+la+punta\">\n<img src=\"https:\/\/labestiadeportiva.com\/lbd\/wp-content\/plugins\/jw-share-this\/digg.png\" alt=\"Share this page via Digg this\" \/>\n<\/a>\n<a target=\"_blank\" href=\"http:\/\/www.facebook.com\/sharer.php?u=https%3A%2F%2Flabestiadeportiva.com%2Flbd%2Fel-campeon-llego-a-la-punta%2F&amp;t=El+campe%C3%B3n+lleg%C3%B3+a+la+punta\">\n<img src=\"https:\/\/labestiadeportiva.com\/lbd\/wp-content\/plugins\/jw-share-this\/fb.png\" alt=\"Share this page via Facebook\" \/>\n<\/a>\n<a target=\"_blank\" href=\"http:\/\/twitter.com\/intent\/tweet?text=I+like+https%3A%2F%2Flabestiadeportiva.com%2Flbd%2Fel-campeon-llego-a-la-punta%2F&amp;title=El+campe%C3%B3n+lleg%C3%B3+a+la+punta\">\n<img src=\"https:\/\/labestiadeportiva.com\/lbd\/wp-content\/plugins\/jw-share-this\/twitter.png\" alt=\"Share this page via Twitter\" \/>\n<\/a>\n<\/div>\n","protected":false},"excerpt":{"rendered":"<p>El ushuaiense, Mauro Bianco, volvi\u00f3 a imponerse en el TC Fueguino. La categor\u00eda repiti\u00f3 circuito y el capitalino triunf\u00f3 nuevamente en R\u00edo Grande. Liderazgo para el actual campe\u00f3n antes del receso quedando en inmejorable posici\u00f3n para las cuatro fechas finales que se realizar\u00e1n a partir del mes de septiembre. Las fotos son gentileza de \u201cTito\u201d &hellip; <a href=\"https:\/\/labestiadeportiva.com\/lbd\/el-campeon-llego-a-la-punta\/\" class=\"more-link\">Seguir leyendo <span class=\"screen-reader-text\">El campe\u00f3n lleg\u00f3 a la punta<\/span> <span class=\"meta-nav\">&rarr;<\/span><\/a><\/p>\n","protected":false},"author":1,"featured_media":4343,"comment_status":"open","ping_status":"open","sticky":false,"template":"","format":"standard","meta":[],"categories":[5,1],"tags":[281,274,542,587],"_links":{"self":[{"href":"https:\/\/labestiadeportiva.com\/lbd\/wp-json\/wp\/v2\/posts\/4342"}],"collection":[{"href":"https:\/\/labestiadeportiva.com\/lbd\/wp-json\/wp\/v2\/posts"}],"about":[{"href":"https:\/\/labestiadeportiva.com\/lbd\/wp-json\/wp\/v2\/types\/post"}],"author":[{"embeddable":true,"href":"https:\/\/labestiadeportiva.com\/lbd\/wp-json\/wp\/v2\/users\/1"}],"replies":[{"embeddable":true,"href":"https:\/\/labestiadeportiva.com\/lbd\/wp-json\/wp\/v2\/comments?post=4342"}],"version-history":[{"count":2,"href":"https:\/\/labestiadeportiva.com\/lbd\/wp-json\/wp\/v2\/posts\/4342\/revisions"}],"predecessor-version":[{"id":4348,"href":"https:\/\/labestiadeportiva.com\/lbd\/wp-json\/wp\/v2\/posts\/4342\/revisions\/4348"}],"wp:featuredmedia":[{"embeddable":true,"href":"https:\/\/labestiadeportiva.com\/lbd\/wp-json\/wp\/v2\/media\/4343"}],"wp:attachment":[{"href":"https:\/\/labestiadeportiva.com\/lbd\/wp-json\/wp\/v2\/media?parent=4342"}],"wp:term":[{"taxonomy":"category","embeddable":true,"href":"https:\/\/labestiadeportiva.com\/lbd\/wp-json\/wp\/v2\/categories?post=4342"},{"taxonomy":"post_tag","embeddable":true,"href":"https:\/\/labestiadeportiva.com\/lbd\/wp-json\/wp\/v2\/tags?post=4342"}],"curies":[{"name":"wp","href":"https:\/\/api.w.org\/{rel}","templated":true}]}}