{"id":43485,"date":"2022-10-29T00:38:53","date_gmt":"2022-10-29T03:38:53","guid":{"rendered":"http:\/\/labestiadeportiva.com\/lbd\/?p=43485"},"modified":"2022-11-07T23:00:26","modified_gmt":"2022-11-08T02:00:26","slug":"ocho-medallas-el-viernes-tres-mas-este-sabado-solo-resta-saber-el-color","status":"publish","type":"post","link":"https:\/\/labestiadeportiva.com\/lbd\/ocho-medallas-el-viernes-tres-mas-este-sabado-solo-resta-saber-el-color\/","title":{"rendered":"Ocho medallas el viernes, tres m\u00e1s este s\u00e1bado, solo resta saber el color"},"content":{"rendered":"\n<figure class=\"wp-block-image size-full\"><a href=\"http:\/\/labestiadeportiva.com\/lbd\/wp-content\/uploads\/2022\/10\/IMG-20221028-WA03313.jpg\"><img loading=\"lazy\" width=\"419\" height=\"787\" src=\"http:\/\/labestiadeportiva.com\/lbd\/wp-content\/uploads\/2022\/10\/IMG-20221028-WA03313.jpg\" alt=\"\" class=\"wp-image-43491\" srcset=\"https:\/\/labestiadeportiva.com\/lbd\/wp-content\/uploads\/2022\/10\/IMG-20221028-WA03313.jpg 419w, https:\/\/labestiadeportiva.com\/lbd\/wp-content\/uploads\/2022\/10\/IMG-20221028-WA03313-160x300.jpg 160w\" sizes=\"(max-width: 419px) 100vw, 419px\" \/><\/a><\/figure>\n\n\n\n<figure class=\"wp-block-image size-full\"><a href=\"http:\/\/labestiadeportiva.com\/lbd\/wp-content\/uploads\/2022\/11\/CARA_PEREZ-2.jpg\"><img loading=\"lazy\" width=\"600\" height=\"124\" src=\"http:\/\/labestiadeportiva.com\/lbd\/wp-content\/uploads\/2022\/11\/CARA_PEREZ-2.jpg\" alt=\"\" class=\"wp-image-43576\" srcset=\"https:\/\/labestiadeportiva.com\/lbd\/wp-content\/uploads\/2022\/11\/CARA_PEREZ-2.jpg 600w, https:\/\/labestiadeportiva.com\/lbd\/wp-content\/uploads\/2022\/11\/CARA_PEREZ-2-300x62.jpg 300w\" sizes=\"(max-width: 600px) 100vw, 600px\" \/><\/a><\/figure>\n\n\n\n<p>Se viven las \u00faltimas horas en la versi\u00f3n 2022 de los Juegos Nacionales Evita. Breve repaso de la producci\u00f3n Fueguina. Este s\u00e1bado al mediod\u00eda los representativos saloneros, Sub 14 y Sub 16 femenino m\u00e1s Sub 14 masculino ir\u00e1n por la medalla de oro.<\/p>\n\n\n\n<!--more-->\n\n\n\n<figure class=\"wp-block-image size-large\"><a href=\"http:\/\/labestiadeportiva.com\/lbd\/wp-content\/uploads\/2022\/10\/IMG-20221028-WA0258.jpg\"><img loading=\"lazy\" width=\"1024\" height=\"712\" src=\"http:\/\/labestiadeportiva.com\/lbd\/wp-content\/uploads\/2022\/10\/IMG-20221028-WA0258-1024x712.jpg\" alt=\"\" class=\"wp-image-43487\" srcset=\"https:\/\/labestiadeportiva.com\/lbd\/wp-content\/uploads\/2022\/10\/IMG-20221028-WA0258-1024x712.jpg 1024w, https:\/\/labestiadeportiva.com\/lbd\/wp-content\/uploads\/2022\/10\/IMG-20221028-WA0258-300x209.jpg 300w, https:\/\/labestiadeportiva.com\/lbd\/wp-content\/uploads\/2022\/10\/IMG-20221028-WA0258-768x534.jpg 768w, https:\/\/labestiadeportiva.com\/lbd\/wp-content\/uploads\/2022\/10\/IMG-20221028-WA0258-1536x1068.jpg 1536w, https:\/\/labestiadeportiva.com\/lbd\/wp-content\/uploads\/2022\/10\/IMG-20221028-WA0258-640x445.jpg 640w, https:\/\/labestiadeportiva.com\/lbd\/wp-content\/uploads\/2022\/10\/IMG-20221028-WA0258.jpg 1600w\" sizes=\"(max-width: 1024px) 100vw, 1024px\" \/><\/a><\/figure>\n\n\n\n<p>una medalla de oro, cinco de plata y una de bronce en gimnasia r\u00edtmica, levantamiento ol\u00edmpico y boxeo fue la cosecha en el comienzo del fin de semana. <\/p>\n\n\n\n<p>La Gimnasia R\u00edtmica logr\u00f3 aportar una presea de oro en la modalidad Aro en categor\u00eda Sub 12 y dos de segundo puesto (Soga y General Sub 14).<\/p>\n\n\n\n<p>En el Levantamiento Ol\u00edmpico ,Julieta Oyarzo (hasta 59 kilos) logr\u00f3 el subcampeonato. Asimismo Victoria Ybars (cat 71kg) y Malena Roche (cat +71kg) consiguiero la medalla de plata. <\/p>\n\n\n\n<figure class=\"wp-block-image size-large\"><a href=\"http:\/\/labestiadeportiva.com\/lbd\/wp-content\/uploads\/2022\/10\/IMG-20221028-WA0234.jpg\"><img loading=\"lazy\" width=\"1024\" height=\"814\" src=\"http:\/\/labestiadeportiva.com\/lbd\/wp-content\/uploads\/2022\/10\/IMG-20221028-WA0234-1024x814.jpg\" alt=\"\" class=\"wp-image-43488\" srcset=\"https:\/\/labestiadeportiva.com\/lbd\/wp-content\/uploads\/2022\/10\/IMG-20221028-WA0234-1024x814.jpg 1024w, https:\/\/labestiadeportiva.com\/lbd\/wp-content\/uploads\/2022\/10\/IMG-20221028-WA0234-300x238.jpg 300w, https:\/\/labestiadeportiva.com\/lbd\/wp-content\/uploads\/2022\/10\/IMG-20221028-WA0234-768x610.jpg 768w, https:\/\/labestiadeportiva.com\/lbd\/wp-content\/uploads\/2022\/10\/IMG-20221028-WA0234-640x509.jpg 640w, https:\/\/labestiadeportiva.com\/lbd\/wp-content\/uploads\/2022\/10\/IMG-20221028-WA0234.jpg 1247w\" sizes=\"(max-width: 1024px) 100vw, 1024px\" \/><\/a><\/figure>\n\n\n\n<p>Dentro del boxeo, en el segmento  57 kilos, Cristian Medina no pudo con el representante de Santa Fe. Su gran producci\u00f3n hizo que el p\u00fagil  fueguino consiguiera una meritoria medalla de bronce.<\/p>\n\n\n\n<p>El cierre deportivo de este s\u00e1bado ser\u00e1 espectacular. Finales para el judo, atletismo y taekeondo aunque la principal atracci\u00f3n ser\u00e1n las tres finales por el oro del futsal.<\/p>\n\n\n\n<p>Todos los partidos se jugar\u00e1n a las 12.30 del mediod\u00eda. El equipo Sub 14 femenino se medir\u00e1 con San Luis, los varones de la misma categor\u00eda frente a San Juan mientras que el Sub 16 femenino lo har\u00e1 ante La Rioja.<\/p>\n\n\n\n<p>Los encuentros de la divisional menor sevrealizar\u00e1n en simult\u00e1neo y ser\u00e1n transmitidos a trav\u00e9s de la TV P\u00fablica Fueguina en vivo desde Chapadmalal.<\/p>\n\n\n\n<figure class=\"wp-block-image size-large\"><a href=\"http:\/\/labestiadeportiva.com\/lbd\/wp-content\/uploads\/2022\/10\/IMG-20221028-WA0157.jpg\"><img loading=\"lazy\" width=\"1024\" height=\"768\" src=\"http:\/\/labestiadeportiva.com\/lbd\/wp-content\/uploads\/2022\/10\/IMG-20221028-WA0157-1024x768.jpg\" alt=\"\" class=\"wp-image-43489\" srcset=\"https:\/\/labestiadeportiva.com\/lbd\/wp-content\/uploads\/2022\/10\/IMG-20221028-WA0157-1024x768.jpg 1024w, https:\/\/labestiadeportiva.com\/lbd\/wp-content\/uploads\/2022\/10\/IMG-20221028-WA0157-300x225.jpg 300w, https:\/\/labestiadeportiva.com\/lbd\/wp-content\/uploads\/2022\/10\/IMG-20221028-WA0157-768x576.jpg 768w, https:\/\/labestiadeportiva.com\/lbd\/wp-content\/uploads\/2022\/10\/IMG-20221028-WA0157-1536x1152.jpg 1536w, https:\/\/labestiadeportiva.com\/lbd\/wp-content\/uploads\/2022\/10\/IMG-20221028-WA0157-640x480.jpg 640w, https:\/\/labestiadeportiva.com\/lbd\/wp-content\/uploads\/2022\/10\/IMG-20221028-WA0157.jpg 1600w\" sizes=\"(max-width: 1024px) 100vw, 1024px\" \/><\/a><\/figure>\n\n\n\n<p><\/p>\n<div class='epvc-post-count'><span class='epvc-eye'><\/span>  <span class=\"epvc-count\"> 1.164<\/span><span class='epvc-label'> veces le\u00edda<\/span><\/div>\n<div class=\"jwsharethis\">\nShare this: \n<br \/>\n<a href=\"mailto:?subject=Ocho%20medallas%20el%20viernes%2C%20tres%20m%C3%A1s%20este%20s%C3%A1bado%2C%20solo%20resta%20saber%20el%20color&amp;body=https%3A%2F%2Flabestiadeportiva.com%2Flbd%2Focho-medallas-el-viernes-tres-mas-este-sabado-solo-resta-saber-el-color%2F\">\n<img src=\"https:\/\/labestiadeportiva.com\/lbd\/wp-content\/plugins\/jw-share-this\/email.png\" alt=\"Share this page via Email\" \/>\n<\/a>\n<a target=\"_blank\" href=\"http:\/\/www.stumbleupon.com\/submit?url=https%3A%2F%2Flabestiadeportiva.com%2Flbd%2Focho-medallas-el-viernes-tres-mas-este-sabado-solo-resta-saber-el-color%2F&amp;title=Ocho+medallas+el+viernes%2C+tres+m%C3%A1s+este+s%C3%A1bado%2C+solo+resta+saber+el+color\">\n<img src=\"https:\/\/labestiadeportiva.com\/lbd\/wp-content\/plugins\/jw-share-this\/su.png\" alt=\"Share this page via Stumble Upon\" \/>\n<\/a>\n<a target=\"_blank\" href=\"http:\/\/digg.com\/submit?url=https%3A%2F%2Flabestiadeportiva.com%2Flbd%2Focho-medallas-el-viernes-tres-mas-este-sabado-solo-resta-saber-el-color%2F&amp;title=Ocho+medallas+el+viernes%2C+tres+m%C3%A1s+este+s%C3%A1bado%2C+solo+resta+saber+el+color\">\n<img src=\"https:\/\/labestiadeportiva.com\/lbd\/wp-content\/plugins\/jw-share-this\/digg.png\" alt=\"Share this page via Digg this\" \/>\n<\/a>\n<a target=\"_blank\" href=\"http:\/\/www.facebook.com\/sharer.php?u=https%3A%2F%2Flabestiadeportiva.com%2Flbd%2Focho-medallas-el-viernes-tres-mas-este-sabado-solo-resta-saber-el-color%2F&amp;t=Ocho+medallas+el+viernes%2C+tres+m%C3%A1s+este+s%C3%A1bado%2C+solo+resta+saber+el+color\">\n<img src=\"https:\/\/labestiadeportiva.com\/lbd\/wp-content\/plugins\/jw-share-this\/fb.png\" alt=\"Share this page via Facebook\" \/>\n<\/a>\n<a target=\"_blank\" href=\"http:\/\/twitter.com\/intent\/tweet?text=I+like+https%3A%2F%2Flabestiadeportiva.com%2Flbd%2Focho-medallas-el-viernes-tres-mas-este-sabado-solo-resta-saber-el-color%2F&amp;title=Ocho+medallas+el+viernes%2C+tres+m%C3%A1s+este+s%C3%A1bado%2C+solo+resta+saber+el+color\">\n<img src=\"https:\/\/labestiadeportiva.com\/lbd\/wp-content\/plugins\/jw-share-this\/twitter.png\" alt=\"Share this page via Twitter\" \/>\n<\/a>\n<\/div>\n","protected":false},"excerpt":{"rendered":"<p>Se viven las \u00faltimas horas en la versi\u00f3n 2022 de los Juegos Nacionales Evita. Breve repaso de la producci\u00f3n Fueguina. Este s\u00e1bado al mediod\u00eda los representativos saloneros, Sub 14 y Sub 16 femenino m\u00e1s Sub 14 masculino ir\u00e1n por la medalla de oro. 1.164 veces le\u00edda Share this:<\/p>\n","protected":false},"author":1,"featured_media":0,"comment_status":"open","ping_status":"open","sticky":false,"template":"","format":"standard","meta":[],"categories":[5,6,2382,1],"tags":[1736,1100,4912,83],"_links":{"self":[{"href":"https:\/\/labestiadeportiva.com\/lbd\/wp-json\/wp\/v2\/posts\/43485"}],"collection":[{"href":"https:\/\/labestiadeportiva.com\/lbd\/wp-json\/wp\/v2\/posts"}],"about":[{"href":"https:\/\/labestiadeportiva.com\/lbd\/wp-json\/wp\/v2\/types\/post"}],"author":[{"embeddable":true,"href":"https:\/\/labestiadeportiva.com\/lbd\/wp-json\/wp\/v2\/users\/1"}],"replies":[{"embeddable":true,"href":"https:\/\/labestiadeportiva.com\/lbd\/wp-json\/wp\/v2\/comments?post=43485"}],"version-history":[{"count":5,"href":"https:\/\/labestiadeportiva.com\/lbd\/wp-json\/wp\/v2\/posts\/43485\/revisions"}],"predecessor-version":[{"id":43675,"href":"https:\/\/labestiadeportiva.com\/lbd\/wp-json\/wp\/v2\/posts\/43485\/revisions\/43675"}],"wp:attachment":[{"href":"https:\/\/labestiadeportiva.com\/lbd\/wp-json\/wp\/v2\/media?parent=43485"}],"wp:term":[{"taxonomy":"category","embeddable":true,"href":"https:\/\/labestiadeportiva.com\/lbd\/wp-json\/wp\/v2\/categories?post=43485"},{"taxonomy":"post_tag","embeddable":true,"href":"https:\/\/labestiadeportiva.com\/lbd\/wp-json\/wp\/v2\/tags?post=43485"}],"curies":[{"name":"wp","href":"https:\/\/api.w.org\/{rel}","templated":true}]}}