{"id":43539,"date":"2022-11-01T09:52:47","date_gmt":"2022-11-01T12:52:47","guid":{"rendered":"http:\/\/labestiadeportiva.com\/lbd\/?p=43539"},"modified":"2022-11-03T12:00:08","modified_gmt":"2022-11-03T15:00:08","slug":"31-medallas-para-los-fueguinos-en-mdq","status":"publish","type":"post","link":"https:\/\/labestiadeportiva.com\/lbd\/31-medallas-para-los-fueguinos-en-mdq\/","title":{"rendered":"31 medallas para los fueguinos en MDQ"},"content":{"rendered":"\n<figure class=\"wp-block-image size-full\"><a href=\"http:\/\/labestiadeportiva.com\/lbd\/wp-content\/uploads\/2022\/11\/Screenshot_20221101-0945383.png\"><img loading=\"lazy\" width=\"720\" height=\"854\" src=\"http:\/\/labestiadeportiva.com\/lbd\/wp-content\/uploads\/2022\/11\/Screenshot_20221101-0945383.png\" alt=\"\" class=\"wp-image-43540\" srcset=\"https:\/\/labestiadeportiva.com\/lbd\/wp-content\/uploads\/2022\/11\/Screenshot_20221101-0945383.png 720w, https:\/\/labestiadeportiva.com\/lbd\/wp-content\/uploads\/2022\/11\/Screenshot_20221101-0945383-253x300.png 253w, https:\/\/labestiadeportiva.com\/lbd\/wp-content\/uploads\/2022\/11\/Screenshot_20221101-0945383-640x759.png 640w\" sizes=\"(max-width: 720px) 100vw, 720px\" \/><\/a><\/figure>\n\n\n\n<figure class=\"wp-block-image size-full\"><a href=\"http:\/\/labestiadeportiva.com\/lbd\/wp-content\/uploads\/2022\/11\/CARA_PEREZ-2.jpg\"><img loading=\"lazy\" width=\"600\" height=\"124\" src=\"http:\/\/labestiadeportiva.com\/lbd\/wp-content\/uploads\/2022\/11\/CARA_PEREZ-2.jpg\" alt=\"\" class=\"wp-image-43576\" srcset=\"https:\/\/labestiadeportiva.com\/lbd\/wp-content\/uploads\/2022\/11\/CARA_PEREZ-2.jpg 600w, https:\/\/labestiadeportiva.com\/lbd\/wp-content\/uploads\/2022\/11\/CARA_PEREZ-2-300x62.jpg 300w\" sizes=\"(max-width: 600px) 100vw, 600px\" \/><\/a><\/figure>\n\n\n\n<p>Pas\u00f3 la esperada edici\u00f3n 2022 de los Juegos Nacionales Evita luego de dos a\u00f1os de espera. Intensa semana donde el pa\u00eds volvi\u00f3 a reunirse en Mar del Plata para  competir en diferentes disciplinas del deporte convencional y  adaptado. Este es el resumen de las preseas conseguidas.<\/p>\n\n\n\n<!--more-->\n\n\n\n<figure class=\"wp-block-image size-large\"><a href=\"http:\/\/labestiadeportiva.com\/lbd\/wp-content\/uploads\/2022\/11\/IMG-20221031-WA0092.jpg\"><img loading=\"lazy\" width=\"768\" height=\"1024\" src=\"http:\/\/labestiadeportiva.com\/lbd\/wp-content\/uploads\/2022\/11\/IMG-20221031-WA0092-768x1024.jpg\" alt=\"\" class=\"wp-image-43544\" srcset=\"https:\/\/labestiadeportiva.com\/lbd\/wp-content\/uploads\/2022\/11\/IMG-20221031-WA0092-768x1024.jpg 768w, https:\/\/labestiadeportiva.com\/lbd\/wp-content\/uploads\/2022\/11\/IMG-20221031-WA0092-225x300.jpg 225w, https:\/\/labestiadeportiva.com\/lbd\/wp-content\/uploads\/2022\/11\/IMG-20221031-WA0092-1152x1536.jpg 1152w, https:\/\/labestiadeportiva.com\/lbd\/wp-content\/uploads\/2022\/11\/IMG-20221031-WA0092-640x853.jpg 640w, https:\/\/labestiadeportiva.com\/lbd\/wp-content\/uploads\/2022\/11\/IMG-20221031-WA0092.jpg 1200w\" sizes=\"(max-width: 768px) 100vw, 768px\" \/><\/a><\/figure>\n\n\n\n<p>En cuanto al deporte convencional los puntos m\u00e1s altos los entreg\u00f3 el atletismo que sum\u00f3 tres medallas, los oros  de Antonella Ojeda en Pentatl\u00f3n, Renata Godoy en el Heptatl\u00f3n m\u00e1s el bronce de la Posta 5&#215;80 femenina del Sub 14.<\/p>\n\n\n\n<p>Lo del futsal, debutante en los Juegos, fue superlativo. Hist\u00f3rico doble Oro para el femenino, con triunfo del Sub 14 por 3 a 2 sobre San Luis mientras que el Sub 16 dobleg\u00f3 a La Rioja por 4 a 2. <\/p>\n\n\n\n<p>Los varones Sub 14, \u00fanica categor\u00eda salonera para los j\u00f3venes, fue impecable. El traspi\u00e9 de la final, donde empat\u00f3 en 3 ante San Juan y cedi\u00f3 en los penales, no opaca el rendimiento desplegado en cada una de las presentaciones anteriores donde se impuso categ\u00f3ricamente con buen juego y goles. Plata merecida para un equipo s\u00f3lido en lo individual y colectivo.<\/p>\n\n\n\n<figure class=\"wp-block-image size-large\"><a href=\"http:\/\/labestiadeportiva.com\/lbd\/wp-content\/uploads\/2022\/11\/IMG-20221101-WA0034.jpg\"><img loading=\"lazy\" width=\"461\" height=\"1024\" src=\"http:\/\/labestiadeportiva.com\/lbd\/wp-content\/uploads\/2022\/11\/IMG-20221101-WA0034-461x1024.jpg\" alt=\"\" class=\"wp-image-43552\" srcset=\"https:\/\/labestiadeportiva.com\/lbd\/wp-content\/uploads\/2022\/11\/IMG-20221101-WA0034-461x1024.jpg 461w, https:\/\/labestiadeportiva.com\/lbd\/wp-content\/uploads\/2022\/11\/IMG-20221101-WA0034-135x300.jpg 135w, https:\/\/labestiadeportiva.com\/lbd\/wp-content\/uploads\/2022\/11\/IMG-20221101-WA0034-691x1536.jpg 691w, https:\/\/labestiadeportiva.com\/lbd\/wp-content\/uploads\/2022\/11\/IMG-20221101-WA0034-640x1422.jpg 640w, https:\/\/labestiadeportiva.com\/lbd\/wp-content\/uploads\/2022\/11\/IMG-20221101-WA0034.jpg 720w\" sizes=\"(max-width: 461px) 100vw, 461px\" \/><\/a><\/figure>\n\n\n\n<p>Gran momento del Levantamiento Ol\u00edmpico donde los puntos m\u00e1s altos fueron los oros de Thiago Mart\u00ednez y Octavio Sosa m\u00e1s las tres preseas de plata de Julieta Oyarzo, Victoria Ybars y Malena Roche.<\/p>\n\n\n\n<p>La Gimnasia R\u00edtmica hizo lo suyo, consigui\u00f3 Oro en el Sub 12 y D\u00fao Pelotas en Sub 14 m\u00e1s las Platas de la General y Soga en Sub 14 m\u00e1s el Bronce del Sub 12 por equipos.<\/p>\n\n\n\n<p>Enzo G\u00f3mez fue lo mejor del Taekwondo consiguiendo la Plata .<\/p>\n\n\n\n<p>Aporte de Bronces en los deportes de contacto a trav\u00e9s de Homero Mallo Lucha estilo Libre, Cristian Medina Boxeo Sub 15 y \u00c1ngel Almada en  Judo.<\/p>\n\n\n\n<p>Nuestros atletas con discapacidad sumaron diez preseas. Oros de Mahia Alonso Salto en Largo y 80 metros, Valentina Barrios 80 metros y Lanzamiento de la Bala, Thiago Quispe en la nataci\u00f3n en 25 y 50 metros Libre, Florencia Ag\u00fcero Salto en Largo, Delfina Mercado Lanzamiento de Bala, Agustina Dautel Lanzamiento de Bala y la Plata de Candela Paz tambi\u00e9n en Lanzamiento de la Bala.<\/p>\n\n\n\n<figure class=\"wp-block-image size-full\"><a href=\"http:\/\/labestiadeportiva.com\/lbd\/wp-content\/uploads\/2022\/11\/FB_IMG_1667306413782.jpg\"><img loading=\"lazy\" width=\"720\" height=\"478\" src=\"http:\/\/labestiadeportiva.com\/lbd\/wp-content\/uploads\/2022\/11\/FB_IMG_1667306413782.jpg\" alt=\"\" class=\"wp-image-43541\" srcset=\"https:\/\/labestiadeportiva.com\/lbd\/wp-content\/uploads\/2022\/11\/FB_IMG_1667306413782.jpg 720w, https:\/\/labestiadeportiva.com\/lbd\/wp-content\/uploads\/2022\/11\/FB_IMG_1667306413782-300x199.jpg 300w, https:\/\/labestiadeportiva.com\/lbd\/wp-content\/uploads\/2022\/11\/FB_IMG_1667306413782-640x425.jpg 640w\" sizes=\"(max-width: 720px) 100vw, 720px\" \/><\/a><\/figure>\n\n\n\n<p>Todas las Medallas<\/p>\n\n\n\n<p>Deporte Adaptado<\/p>\n\n\n\n<p>Oro<\/p>\n\n\n\n<p>Mahia Alonzo \u2013 Salto en largo<br>Mahia Alonzo \u2013 80 mts<br>Florencia Ag\u00fcero \u2013 Salto en largo<br>Delfina Mercado \u2013 Lanzamiento de bala<br>Valentina Barrios \u2013 80 mts<br>Valentina Barrios \u2013 Lanzamiento de bala<br>Agustina Dautel \u2013 Lanzamiento de bala<br>Thiago Quispe \u2013 Nataci\u00f3n 50 mts libre<br>Thiago Quispe \u2013 Nataci\u00f3n 25 mts libre<\/p>\n\n\n\n<p>Plata<\/p>\n\n\n\n<p>Candela Paz &#8211; Lanzamiento de bala<\/p>\n\n\n\n<figure class=\"wp-block-image size-full\"><a href=\"http:\/\/labestiadeportiva.com\/lbd\/wp-content\/uploads\/2022\/11\/IMG-20221101-WA00193.jpg\"><img loading=\"lazy\" width=\"1027\" height=\"1018\" src=\"http:\/\/labestiadeportiva.com\/lbd\/wp-content\/uploads\/2022\/11\/IMG-20221101-WA00193.jpg\" alt=\"\" class=\"wp-image-43554\" srcset=\"https:\/\/labestiadeportiva.com\/lbd\/wp-content\/uploads\/2022\/11\/IMG-20221101-WA00193.jpg 1027w, https:\/\/labestiadeportiva.com\/lbd\/wp-content\/uploads\/2022\/11\/IMG-20221101-WA00193-300x297.jpg 300w\" sizes=\"(max-width: 1027px) 100vw, 1027px\" \/><\/a><\/figure>\n\n\n\n<p>Deporte Convencional<\/p>\n\n\n\n<p>Oro <\/p>\n\n\n\n<p>Futsal Fem Sub 14<br>Futsal Fem Sub 16<br>Renata Godoy &#8211; Hexatl\u00f3n<br>Antonella Ojeda &#8211; Pentatl\u00f3n<br>Thiago Mart\u00ednez &#8211; Levantamiento<br>Octavio Sosa &#8211; Levantamiento<br>Gimnasia R\u00edtmica Sub 12 &#8211; Aro<br>Gimnasia R\u00edtmica Sub 14 &#8211; Duo Pelotas<br><\/p>\n\n\n\n<p>Plata<\/p>\n\n\n\n<p><div>Futsal Masc Sub 14<br>Enzo G\u00f3mez &#8211; Taekwondo<br>Julieta Oyarzo &#8211; Levantamiento <\/div><\/p>\n\n\n\n<p><div>Victoria Ybars &#8211; Levantamiento Malena Roche &#8211; Levantamiento<br>Gimnasia R\u00edtmica Sub 14 &#8211; General<br><\/div><div>Gimnasia R\u00edtmica Sub 14 &#8211; Soga<br><\/div><\/p>\n\n\n\n<p>Bronce<\/p>\n\n\n\n<p><div>Morena Genovese &#8211; Levantamiento<br>Posta 5&#215;80 Fem Sub 14<br>Homero Mallo &#8211; Lucha estilo libre<br>Cristian Medina &#8211; Boxeo<br>\u00c1ngel Almada &#8211; Judo<br>Gimnasia R\u00edtmica Sub 12 &#8211; General por equipos<\/div><\/p>\n\n\n\n<figure class=\"wp-block-image size-large\"><a href=\"http:\/\/labestiadeportiva.com\/lbd\/wp-content\/uploads\/2022\/11\/IMG-20221031-WA0130.jpg\"><img loading=\"lazy\" width=\"1024\" height=\"472\" src=\"http:\/\/labestiadeportiva.com\/lbd\/wp-content\/uploads\/2022\/11\/IMG-20221031-WA0130-1024x472.jpg\" alt=\"\" class=\"wp-image-43542\" srcset=\"https:\/\/labestiadeportiva.com\/lbd\/wp-content\/uploads\/2022\/11\/IMG-20221031-WA0130-1024x472.jpg 1024w, https:\/\/labestiadeportiva.com\/lbd\/wp-content\/uploads\/2022\/11\/IMG-20221031-WA0130-300x138.jpg 300w, https:\/\/labestiadeportiva.com\/lbd\/wp-content\/uploads\/2022\/11\/IMG-20221031-WA0130-768x354.jpg 768w, https:\/\/labestiadeportiva.com\/lbd\/wp-content\/uploads\/2022\/11\/IMG-20221031-WA0130-640x295.jpg 640w, https:\/\/labestiadeportiva.com\/lbd\/wp-content\/uploads\/2022\/11\/IMG-20221031-WA0130.jpg 1280w\" sizes=\"(max-width: 1024px) 100vw, 1024px\" \/><\/a><\/figure>\n<div class='epvc-post-count'><span class='epvc-eye'><\/span>  <span class=\"epvc-count\"> 1.446<\/span><span class='epvc-label'> veces le\u00edda<\/span><\/div>\n<div class=\"jwsharethis\">\nShare this: \n<br \/>\n<a href=\"mailto:?subject=31%20medallas%20para%20los%20fueguinos%20en%20MDQ&amp;body=https%3A%2F%2Flabestiadeportiva.com%2Flbd%2F31-medallas-para-los-fueguinos-en-mdq%2F\">\n<img src=\"https:\/\/labestiadeportiva.com\/lbd\/wp-content\/plugins\/jw-share-this\/email.png\" alt=\"Share this page via Email\" \/>\n<\/a>\n<a target=\"_blank\" href=\"http:\/\/www.stumbleupon.com\/submit?url=https%3A%2F%2Flabestiadeportiva.com%2Flbd%2F31-medallas-para-los-fueguinos-en-mdq%2F&amp;title=31+medallas+para+los+fueguinos+en+MDQ\">\n<img src=\"https:\/\/labestiadeportiva.com\/lbd\/wp-content\/plugins\/jw-share-this\/su.png\" alt=\"Share this page via Stumble Upon\" \/>\n<\/a>\n<a target=\"_blank\" href=\"http:\/\/digg.com\/submit?url=https%3A%2F%2Flabestiadeportiva.com%2Flbd%2F31-medallas-para-los-fueguinos-en-mdq%2F&amp;title=31+medallas+para+los+fueguinos+en+MDQ\">\n<img src=\"https:\/\/labestiadeportiva.com\/lbd\/wp-content\/plugins\/jw-share-this\/digg.png\" alt=\"Share this page via Digg this\" \/>\n<\/a>\n<a target=\"_blank\" href=\"http:\/\/www.facebook.com\/sharer.php?u=https%3A%2F%2Flabestiadeportiva.com%2Flbd%2F31-medallas-para-los-fueguinos-en-mdq%2F&amp;t=31+medallas+para+los+fueguinos+en+MDQ\">\n<img src=\"https:\/\/labestiadeportiva.com\/lbd\/wp-content\/plugins\/jw-share-this\/fb.png\" alt=\"Share this page via Facebook\" \/>\n<\/a>\n<a target=\"_blank\" href=\"http:\/\/twitter.com\/intent\/tweet?text=I+like+https%3A%2F%2Flabestiadeportiva.com%2Flbd%2F31-medallas-para-los-fueguinos-en-mdq%2F&amp;title=31+medallas+para+los+fueguinos+en+MDQ\">\n<img src=\"https:\/\/labestiadeportiva.com\/lbd\/wp-content\/plugins\/jw-share-this\/twitter.png\" alt=\"Share this page via Twitter\" \/>\n<\/a>\n<\/div>\n","protected":false},"excerpt":{"rendered":"<p>Pas\u00f3 la esperada edici\u00f3n 2022 de los Juegos Nacionales Evita luego de dos a\u00f1os de espera. Intensa semana donde el pa\u00eds volvi\u00f3 a reunirse en Mar del Plata para competir en diferentes disciplinas del deporte convencional y adaptado. Este es el resumen de las preseas conseguidas. 1.446 veces le\u00edda Share this:<\/p>\n","protected":false},"author":1,"featured_media":0,"comment_status":"open","ping_status":"open","sticky":false,"template":"","format":"standard","meta":[],"categories":[5,6,2382,1],"tags":[1100,4912,83,2051],"_links":{"self":[{"href":"https:\/\/labestiadeportiva.com\/lbd\/wp-json\/wp\/v2\/posts\/43539"}],"collection":[{"href":"https:\/\/labestiadeportiva.com\/lbd\/wp-json\/wp\/v2\/posts"}],"about":[{"href":"https:\/\/labestiadeportiva.com\/lbd\/wp-json\/wp\/v2\/types\/post"}],"author":[{"embeddable":true,"href":"https:\/\/labestiadeportiva.com\/lbd\/wp-json\/wp\/v2\/users\/1"}],"replies":[{"embeddable":true,"href":"https:\/\/labestiadeportiva.com\/lbd\/wp-json\/wp\/v2\/comments?post=43539"}],"version-history":[{"count":5,"href":"https:\/\/labestiadeportiva.com\/lbd\/wp-json\/wp\/v2\/posts\/43539\/revisions"}],"predecessor-version":[{"id":43599,"href":"https:\/\/labestiadeportiva.com\/lbd\/wp-json\/wp\/v2\/posts\/43539\/revisions\/43599"}],"wp:attachment":[{"href":"https:\/\/labestiadeportiva.com\/lbd\/wp-json\/wp\/v2\/media?parent=43539"}],"wp:term":[{"taxonomy":"category","embeddable":true,"href":"https:\/\/labestiadeportiva.com\/lbd\/wp-json\/wp\/v2\/categories?post=43539"},{"taxonomy":"post_tag","embeddable":true,"href":"https:\/\/labestiadeportiva.com\/lbd\/wp-json\/wp\/v2\/tags?post=43539"}],"curies":[{"name":"wp","href":"https:\/\/api.w.org\/{rel}","templated":true}]}}