{"id":43893,"date":"2022-11-22T16:24:24","date_gmt":"2022-11-22T19:24:24","guid":{"rendered":"http:\/\/labestiadeportiva.com\/lbd\/?p=43893"},"modified":"2022-11-22T16:31:45","modified_gmt":"2022-11-22T19:31:45","slug":"rio-negro-campeon-2","status":"publish","type":"post","link":"https:\/\/labestiadeportiva.com\/lbd\/rio-negro-campeon-2\/","title":{"rendered":"R\u00edo Negro campe\u00f3n"},"content":{"rendered":"\n<figure class=\"wp-block-image size-full\"><a href=\"http:\/\/labestiadeportiva.com\/lbd\/wp-content\/uploads\/2022\/11\/316303624_449128654068961_5779138360068443610_n.jpg\"><img loading=\"lazy\" width=\"568\" height=\"379\" src=\"http:\/\/labestiadeportiva.com\/lbd\/wp-content\/uploads\/2022\/11\/316303624_449128654068961_5779138360068443610_n.jpg\" alt=\"\" class=\"wp-image-43895\" srcset=\"https:\/\/labestiadeportiva.com\/lbd\/wp-content\/uploads\/2022\/11\/316303624_449128654068961_5779138360068443610_n.jpg 568w, https:\/\/labestiadeportiva.com\/lbd\/wp-content\/uploads\/2022\/11\/316303624_449128654068961_5779138360068443610_n-300x200.jpg 300w\" sizes=\"(max-width: 568px) 100vw, 568px\" \/><\/a><\/figure>\n\n\n\n<figure class=\"wp-block-image size-full is-resized\"><a href=\"http:\/\/labestiadeportiva.com\/lbd\/wp-content\/uploads\/2022\/11\/CARA_PEREZ-2.jpg\"><img loading=\"lazy\" src=\"http:\/\/labestiadeportiva.com\/lbd\/wp-content\/uploads\/2022\/11\/CARA_PEREZ-2.jpg\" alt=\"\" class=\"wp-image-43576\" width=\"486\" height=\"100\" srcset=\"https:\/\/labestiadeportiva.com\/lbd\/wp-content\/uploads\/2022\/11\/CARA_PEREZ-2.jpg 600w, https:\/\/labestiadeportiva.com\/lbd\/wp-content\/uploads\/2022\/11\/CARA_PEREZ-2-300x62.jpg 300w\" sizes=\"(max-width: 486px) 100vw, 486px\" \/><\/a><\/figure>\n\n\n\n<p>El pasado s\u00e1bado finaliz\u00f3 la 29\u00b0 edici\u00f3n de los Juegos Binacionales de la Araucan\u00eda Los Lagos 2022.  Neuqu\u00e9n y La Pampa completaron el podio. TDF finaliz\u00f3 en el d\u00e9cimo lugar cosechando 84 unidades con el atletismo femenino como mejor producci\u00f3n. La cita araucana regresar\u00e1 al pa\u00eds en 2023 donde R\u00edo Negro ser\u00e1 la sede.<\/p>\n\n\n\n<!--more-->\n\n\n\n<p>La provincia rionegrina se impuso con 209 puntos mientras que sus escoltas acumularon 171 y 164 respectivamente. <\/p>\n\n\n\n<p>Tierra del Fuego mantuvo la 10\u00b0 posici\u00f3n de la \u00faltima cita araucana, aunque la cosecha de puntos fue algo menor que en La Pampa 2019.<\/p>\n\n\n\n<p>A la hora de de tallar las producciones fueguinas en cada disciplina podemos decir que el atletismo femenino fue el mejor siendo tercero mientras que los varones ocuparon el puesto 11.<\/p>\n\n\n\n<p>El judo de TDF consigui\u00f3 la misma posici\u00f3n en ambas ramas, sexto. El v\u00f3ley femenino termin\u00f3 en la s\u00e9ptima posici\u00f3n mientras que los varones lo hicieron en el octavo lugar.<\/p>\n\n\n\n<p>El b\u00e1squet masculino finaliz\u00f3 octavo donde las chicas lo hicieron en el puesto 13. El f\u00fatbol masculino ocup\u00f3 el puesto 8, el segmento femenino sigue en su proceso de transici\u00f3n terminando la experiencia en el d\u00e9cimo puesto.<\/p>\n\n\n\n<figure class=\"wp-block-image size-full\"><a href=\"http:\/\/labestiadeportiva.com\/lbd\/wp-content\/uploads\/2022\/11\/IMG-20221116-WA0195.jpg\"><img loading=\"lazy\" width=\"768\" height=\"1024\" src=\"http:\/\/labestiadeportiva.com\/lbd\/wp-content\/uploads\/2022\/11\/IMG-20221116-WA0195.jpg\" alt=\"\" class=\"wp-image-43819\" srcset=\"https:\/\/labestiadeportiva.com\/lbd\/wp-content\/uploads\/2022\/11\/IMG-20221116-WA0195.jpg 768w, https:\/\/labestiadeportiva.com\/lbd\/wp-content\/uploads\/2022\/11\/IMG-20221116-WA0195-225x300.jpg 225w, https:\/\/labestiadeportiva.com\/lbd\/wp-content\/uploads\/2022\/11\/IMG-20221116-WA0195-640x853.jpg 640w\" sizes=\"(max-width: 768px) 100vw, 768px\" \/><\/a><\/figure>\n\n\n\n<p>La nataci\u00f3n, otra disciplina que luego del parate obligado por Pandemia tuvo que iniciar un nuevo proceso, fue d\u00e9cimo en varones y 13  entre las damas.<\/p>\n\n\n\n<p>Finalmente el ciclismo femenino culmin\u00f3 9\u00b0 y el masculino en la posici\u00f3n n\u00famero 11. <\/p>\n\n\n\n<p>La edici\u00f3n 30 de los Juegos Binacionales de la Araucan\u00eda ser\u00e1 en territorio argentino. En 2023 la provincia m\u00e1s ganadora, R\u00edo Negro, ser\u00e1 la anfitriona de la tradicional competencia de la Patagonia Argentino &#8211; Chilena. <\/p>\n\n\n\n<figure class=\"wp-block-image size-full\"><a href=\"http:\/\/labestiadeportiva.com\/lbd\/wp-content\/uploads\/2022\/11\/316117941_448892654092561_733132112048147798_n.jpg\"><img loading=\"lazy\" width=\"978\" height=\"652\" src=\"http:\/\/labestiadeportiva.com\/lbd\/wp-content\/uploads\/2022\/11\/316117941_448892654092561_733132112048147798_n.jpg\" alt=\"\" class=\"wp-image-43897\" srcset=\"https:\/\/labestiadeportiva.com\/lbd\/wp-content\/uploads\/2022\/11\/316117941_448892654092561_733132112048147798_n.jpg 978w, https:\/\/labestiadeportiva.com\/lbd\/wp-content\/uploads\/2022\/11\/316117941_448892654092561_733132112048147798_n-300x200.jpg 300w, https:\/\/labestiadeportiva.com\/lbd\/wp-content\/uploads\/2022\/11\/316117941_448892654092561_733132112048147798_n-768x512.jpg 768w, https:\/\/labestiadeportiva.com\/lbd\/wp-content\/uploads\/2022\/11\/316117941_448892654092561_733132112048147798_n-640x427.jpg 640w\" sizes=\"(max-width: 978px) 100vw, 978px\" \/><\/a><\/figure>\n\n\n\n<p>   <\/p>\n\n\n\n<p>   <\/p>\n\n\n\n<p><\/p>\n\n\n\n<p><\/p>\n\n\n\n<p><\/p>\n\n\n\n<p><\/p>\n\n\n\n<p><\/p>\n\n\n\n<p><\/p>\n<div class='epvc-post-count'><span class='epvc-eye'><\/span>  <span class=\"epvc-count\"> 1.197<\/span><span class='epvc-label'> veces le\u00edda<\/span><\/div>\n<div class=\"jwsharethis\">\nShare this: \n<br \/>\n<a href=\"mailto:?subject=R%C3%ADo%20Negro%20campe%C3%B3n&amp;body=https%3A%2F%2Flabestiadeportiva.com%2Flbd%2Frio-negro-campeon-2%2F\">\n<img src=\"https:\/\/labestiadeportiva.com\/lbd\/wp-content\/plugins\/jw-share-this\/email.png\" alt=\"Share this page via Email\" \/>\n<\/a>\n<a target=\"_blank\" href=\"http:\/\/www.stumbleupon.com\/submit?url=https%3A%2F%2Flabestiadeportiva.com%2Flbd%2Frio-negro-campeon-2%2F&amp;title=R%C3%ADo+Negro+campe%C3%B3n\">\n<img src=\"https:\/\/labestiadeportiva.com\/lbd\/wp-content\/plugins\/jw-share-this\/su.png\" alt=\"Share this page via Stumble Upon\" \/>\n<\/a>\n<a target=\"_blank\" href=\"http:\/\/digg.com\/submit?url=https%3A%2F%2Flabestiadeportiva.com%2Flbd%2Frio-negro-campeon-2%2F&amp;title=R%C3%ADo+Negro+campe%C3%B3n\">\n<img src=\"https:\/\/labestiadeportiva.com\/lbd\/wp-content\/plugins\/jw-share-this\/digg.png\" alt=\"Share this page via Digg this\" \/>\n<\/a>\n<a target=\"_blank\" href=\"http:\/\/www.facebook.com\/sharer.php?u=https%3A%2F%2Flabestiadeportiva.com%2Flbd%2Frio-negro-campeon-2%2F&amp;t=R%C3%ADo+Negro+campe%C3%B3n\">\n<img src=\"https:\/\/labestiadeportiva.com\/lbd\/wp-content\/plugins\/jw-share-this\/fb.png\" alt=\"Share this page via Facebook\" \/>\n<\/a>\n<a target=\"_blank\" href=\"http:\/\/twitter.com\/intent\/tweet?text=I+like+https%3A%2F%2Flabestiadeportiva.com%2Flbd%2Frio-negro-campeon-2%2F&amp;title=R%C3%ADo+Negro+campe%C3%B3n\">\n<img src=\"https:\/\/labestiadeportiva.com\/lbd\/wp-content\/plugins\/jw-share-this\/twitter.png\" alt=\"Share this page via Twitter\" \/>\n<\/a>\n<\/div>\n","protected":false},"excerpt":{"rendered":"<p>El pasado s\u00e1bado finaliz\u00f3 la 29\u00b0 edici\u00f3n de los Juegos Binacionales de la Araucan\u00eda Los Lagos 2022. Neuqu\u00e9n y La Pampa completaron el podio. TDF finaliz\u00f3 en el d\u00e9cimo lugar cosechando 84 unidades con el atletismo femenino como mejor producci\u00f3n. La cita araucana regresar\u00e1 al pa\u00eds en 2023 donde R\u00edo Negro ser\u00e1 la sede. 1.197 &hellip; <a href=\"https:\/\/labestiadeportiva.com\/lbd\/rio-negro-campeon-2\/\" class=\"more-link\">Seguir leyendo <span class=\"screen-reader-text\">R\u00edo Negro campe\u00f3n<\/span> <span class=\"meta-nav\">&rarr;<\/span><\/a><\/p>\n","protected":false},"author":1,"featured_media":0,"comment_status":"open","ping_status":"open","sticky":false,"template":"","format":"standard","meta":[],"categories":[5,4,6,2277,1],"tags":[1158,4927,83],"_links":{"self":[{"href":"https:\/\/labestiadeportiva.com\/lbd\/wp-json\/wp\/v2\/posts\/43893"}],"collection":[{"href":"https:\/\/labestiadeportiva.com\/lbd\/wp-json\/wp\/v2\/posts"}],"about":[{"href":"https:\/\/labestiadeportiva.com\/lbd\/wp-json\/wp\/v2\/types\/post"}],"author":[{"embeddable":true,"href":"https:\/\/labestiadeportiva.com\/lbd\/wp-json\/wp\/v2\/users\/1"}],"replies":[{"embeddable":true,"href":"https:\/\/labestiadeportiva.com\/lbd\/wp-json\/wp\/v2\/comments?post=43893"}],"version-history":[{"count":2,"href":"https:\/\/labestiadeportiva.com\/lbd\/wp-json\/wp\/v2\/posts\/43893\/revisions"}],"predecessor-version":[{"id":43898,"href":"https:\/\/labestiadeportiva.com\/lbd\/wp-json\/wp\/v2\/posts\/43893\/revisions\/43898"}],"wp:attachment":[{"href":"https:\/\/labestiadeportiva.com\/lbd\/wp-json\/wp\/v2\/media?parent=43893"}],"wp:term":[{"taxonomy":"category","embeddable":true,"href":"https:\/\/labestiadeportiva.com\/lbd\/wp-json\/wp\/v2\/categories?post=43893"},{"taxonomy":"post_tag","embeddable":true,"href":"https:\/\/labestiadeportiva.com\/lbd\/wp-json\/wp\/v2\/tags?post=43893"}],"curies":[{"name":"wp","href":"https:\/\/api.w.org\/{rel}","templated":true}]}}