{"id":44068,"date":"2022-12-03T16:31:54","date_gmt":"2022-12-03T19:31:54","guid":{"rendered":"https:\/\/labestiadeportiva.com\/lbd\/?p=44068"},"modified":"2022-12-03T16:33:47","modified_gmt":"2022-12-03T19:33:47","slug":"ya-estan-todos-3","status":"publish","type":"post","link":"https:\/\/labestiadeportiva.com\/lbd\/ya-estan-todos-3\/","title":{"rendered":"Ya est\u00e1n todos"},"content":{"rendered":"\n<figure class=\"wp-block-image size-full\"><a href=\"https:\/\/labestiadeportiva.com\/lbd\/wp-content\/uploads\/2022\/12\/suiza-serbia-qatar-2022.webp\"><img loading=\"lazy\" width=\"790\" height=\"533\" src=\"https:\/\/labestiadeportiva.com\/lbd\/wp-content\/uploads\/2022\/12\/suiza-serbia-qatar-2022.webp\" alt=\"\" class=\"wp-image-44085\" srcset=\"https:\/\/labestiadeportiva.com\/lbd\/wp-content\/uploads\/2022\/12\/suiza-serbia-qatar-2022.webp 790w, https:\/\/labestiadeportiva.com\/lbd\/wp-content\/uploads\/2022\/12\/suiza-serbia-qatar-2022-300x202.webp 300w, https:\/\/labestiadeportiva.com\/lbd\/wp-content\/uploads\/2022\/12\/suiza-serbia-qatar-2022-768x518.webp 768w, https:\/\/labestiadeportiva.com\/lbd\/wp-content\/uploads\/2022\/12\/suiza-serbia-qatar-2022-640x432.webp 640w\" sizes=\"(max-width: 790px) 100vw, 790px\" \/><\/a><\/figure>\n\n\n\n<figure class=\"wp-block-image size-full is-resized\"><a href=\"http:\/\/labestiadeportiva.com\/lbd\/wp-content\/uploads\/2022\/11\/CARA_AGUIRRE-1.jpg\"><img loading=\"lazy\" src=\"http:\/\/labestiadeportiva.com\/lbd\/wp-content\/uploads\/2022\/11\/CARA_AGUIRRE-1.jpg\" alt=\"\" class=\"wp-image-43573\" width=\"308\" height=\"63\" srcset=\"https:\/\/labestiadeportiva.com\/lbd\/wp-content\/uploads\/2022\/11\/CARA_AGUIRRE-1.jpg 600w, https:\/\/labestiadeportiva.com\/lbd\/wp-content\/uploads\/2022\/11\/CARA_AGUIRRE-1-300x62.jpg 300w\" sizes=\"(max-width: 308px) 100vw, 308px\" \/><\/a><\/figure>\n\n\n\n<p>Finaliz\u00f3 la primera fase en Qatar. Nadie logr\u00f3 pasar con  puntaje ideal. Representantes de todos los continentes siguen en carrera. Desde LBD compartimos estad\u00edsticas.<\/p>\n\n\n\n<!--more-->\n\n\n\n<p>Suiza y B\u00e9lgica jugaron un verdadero partidazo con muchas aristas extra futbol\u00edsticas.  Mas que nada en el primer tiempo, desde Argentina &#8211; Inglaterra en Francia 98\u00a0 que no ve\u00eda  un 2 a 2 en los primeros 45.<\/p>\n\n\n\n<p>Otro de los datos del primer tiempo es el empate de Serbia, porque Mitrovic con un cabezado tremendo puso las cosas igualadas en 2 transfirm\u00e1ndose en  el tercer jugador en marcar en su debut como titular en la Copa del Mundo despu\u00e9s de Sasa Ilic y Nikola Zigic en Alemana 2016.. <\/p>\n\n\n\n<p>Con este resultado parcial Serbia ocupaba el segundo lugar e el Grupo \u00abG\u00bb, obligando a ganar para clasificar a la siguiente ronda.\u00a0<\/p>\n\n\n\n<p>A comparacion del Argentina &#8211; Inglaterra de Francia, este partido si tuvo gol m\u00e1s , porque los suizos hicieron un jugadon, la pincha al \u00e1rea Shaqiri, taco de primera de Ruben Vargas y golazo de Freuler, 3 a 2 para clasificar a la  siguiente fase. Esta fu la primera vez que los ganadores  tuvieron tres jugadores diferentes anotando metiendo desde Estados Unidos 94.<\/p>\n\n\n\n<p>El gol de Xherdan Shaquiri lo convirti\u00f3 en el tercer jugador activo en convertir  en los tres ultimos torneos de la Copa del Mundo, \u00bflos otros? obvio, Cristiano Rolando y Lionel Messi.<\/p>\n\n\n\n<p>Adem\u00e1s se convirtio en el segundo partido con mas remates al arco, con 15 en total, 9 para suiza, con un 1.4 xG y 6 para Serbia con 1.2 en xG. Los Suecos alcanzaron  las etapas eliminatorias en los ultimos 5 eventos principales de la UEFA, desde que fue elegible en el 2014, el otro equipo europeo en lograr eso fue solamente Francia.<\/p>\n\n\n\n<figure class=\"wp-block-image size-full\"><a href=\"https:\/\/labestiadeportiva.com\/lbd\/wp-content\/uploads\/2022\/12\/FB_IMG_1670015899327.jpg\"><img loading=\"lazy\" width=\"720\" height=\"720\" src=\"https:\/\/labestiadeportiva.com\/lbd\/wp-content\/uploads\/2022\/12\/FB_IMG_1670015899327.jpg\" alt=\"\" class=\"wp-image-44086\" srcset=\"https:\/\/labestiadeportiva.com\/lbd\/wp-content\/uploads\/2022\/12\/FB_IMG_1670015899327.jpg 720w, https:\/\/labestiadeportiva.com\/lbd\/wp-content\/uploads\/2022\/12\/FB_IMG_1670015899327-300x300.jpg 300w, https:\/\/labestiadeportiva.com\/lbd\/wp-content\/uploads\/2022\/12\/FB_IMG_1670015899327-150x150.jpg 150w, https:\/\/labestiadeportiva.com\/lbd\/wp-content\/uploads\/2022\/12\/FB_IMG_1670015899327-640x640.jpg 640w\" sizes=\"(max-width: 720px) 100vw, 720px\" \/><\/a><\/figure>\n<div class='epvc-post-count'><span class='epvc-eye'><\/span>  <span class=\"epvc-count\"> 1.108<\/span><span class='epvc-label'> veces le\u00edda<\/span><\/div>\n<div class=\"jwsharethis\">\nShare this: \n<br \/>\n<a href=\"mailto:?subject=Ya%20est%C3%A1n%20todos&amp;body=https%3A%2F%2Flabestiadeportiva.com%2Flbd%2Fya-estan-todos-3%2F\">\n<img src=\"https:\/\/labestiadeportiva.com\/lbd\/wp-content\/plugins\/jw-share-this\/email.png\" alt=\"Share this page via Email\" \/>\n<\/a>\n<a target=\"_blank\" href=\"http:\/\/www.stumbleupon.com\/submit?url=https%3A%2F%2Flabestiadeportiva.com%2Flbd%2Fya-estan-todos-3%2F&amp;title=Ya+est%C3%A1n+todos\">\n<img src=\"https:\/\/labestiadeportiva.com\/lbd\/wp-content\/plugins\/jw-share-this\/su.png\" alt=\"Share this page via Stumble Upon\" \/>\n<\/a>\n<a target=\"_blank\" href=\"http:\/\/digg.com\/submit?url=https%3A%2F%2Flabestiadeportiva.com%2Flbd%2Fya-estan-todos-3%2F&amp;title=Ya+est%C3%A1n+todos\">\n<img src=\"https:\/\/labestiadeportiva.com\/lbd\/wp-content\/plugins\/jw-share-this\/digg.png\" alt=\"Share this page via Digg this\" \/>\n<\/a>\n<a target=\"_blank\" href=\"http:\/\/www.facebook.com\/sharer.php?u=https%3A%2F%2Flabestiadeportiva.com%2Flbd%2Fya-estan-todos-3%2F&amp;t=Ya+est%C3%A1n+todos\">\n<img src=\"https:\/\/labestiadeportiva.com\/lbd\/wp-content\/plugins\/jw-share-this\/fb.png\" alt=\"Share this page via Facebook\" \/>\n<\/a>\n<a target=\"_blank\" href=\"http:\/\/twitter.com\/intent\/tweet?text=I+like+https%3A%2F%2Flabestiadeportiva.com%2Flbd%2Fya-estan-todos-3%2F&amp;title=Ya+est%C3%A1n+todos\">\n<img src=\"https:\/\/labestiadeportiva.com\/lbd\/wp-content\/plugins\/jw-share-this\/twitter.png\" alt=\"Share this page via Twitter\" \/>\n<\/a>\n<\/div>\n","protected":false},"excerpt":{"rendered":"<p>Finaliz\u00f3 la primera fase en Qatar. Nadie logr\u00f3 pasar con puntaje ideal. Representantes de todos los continentes siguen en carrera. Desde LBD compartimos estad\u00edsticas. 1.108 veces le\u00edda Share this:<\/p>\n","protected":false},"author":1,"featured_media":0,"comment_status":"open","ping_status":"open","sticky":false,"template":"","format":"standard","meta":[],"categories":[4,14,1],"tags":[4830,83,4515,4944],"_links":{"self":[{"href":"https:\/\/labestiadeportiva.com\/lbd\/wp-json\/wp\/v2\/posts\/44068"}],"collection":[{"href":"https:\/\/labestiadeportiva.com\/lbd\/wp-json\/wp\/v2\/posts"}],"about":[{"href":"https:\/\/labestiadeportiva.com\/lbd\/wp-json\/wp\/v2\/types\/post"}],"author":[{"embeddable":true,"href":"https:\/\/labestiadeportiva.com\/lbd\/wp-json\/wp\/v2\/users\/1"}],"replies":[{"embeddable":true,"href":"https:\/\/labestiadeportiva.com\/lbd\/wp-json\/wp\/v2\/comments?post=44068"}],"version-history":[{"count":2,"href":"https:\/\/labestiadeportiva.com\/lbd\/wp-json\/wp\/v2\/posts\/44068\/revisions"}],"predecessor-version":[{"id":44088,"href":"https:\/\/labestiadeportiva.com\/lbd\/wp-json\/wp\/v2\/posts\/44068\/revisions\/44088"}],"wp:attachment":[{"href":"https:\/\/labestiadeportiva.com\/lbd\/wp-json\/wp\/v2\/media?parent=44068"}],"wp:term":[{"taxonomy":"category","embeddable":true,"href":"https:\/\/labestiadeportiva.com\/lbd\/wp-json\/wp\/v2\/categories?post=44068"},{"taxonomy":"post_tag","embeddable":true,"href":"https:\/\/labestiadeportiva.com\/lbd\/wp-json\/wp\/v2\/tags?post=44068"}],"curies":[{"name":"wp","href":"https:\/\/api.w.org\/{rel}","templated":true}]}}