{"id":44089,"date":"2022-12-03T20:10:47","date_gmt":"2022-12-03T23:10:47","guid":{"rendered":"http:\/\/labestiadeportiva.com\/lbd\/?p=44089"},"modified":"2022-12-03T20:10:49","modified_gmt":"2022-12-03T23:10:49","slug":"se-postergo-el-rally-de-los-lagos","status":"publish","type":"post","link":"https:\/\/labestiadeportiva.com\/lbd\/se-postergo-el-rally-de-los-lagos\/","title":{"rendered":"Se posterg\u00f3 el \u00abRally de los Lagos\u00bb"},"content":{"rendered":"\n<figure class=\"wp-block-image size-full\"><a href=\"http:\/\/labestiadeportiva.com\/lbd\/wp-content\/uploads\/2022\/12\/Screenshot_20221203-1826212.png\"><img loading=\"lazy\" width=\"670\" height=\"692\" src=\"http:\/\/labestiadeportiva.com\/lbd\/wp-content\/uploads\/2022\/12\/Screenshot_20221203-1826212.png\" alt=\"\" class=\"wp-image-44099\" srcset=\"https:\/\/labestiadeportiva.com\/lbd\/wp-content\/uploads\/2022\/12\/Screenshot_20221203-1826212.png 670w, https:\/\/labestiadeportiva.com\/lbd\/wp-content\/uploads\/2022\/12\/Screenshot_20221203-1826212-290x300.png 290w, https:\/\/labestiadeportiva.com\/lbd\/wp-content\/uploads\/2022\/12\/Screenshot_20221203-1826212-640x661.png 640w\" sizes=\"(max-width: 670px) 100vw, 670px\" \/><\/a><\/figure>\n\n\n\n<figure class=\"wp-block-image size-full is-resized\"><a href=\"http:\/\/labestiadeportiva.com\/lbd\/wp-content\/uploads\/2022\/11\/CARA_PEREZ-2.jpg\"><img loading=\"lazy\" src=\"http:\/\/labestiadeportiva.com\/lbd\/wp-content\/uploads\/2022\/11\/CARA_PEREZ-2.jpg\" alt=\"\" class=\"wp-image-43576\" width=\"313\" height=\"64\" srcset=\"https:\/\/labestiadeportiva.com\/lbd\/wp-content\/uploads\/2022\/11\/CARA_PEREZ-2.jpg 600w, https:\/\/labestiadeportiva.com\/lbd\/wp-content\/uploads\/2022\/11\/CARA_PEREZ-2-300x62.jpg 300w\" sizes=\"(max-width: 313px) 100vw, 313px\" \/><\/a><\/figure>\n\n\n\n<p>La actual situaci\u00f3n en la zona centro de la provincia, que hace varios d\u00edas sufre un duro incendio forestal a\u00fan sin control, motivo la decisi\u00f3n. A pesar de tardar m\u00e1s de lo esperado para anunciarlo por parte de organizadores y autoridades prim\u00f3 el sentido com\u00fan. Desde LBD compartimos el comunicado del Ministerio de Gobierno, Justicia y Derechos Humanos como as\u00ed tambi\u00e9n la publicaci\u00f3n en las redes de Pata Sport, organizador de la competencia de Mountain Bike.<\/p>\n\n\n\n<!--more-->\n\n\n\n<figure class=\"wp-block-image size-full\"><a href=\"http:\/\/labestiadeportiva.com\/lbd\/wp-content\/uploads\/2022\/12\/Screenshot_20221203-2003192.png\"><img loading=\"lazy\" width=\"720\" height=\"341\" src=\"http:\/\/labestiadeportiva.com\/lbd\/wp-content\/uploads\/2022\/12\/Screenshot_20221203-2003192.png\" alt=\"\" class=\"wp-image-44098\" srcset=\"https:\/\/labestiadeportiva.com\/lbd\/wp-content\/uploads\/2022\/12\/Screenshot_20221203-2003192.png 720w, https:\/\/labestiadeportiva.com\/lbd\/wp-content\/uploads\/2022\/12\/Screenshot_20221203-2003192-300x142.png 300w, https:\/\/labestiadeportiva.com\/lbd\/wp-content\/uploads\/2022\/12\/Screenshot_20221203-2003192-640x303.png 640w\" sizes=\"(max-width: 720px) 100vw, 720px\" \/><\/a><\/figure>\n<div class='epvc-post-count'><span class='epvc-eye'><\/span>  <span class=\"epvc-count\"> 1.232<\/span><span class='epvc-label'> veces le\u00edda<\/span><\/div>\n<div class=\"jwsharethis\">\nShare this: \n<br \/>\n<a href=\"mailto:?subject=Se%20posterg%C3%B3%20el%20%C2%ABRally%20de%20los%20Lagos%C2%BB&amp;body=https%3A%2F%2Flabestiadeportiva.com%2Flbd%2Fse-postergo-el-rally-de-los-lagos%2F\">\n<img src=\"https:\/\/labestiadeportiva.com\/lbd\/wp-content\/plugins\/jw-share-this\/email.png\" alt=\"Share this page via Email\" \/>\n<\/a>\n<a target=\"_blank\" href=\"http:\/\/www.stumbleupon.com\/submit?url=https%3A%2F%2Flabestiadeportiva.com%2Flbd%2Fse-postergo-el-rally-de-los-lagos%2F&amp;title=Se+posterg%C3%B3+el+%C2%ABRally+de+los+Lagos%C2%BB\">\n<img src=\"https:\/\/labestiadeportiva.com\/lbd\/wp-content\/plugins\/jw-share-this\/su.png\" alt=\"Share this page via Stumble Upon\" \/>\n<\/a>\n<a target=\"_blank\" href=\"http:\/\/digg.com\/submit?url=https%3A%2F%2Flabestiadeportiva.com%2Flbd%2Fse-postergo-el-rally-de-los-lagos%2F&amp;title=Se+posterg%C3%B3+el+%C2%ABRally+de+los+Lagos%C2%BB\">\n<img src=\"https:\/\/labestiadeportiva.com\/lbd\/wp-content\/plugins\/jw-share-this\/digg.png\" alt=\"Share this page via Digg this\" \/>\n<\/a>\n<a target=\"_blank\" href=\"http:\/\/www.facebook.com\/sharer.php?u=https%3A%2F%2Flabestiadeportiva.com%2Flbd%2Fse-postergo-el-rally-de-los-lagos%2F&amp;t=Se+posterg%C3%B3+el+%C2%ABRally+de+los+Lagos%C2%BB\">\n<img src=\"https:\/\/labestiadeportiva.com\/lbd\/wp-content\/plugins\/jw-share-this\/fb.png\" alt=\"Share this page via Facebook\" \/>\n<\/a>\n<a target=\"_blank\" href=\"http:\/\/twitter.com\/intent\/tweet?text=I+like+https%3A%2F%2Flabestiadeportiva.com%2Flbd%2Fse-postergo-el-rally-de-los-lagos%2F&amp;title=Se+posterg%C3%B3+el+%C2%ABRally+de+los+Lagos%C2%BB\">\n<img src=\"https:\/\/labestiadeportiva.com\/lbd\/wp-content\/plugins\/jw-share-this\/twitter.png\" alt=\"Share this page via Twitter\" \/>\n<\/a>\n<\/div>\n","protected":false},"excerpt":{"rendered":"<p>La actual situaci\u00f3n en la zona centro de la provincia, que hace varios d\u00edas sufre un duro incendio forestal a\u00fan sin control, motivo la decisi\u00f3n. A pesar de tardar m\u00e1s de lo esperado para anunciarlo por parte de organizadores y autoridades prim\u00f3 el sentido com\u00fan. Desde LBD compartimos el comunicado del Ministerio de Gobierno, Justicia &hellip; <a href=\"https:\/\/labestiadeportiva.com\/lbd\/se-postergo-el-rally-de-los-lagos\/\" class=\"more-link\">Seguir leyendo <span class=\"screen-reader-text\">Se posterg\u00f3 el \u00abRally de los Lagos\u00bb<\/span> <span class=\"meta-nav\">&rarr;<\/span><\/a><\/p>\n","protected":false},"author":1,"featured_media":0,"comment_status":"open","ping_status":"open","sticky":false,"template":"","format":"standard","meta":[],"categories":[5,2888,1],"tags":[2022,83,2889],"_links":{"self":[{"href":"https:\/\/labestiadeportiva.com\/lbd\/wp-json\/wp\/v2\/posts\/44089"}],"collection":[{"href":"https:\/\/labestiadeportiva.com\/lbd\/wp-json\/wp\/v2\/posts"}],"about":[{"href":"https:\/\/labestiadeportiva.com\/lbd\/wp-json\/wp\/v2\/types\/post"}],"author":[{"embeddable":true,"href":"https:\/\/labestiadeportiva.com\/lbd\/wp-json\/wp\/v2\/users\/1"}],"replies":[{"embeddable":true,"href":"https:\/\/labestiadeportiva.com\/lbd\/wp-json\/wp\/v2\/comments?post=44089"}],"version-history":[{"count":1,"href":"https:\/\/labestiadeportiva.com\/lbd\/wp-json\/wp\/v2\/posts\/44089\/revisions"}],"predecessor-version":[{"id":44100,"href":"https:\/\/labestiadeportiva.com\/lbd\/wp-json\/wp\/v2\/posts\/44089\/revisions\/44100"}],"wp:attachment":[{"href":"https:\/\/labestiadeportiva.com\/lbd\/wp-json\/wp\/v2\/media?parent=44089"}],"wp:term":[{"taxonomy":"category","embeddable":true,"href":"https:\/\/labestiadeportiva.com\/lbd\/wp-json\/wp\/v2\/categories?post=44089"},{"taxonomy":"post_tag","embeddable":true,"href":"https:\/\/labestiadeportiva.com\/lbd\/wp-json\/wp\/v2\/tags?post=44089"}],"curies":[{"name":"wp","href":"https:\/\/api.w.org\/{rel}","templated":true}]}}