{"id":44116,"date":"2022-12-05T09:49:37","date_gmt":"2022-12-05T12:49:37","guid":{"rendered":"http:\/\/labestiadeportiva.com\/lbd\/?p=44116"},"modified":"2022-12-05T13:58:57","modified_gmt":"2022-12-05T16:58:57","slug":"ya-se-juegan-los-epade-en-santa-cruz","status":"publish","type":"post","link":"https:\/\/labestiadeportiva.com\/lbd\/ya-se-juegan-los-epade-en-santa-cruz\/","title":{"rendered":"Ya se juegan los EPADE en Santa Cruz"},"content":{"rendered":"\n<figure class=\"wp-block-image size-large\"><a href=\"http:\/\/labestiadeportiva.com\/lbd\/wp-content\/uploads\/2022\/12\/IMG-20221205-WA0010.jpg\"><img loading=\"lazy\" width=\"1024\" height=\"683\" src=\"http:\/\/labestiadeportiva.com\/lbd\/wp-content\/uploads\/2022\/12\/IMG-20221205-WA0010-1024x683.jpg\" alt=\"\" class=\"wp-image-44117\" srcset=\"https:\/\/labestiadeportiva.com\/lbd\/wp-content\/uploads\/2022\/12\/IMG-20221205-WA0010-1024x683.jpg 1024w, https:\/\/labestiadeportiva.com\/lbd\/wp-content\/uploads\/2022\/12\/IMG-20221205-WA0010-300x200.jpg 300w, https:\/\/labestiadeportiva.com\/lbd\/wp-content\/uploads\/2022\/12\/IMG-20221205-WA0010-768x512.jpg 768w, https:\/\/labestiadeportiva.com\/lbd\/wp-content\/uploads\/2022\/12\/IMG-20221205-WA0010-640x427.jpg 640w, https:\/\/labestiadeportiva.com\/lbd\/wp-content\/uploads\/2022\/12\/IMG-20221205-WA0010.jpg 1079w\" sizes=\"(max-width: 1024px) 100vw, 1024px\" \/><\/a><\/figure>\n\n\n\n<figure class=\"wp-block-image size-full is-resized\"><a href=\"http:\/\/labestiadeportiva.com\/lbd\/wp-content\/uploads\/2022\/11\/CARA_BAROLI-1.jpg\"><img loading=\"lazy\" src=\"http:\/\/labestiadeportiva.com\/lbd\/wp-content\/uploads\/2022\/11\/CARA_BAROLI-1.jpg\" alt=\"\" class=\"wp-image-43574\" width=\"298\" height=\"61\" srcset=\"https:\/\/labestiadeportiva.com\/lbd\/wp-content\/uploads\/2022\/11\/CARA_BAROLI-1.jpg 600w, https:\/\/labestiadeportiva.com\/lbd\/wp-content\/uploads\/2022\/11\/CARA_BAROLI-1-300x62.jpg 300w\" sizes=\"(max-width: 298px) 100vw, 298px\" \/><\/a><\/figure>\n\n\n\n<p>Con la presencia de m\u00e1s de 1.200 deportistas de toda la regi\u00f3n, como as\u00ed tambi\u00e9n de autoridades del Gobierno Provincial e integrantes del Comit\u00e9 Ejecutivo del Ente Patag\u00f3nico Deportivo, llevaron adelante el acto de la apertura oficial de la XVI\u00aa Edici\u00f3n de los Juegos Patag\u00f3nicos EPADE \u2013 Santa Cruz 2022.<\/p>\n\n\n\n<!--more-->\n\n\n\n<p>En las instalaciones del Boxing Club de R\u00edo Gallegos, los juegos Epade Santa Cruz 2022 pusieron, oficialmente, primera. Los mismos se realizan en el marco del fortalecimiento y promoci\u00f3n del deporte, del domingo 4 al viernes 9 de diciembre.<\/p>\n\n\n\n<p>De dicha ceremonia participaron los responsables del \u00e1rea de cada provincia Patag\u00f3nica, como as\u00ed tambi\u00e9n de la Secretaria de Deportes de la Naci\u00f3n, Ines Arrondo. En una fiesta que como ocurre habitualmente hay mucho entusiasmo y colorido, adem\u00e1s se se presento a la mascota de la competencia, un Maca Tobiano, especie end\u00e9mica de Santa Cruz en peligro de extinci\u00f3n.<\/p>\n\n\n\n<p>La fiesta del deporte Patag\u00f3nico tuvo su acto inaugural y vos la vas a vivir en La Bestia Deportiva.<\/p>\n\n\n\n<p>El fixture del lunes<\/p>\n\n\n\n<figure class=\"wp-block-image size-full\"><a href=\"http:\/\/labestiadeportiva.com\/lbd\/wp-content\/uploads\/2022\/12\/Screenshot_20221205-1038152.png\"><img loading=\"lazy\" width=\"720\" height=\"983\" src=\"http:\/\/labestiadeportiva.com\/lbd\/wp-content\/uploads\/2022\/12\/Screenshot_20221205-1038152.png\" alt=\"\" class=\"wp-image-44123\" srcset=\"https:\/\/labestiadeportiva.com\/lbd\/wp-content\/uploads\/2022\/12\/Screenshot_20221205-1038152.png 720w, https:\/\/labestiadeportiva.com\/lbd\/wp-content\/uploads\/2022\/12\/Screenshot_20221205-1038152-220x300.png 220w, https:\/\/labestiadeportiva.com\/lbd\/wp-content\/uploads\/2022\/12\/Screenshot_20221205-1038152-640x874.png 640w\" sizes=\"(max-width: 720px) 100vw, 720px\" \/><\/a><\/figure>\n<div class='epvc-post-count'><span class='epvc-eye'><\/span>  <span class=\"epvc-count\"> 1.137<\/span><span class='epvc-label'> veces le\u00edda<\/span><\/div>\n<div class=\"jwsharethis\">\nShare this: \n<br \/>\n<a href=\"mailto:?subject=Ya%20se%20juegan%20los%20EPADE%20en%20Santa%20Cruz&amp;body=https%3A%2F%2Flabestiadeportiva.com%2Flbd%2Fya-se-juegan-los-epade-en-santa-cruz%2F\">\n<img src=\"https:\/\/labestiadeportiva.com\/lbd\/wp-content\/plugins\/jw-share-this\/email.png\" alt=\"Share this page via Email\" \/>\n<\/a>\n<a target=\"_blank\" href=\"http:\/\/www.stumbleupon.com\/submit?url=https%3A%2F%2Flabestiadeportiva.com%2Flbd%2Fya-se-juegan-los-epade-en-santa-cruz%2F&amp;title=Ya+se+juegan+los+EPADE+en+Santa+Cruz\">\n<img src=\"https:\/\/labestiadeportiva.com\/lbd\/wp-content\/plugins\/jw-share-this\/su.png\" alt=\"Share this page via Stumble Upon\" \/>\n<\/a>\n<a target=\"_blank\" href=\"http:\/\/digg.com\/submit?url=https%3A%2F%2Flabestiadeportiva.com%2Flbd%2Fya-se-juegan-los-epade-en-santa-cruz%2F&amp;title=Ya+se+juegan+los+EPADE+en+Santa+Cruz\">\n<img src=\"https:\/\/labestiadeportiva.com\/lbd\/wp-content\/plugins\/jw-share-this\/digg.png\" alt=\"Share this page via Digg this\" \/>\n<\/a>\n<a target=\"_blank\" href=\"http:\/\/www.facebook.com\/sharer.php?u=https%3A%2F%2Flabestiadeportiva.com%2Flbd%2Fya-se-juegan-los-epade-en-santa-cruz%2F&amp;t=Ya+se+juegan+los+EPADE+en+Santa+Cruz\">\n<img src=\"https:\/\/labestiadeportiva.com\/lbd\/wp-content\/plugins\/jw-share-this\/fb.png\" alt=\"Share this page via Facebook\" \/>\n<\/a>\n<a target=\"_blank\" href=\"http:\/\/twitter.com\/intent\/tweet?text=I+like+https%3A%2F%2Flabestiadeportiva.com%2Flbd%2Fya-se-juegan-los-epade-en-santa-cruz%2F&amp;title=Ya+se+juegan+los+EPADE+en+Santa+Cruz\">\n<img src=\"https:\/\/labestiadeportiva.com\/lbd\/wp-content\/plugins\/jw-share-this\/twitter.png\" alt=\"Share this page via Twitter\" \/>\n<\/a>\n<\/div>\n","protected":false},"excerpt":{"rendered":"<p>Con la presencia de m\u00e1s de 1.200 deportistas de toda la regi\u00f3n, como as\u00ed tambi\u00e9n de autoridades del Gobierno Provincial e integrantes del Comit\u00e9 Ejecutivo del Ente Patag\u00f3nico Deportivo, llevaron adelante el acto de la apertura oficial de la XVI\u00aa Edici\u00f3n de los Juegos Patag\u00f3nicos EPADE \u2013 Santa Cruz 2022. 1.137 veces le\u00edda Share this:<\/p>\n","protected":false},"author":1,"featured_media":0,"comment_status":"open","ping_status":"open","sticky":false,"template":"","format":"standard","meta":[],"categories":[6,2130,1],"tags":[593,83,4940],"_links":{"self":[{"href":"https:\/\/labestiadeportiva.com\/lbd\/wp-json\/wp\/v2\/posts\/44116"}],"collection":[{"href":"https:\/\/labestiadeportiva.com\/lbd\/wp-json\/wp\/v2\/posts"}],"about":[{"href":"https:\/\/labestiadeportiva.com\/lbd\/wp-json\/wp\/v2\/types\/post"}],"author":[{"embeddable":true,"href":"https:\/\/labestiadeportiva.com\/lbd\/wp-json\/wp\/v2\/users\/1"}],"replies":[{"embeddable":true,"href":"https:\/\/labestiadeportiva.com\/lbd\/wp-json\/wp\/v2\/comments?post=44116"}],"version-history":[{"count":2,"href":"https:\/\/labestiadeportiva.com\/lbd\/wp-json\/wp\/v2\/posts\/44116\/revisions"}],"predecessor-version":[{"id":44125,"href":"https:\/\/labestiadeportiva.com\/lbd\/wp-json\/wp\/v2\/posts\/44116\/revisions\/44125"}],"wp:attachment":[{"href":"https:\/\/labestiadeportiva.com\/lbd\/wp-json\/wp\/v2\/media?parent=44116"}],"wp:term":[{"taxonomy":"category","embeddable":true,"href":"https:\/\/labestiadeportiva.com\/lbd\/wp-json\/wp\/v2\/categories?post=44116"},{"taxonomy":"post_tag","embeddable":true,"href":"https:\/\/labestiadeportiva.com\/lbd\/wp-json\/wp\/v2\/tags?post=44116"}],"curies":[{"name":"wp","href":"https:\/\/api.w.org\/{rel}","templated":true}]}}