{"id":44176,"date":"2022-12-10T12:18:28","date_gmt":"2022-12-10T15:18:28","guid":{"rendered":"http:\/\/labestiadeportiva.com\/lbd\/?p=44176"},"modified":"2022-12-10T12:18:30","modified_gmt":"2022-12-10T15:18:30","slug":"culminaron-los-juegos-epade-en-santa-cruz","status":"publish","type":"post","link":"https:\/\/labestiadeportiva.com\/lbd\/culminaron-los-juegos-epade-en-santa-cruz\/","title":{"rendered":"Culminaron los Juegos EPADE en Santa Cruz"},"content":{"rendered":"\n<figure class=\"wp-block-image size-full\"><a href=\"http:\/\/labestiadeportiva.com\/lbd\/wp-content\/uploads\/2022\/12\/IMG-20221210-WA0033.jpg\"><img loading=\"lazy\" width=\"900\" height=\"600\" src=\"http:\/\/labestiadeportiva.com\/lbd\/wp-content\/uploads\/2022\/12\/IMG-20221210-WA0033.jpg\" alt=\"\" class=\"wp-image-44177\" srcset=\"https:\/\/labestiadeportiva.com\/lbd\/wp-content\/uploads\/2022\/12\/IMG-20221210-WA0033.jpg 900w, https:\/\/labestiadeportiva.com\/lbd\/wp-content\/uploads\/2022\/12\/IMG-20221210-WA0033-300x200.jpg 300w, https:\/\/labestiadeportiva.com\/lbd\/wp-content\/uploads\/2022\/12\/IMG-20221210-WA0033-768x512.jpg 768w, https:\/\/labestiadeportiva.com\/lbd\/wp-content\/uploads\/2022\/12\/IMG-20221210-WA0033-640x427.jpg 640w\" sizes=\"(max-width: 900px) 100vw, 900px\" \/><\/a><\/figure>\n\n\n\n<figure class=\"wp-block-image size-full is-resized\"><a href=\"http:\/\/labestiadeportiva.com\/lbd\/wp-content\/uploads\/2022\/11\/CARA_BAROLI-1.jpg\"><img loading=\"lazy\" src=\"http:\/\/labestiadeportiva.com\/lbd\/wp-content\/uploads\/2022\/11\/CARA_BAROLI-1.jpg\" alt=\"\" class=\"wp-image-43574\" width=\"307\" height=\"63\" srcset=\"https:\/\/labestiadeportiva.com\/lbd\/wp-content\/uploads\/2022\/11\/CARA_BAROLI-1.jpg 600w, https:\/\/labestiadeportiva.com\/lbd\/wp-content\/uploads\/2022\/11\/CARA_BAROLI-1-300x62.jpg 300w\" sizes=\"(max-width: 307px) 100vw, 307px\" \/><\/a><\/figure>\n\n\n\n<p>Este viernes finalizaron las competencias de los Juegos Patag\u00f3nicos Epade \u201cSanta Cruz 2022\u201d, el \u00faltimo compromiso deportivo de las provincias de la regi\u00f3n en esta oportunidad en una fecha no habitual. La Pampa fue el campe\u00f3n cosechando 81 puntos, R\u00edo Negro y Chubut ocuparon el resto del podio en ese orden. Neuqu\u00e9n, Santa Cruz y Tierra del Fuego completaron las posiciones.<\/p>\n\n\n\n<!--more-->\n\n\n\n<p>Luego de una intensa semana de actividad en donde se cont\u00f3 con cuatro sedes las cuales fueron Rio Gallegos, R\u00edo Turbio, Comandante Luis Piedrabuena y Puerto Santa Cruz, se pudo observar un gran nivel competitivo, pero fundamentalmente un gran nivel de compa\u00f1erismo y camarader\u00eda entre todas las delegaciones, algo habitual en estos encuentros.<\/p>\n\n\n\n<p>Santa Cruz fue sede y durante una semana alberg\u00f3 a m\u00e1s de 1.200 deportistas de toda la regi\u00f3n Patag\u00f3nica, con sedes acorde a los visitantes y una log\u00edstica que se amoldo a un acontecimiento de estas caracter\u00edsticas.<\/p>\n\n\n\n<p>Pasaron los Juegos Epade 2022 con sede Santa Cruz, y nuestra provincia dio lo mejor para estar a la altura de las circunstancias, brindando contenci\u00f3n y afecto a cada delegaci\u00f3n que nos visito.<\/p>\n\n\n\n<figure class=\"wp-block-image size-large\"><a href=\"http:\/\/labestiadeportiva.com\/lbd\/wp-content\/uploads\/2022\/12\/IMG-20221210-WA0034-1.jpg\"><img loading=\"lazy\" width=\"1024\" height=\"683\" src=\"http:\/\/labestiadeportiva.com\/lbd\/wp-content\/uploads\/2022\/12\/IMG-20221210-WA0034-1-1024x683.jpg\" alt=\"\" class=\"wp-image-44179\" srcset=\"https:\/\/labestiadeportiva.com\/lbd\/wp-content\/uploads\/2022\/12\/IMG-20221210-WA0034-1-1024x683.jpg 1024w, https:\/\/labestiadeportiva.com\/lbd\/wp-content\/uploads\/2022\/12\/IMG-20221210-WA0034-1-300x200.jpg 300w, https:\/\/labestiadeportiva.com\/lbd\/wp-content\/uploads\/2022\/12\/IMG-20221210-WA0034-1-768x512.jpg 768w, https:\/\/labestiadeportiva.com\/lbd\/wp-content\/uploads\/2022\/12\/IMG-20221210-WA0034-1-640x427.jpg 640w, https:\/\/labestiadeportiva.com\/lbd\/wp-content\/uploads\/2022\/12\/IMG-20221210-WA0034-1.jpg 1080w\" sizes=\"(max-width: 1024px) 100vw, 1024px\" \/><\/a><\/figure>\n<div class='epvc-post-count'><span class='epvc-eye'><\/span>  <span class=\"epvc-count\"> 1.284<\/span><span class='epvc-label'> veces le\u00edda<\/span><\/div>\n<div class=\"jwsharethis\">\nShare this: \n<br \/>\n<a href=\"mailto:?subject=Culminaron%20los%20Juegos%20EPADE%20en%20Santa%20Cruz&amp;body=https%3A%2F%2Flabestiadeportiva.com%2Flbd%2Fculminaron-los-juegos-epade-en-santa-cruz%2F\">\n<img src=\"https:\/\/labestiadeportiva.com\/lbd\/wp-content\/plugins\/jw-share-this\/email.png\" alt=\"Share this page via Email\" \/>\n<\/a>\n<a target=\"_blank\" href=\"http:\/\/www.stumbleupon.com\/submit?url=https%3A%2F%2Flabestiadeportiva.com%2Flbd%2Fculminaron-los-juegos-epade-en-santa-cruz%2F&amp;title=Culminaron+los+Juegos+EPADE+en+Santa+Cruz\">\n<img src=\"https:\/\/labestiadeportiva.com\/lbd\/wp-content\/plugins\/jw-share-this\/su.png\" alt=\"Share this page via Stumble Upon\" \/>\n<\/a>\n<a target=\"_blank\" href=\"http:\/\/digg.com\/submit?url=https%3A%2F%2Flabestiadeportiva.com%2Flbd%2Fculminaron-los-juegos-epade-en-santa-cruz%2F&amp;title=Culminaron+los+Juegos+EPADE+en+Santa+Cruz\">\n<img src=\"https:\/\/labestiadeportiva.com\/lbd\/wp-content\/plugins\/jw-share-this\/digg.png\" alt=\"Share this page via Digg this\" \/>\n<\/a>\n<a target=\"_blank\" href=\"http:\/\/www.facebook.com\/sharer.php?u=https%3A%2F%2Flabestiadeportiva.com%2Flbd%2Fculminaron-los-juegos-epade-en-santa-cruz%2F&amp;t=Culminaron+los+Juegos+EPADE+en+Santa+Cruz\">\n<img src=\"https:\/\/labestiadeportiva.com\/lbd\/wp-content\/plugins\/jw-share-this\/fb.png\" alt=\"Share this page via Facebook\" \/>\n<\/a>\n<a target=\"_blank\" href=\"http:\/\/twitter.com\/intent\/tweet?text=I+like+https%3A%2F%2Flabestiadeportiva.com%2Flbd%2Fculminaron-los-juegos-epade-en-santa-cruz%2F&amp;title=Culminaron+los+Juegos+EPADE+en+Santa+Cruz\">\n<img src=\"https:\/\/labestiadeportiva.com\/lbd\/wp-content\/plugins\/jw-share-this\/twitter.png\" alt=\"Share this page via Twitter\" \/>\n<\/a>\n<\/div>\n","protected":false},"excerpt":{"rendered":"<p>Este viernes finalizaron las competencias de los Juegos Patag\u00f3nicos Epade \u201cSanta Cruz 2022\u201d, el \u00faltimo compromiso deportivo de las provincias de la regi\u00f3n en esta oportunidad en una fecha no habitual. La Pampa fue el campe\u00f3n cosechando 81 puntos, R\u00edo Negro y Chubut ocuparon el resto del podio en ese orden. Neuqu\u00e9n, Santa Cruz y &hellip; <a href=\"https:\/\/labestiadeportiva.com\/lbd\/culminaron-los-juegos-epade-en-santa-cruz\/\" class=\"more-link\">Seguir leyendo <span class=\"screen-reader-text\">Culminaron los Juegos EPADE en Santa Cruz<\/span> <span class=\"meta-nav\">&rarr;<\/span><\/a><\/p>\n","protected":false},"author":1,"featured_media":0,"comment_status":"open","ping_status":"open","sticky":false,"template":"","format":"standard","meta":[],"categories":[6,2130,1],"tags":[593,83,4940],"_links":{"self":[{"href":"https:\/\/labestiadeportiva.com\/lbd\/wp-json\/wp\/v2\/posts\/44176"}],"collection":[{"href":"https:\/\/labestiadeportiva.com\/lbd\/wp-json\/wp\/v2\/posts"}],"about":[{"href":"https:\/\/labestiadeportiva.com\/lbd\/wp-json\/wp\/v2\/types\/post"}],"author":[{"embeddable":true,"href":"https:\/\/labestiadeportiva.com\/lbd\/wp-json\/wp\/v2\/users\/1"}],"replies":[{"embeddable":true,"href":"https:\/\/labestiadeportiva.com\/lbd\/wp-json\/wp\/v2\/comments?post=44176"}],"version-history":[{"count":1,"href":"https:\/\/labestiadeportiva.com\/lbd\/wp-json\/wp\/v2\/posts\/44176\/revisions"}],"predecessor-version":[{"id":44180,"href":"https:\/\/labestiadeportiva.com\/lbd\/wp-json\/wp\/v2\/posts\/44176\/revisions\/44180"}],"wp:attachment":[{"href":"https:\/\/labestiadeportiva.com\/lbd\/wp-json\/wp\/v2\/media?parent=44176"}],"wp:term":[{"taxonomy":"category","embeddable":true,"href":"https:\/\/labestiadeportiva.com\/lbd\/wp-json\/wp\/v2\/categories?post=44176"},{"taxonomy":"post_tag","embeddable":true,"href":"https:\/\/labestiadeportiva.com\/lbd\/wp-json\/wp\/v2\/tags?post=44176"}],"curies":[{"name":"wp","href":"https:\/\/api.w.org\/{rel}","templated":true}]}}