{"id":44689,"date":"2023-01-19T12:07:07","date_gmt":"2023-01-19T15:07:07","guid":{"rendered":"https:\/\/labestiadeportiva.com\/lbd\/?p=44689"},"modified":"2023-01-19T12:07:10","modified_gmt":"2023-01-19T15:07:10","slug":"oliver-espera-el-debut-en-sport-boys-audio","status":"publish","type":"post","link":"https:\/\/labestiadeportiva.com\/lbd\/oliver-espera-el-debut-en-sport-boys-audio\/","title":{"rendered":"Oliver espera el debut en Sport Boys (Audio)"},"content":{"rendered":"\n<figure class=\"wp-block-image size-large\"><a href=\"https:\/\/labestiadeportiva.com\/lbd\/wp-content\/uploads\/2023\/01\/IMG-20230118-WA0082.jpg\"><img loading=\"lazy\" width=\"1024\" height=\"1017\" src=\"https:\/\/labestiadeportiva.com\/lbd\/wp-content\/uploads\/2023\/01\/IMG-20230118-WA0082-1024x1017.jpg\" alt=\"\" class=\"wp-image-44698\" srcset=\"https:\/\/labestiadeportiva.com\/lbd\/wp-content\/uploads\/2023\/01\/IMG-20230118-WA0082-1024x1017.jpg 1024w, https:\/\/labestiadeportiva.com\/lbd\/wp-content\/uploads\/2023\/01\/IMG-20230118-WA0082-300x298.jpg 300w, https:\/\/labestiadeportiva.com\/lbd\/wp-content\/uploads\/2023\/01\/IMG-20230118-WA0082-150x150.jpg 150w, https:\/\/labestiadeportiva.com\/lbd\/wp-content\/uploads\/2023\/01\/IMG-20230118-WA0082-768x763.jpg 768w, https:\/\/labestiadeportiva.com\/lbd\/wp-content\/uploads\/2023\/01\/IMG-20230118-WA0082-640x636.jpg 640w, https:\/\/labestiadeportiva.com\/lbd\/wp-content\/uploads\/2023\/01\/IMG-20230118-WA0082.jpg 1284w\" sizes=\"(max-width: 1024px) 100vw, 1024px\" \/><\/a><\/figure>\n\n\n\n<figure class=\"wp-block-image size-full is-resized\"><a href=\"http:\/\/labestiadeportiva.com\/lbd\/wp-content\/uploads\/2022\/11\/CARA_PEREZ-2.jpg\"><img loading=\"lazy\" src=\"http:\/\/labestiadeportiva.com\/lbd\/wp-content\/uploads\/2022\/11\/CARA_PEREZ-2.jpg\" alt=\"\" class=\"wp-image-43576\" width=\"314\" height=\"64\" srcset=\"https:\/\/labestiadeportiva.com\/lbd\/wp-content\/uploads\/2022\/11\/CARA_PEREZ-2.jpg 600w, https:\/\/labestiadeportiva.com\/lbd\/wp-content\/uploads\/2022\/11\/CARA_PEREZ-2-300x62.jpg 300w\" sizes=\"(max-width: 314px) 100vw, 314px\" \/><\/a><\/figure>\n\n\n\n<p>El defensor ushuaiense de 31 a\u00f1os regres\u00f3 al continente luego de la experiencia europea en el Lam\u00eda FC griego.  <\/p>\n\n\n\n<p>El ex GELP, Tigre, Patronato, San Mart\u00edn de Tucum\u00e1n y Palestino de Chile se comunic\u00f3 con LBD d\u00e1ndonos detalles de su llegada a la Liga 1 peruana.<\/p>\n\n\n\n<!--more-->\n\n\n\n<figure class=\"wp-block-embed is-type-video is-provider-youtube wp-block-embed-youtube wp-embed-aspect-4-3 wp-has-aspect-ratio\"><div class=\"wp-block-embed__wrapper\">\n<iframe loading=\"lazy\" title=\"Audio Oliver Ben\u00edtez\" width=\"474\" height=\"356\" src=\"https:\/\/www.youtube.com\/embed\/6kUXuHDsYiQ?feature=oembed\" frameborder=\"0\" allow=\"accelerometer; autoplay; clipboard-write; encrypted-media; gyroscope; picture-in-picture; web-share\" allowfullscreen><\/iframe>\n<\/div><\/figure>\n<div class='epvc-post-count'><span class='epvc-eye'><\/span>  <span class=\"epvc-count\"> 1.094<\/span><span class='epvc-label'> veces le\u00edda<\/span><\/div>\n<div class=\"jwsharethis\">\nShare this: \n<br \/>\n<a href=\"mailto:?subject=Oliver%20espera%20el%20debut%20en%20Sport%20Boys%20%28Audio%29&amp;body=https%3A%2F%2Flabestiadeportiva.com%2Flbd%2Foliver-espera-el-debut-en-sport-boys-audio%2F\">\n<img src=\"https:\/\/labestiadeportiva.com\/lbd\/wp-content\/plugins\/jw-share-this\/email.png\" alt=\"Share this page via Email\" \/>\n<\/a>\n<a target=\"_blank\" href=\"http:\/\/www.stumbleupon.com\/submit?url=https%3A%2F%2Flabestiadeportiva.com%2Flbd%2Foliver-espera-el-debut-en-sport-boys-audio%2F&amp;title=Oliver+espera+el+debut+en+Sport+Boys+%28Audio%29\">\n<img src=\"https:\/\/labestiadeportiva.com\/lbd\/wp-content\/plugins\/jw-share-this\/su.png\" alt=\"Share this page via Stumble Upon\" \/>\n<\/a>\n<a target=\"_blank\" href=\"http:\/\/digg.com\/submit?url=https%3A%2F%2Flabestiadeportiva.com%2Flbd%2Foliver-espera-el-debut-en-sport-boys-audio%2F&amp;title=Oliver+espera+el+debut+en+Sport+Boys+%28Audio%29\">\n<img src=\"https:\/\/labestiadeportiva.com\/lbd\/wp-content\/plugins\/jw-share-this\/digg.png\" alt=\"Share this page via Digg this\" \/>\n<\/a>\n<a target=\"_blank\" href=\"http:\/\/www.facebook.com\/sharer.php?u=https%3A%2F%2Flabestiadeportiva.com%2Flbd%2Foliver-espera-el-debut-en-sport-boys-audio%2F&amp;t=Oliver+espera+el+debut+en+Sport+Boys+%28Audio%29\">\n<img src=\"https:\/\/labestiadeportiva.com\/lbd\/wp-content\/plugins\/jw-share-this\/fb.png\" alt=\"Share this page via Facebook\" \/>\n<\/a>\n<a target=\"_blank\" href=\"http:\/\/twitter.com\/intent\/tweet?text=I+like+https%3A%2F%2Flabestiadeportiva.com%2Flbd%2Foliver-espera-el-debut-en-sport-boys-audio%2F&amp;title=Oliver+espera+el+debut+en+Sport+Boys+%28Audio%29\">\n<img src=\"https:\/\/labestiadeportiva.com\/lbd\/wp-content\/plugins\/jw-share-this\/twitter.png\" alt=\"Share this page via Twitter\" \/>\n<\/a>\n<\/div>\n","protected":false},"excerpt":{"rendered":"<p>El defensor ushuaiense de 31 a\u00f1os regres\u00f3 al continente luego de la experiencia europea en el Lam\u00eda FC griego. El ex GELP, Tigre, Patronato, San Mart\u00edn de Tucum\u00e1n y Palestino de Chile se comunic\u00f3 con LBD d\u00e1ndonos detalles de su llegada a la Liga 1 peruana. 1.094 veces le\u00edda Share this:<\/p>\n","protected":false},"author":1,"featured_media":0,"comment_status":"open","ping_status":"open","sticky":false,"template":"","format":"standard","meta":[],"categories":[5,4,6,60,1987,14,1],"tags":[4830,83,4974,4975,260],"_links":{"self":[{"href":"https:\/\/labestiadeportiva.com\/lbd\/wp-json\/wp\/v2\/posts\/44689"}],"collection":[{"href":"https:\/\/labestiadeportiva.com\/lbd\/wp-json\/wp\/v2\/posts"}],"about":[{"href":"https:\/\/labestiadeportiva.com\/lbd\/wp-json\/wp\/v2\/types\/post"}],"author":[{"embeddable":true,"href":"https:\/\/labestiadeportiva.com\/lbd\/wp-json\/wp\/v2\/users\/1"}],"replies":[{"embeddable":true,"href":"https:\/\/labestiadeportiva.com\/lbd\/wp-json\/wp\/v2\/comments?post=44689"}],"version-history":[{"count":1,"href":"https:\/\/labestiadeportiva.com\/lbd\/wp-json\/wp\/v2\/posts\/44689\/revisions"}],"predecessor-version":[{"id":44699,"href":"https:\/\/labestiadeportiva.com\/lbd\/wp-json\/wp\/v2\/posts\/44689\/revisions\/44699"}],"wp:attachment":[{"href":"https:\/\/labestiadeportiva.com\/lbd\/wp-json\/wp\/v2\/media?parent=44689"}],"wp:term":[{"taxonomy":"category","embeddable":true,"href":"https:\/\/labestiadeportiva.com\/lbd\/wp-json\/wp\/v2\/categories?post=44689"},{"taxonomy":"post_tag","embeddable":true,"href":"https:\/\/labestiadeportiva.com\/lbd\/wp-json\/wp\/v2\/tags?post=44689"}],"curies":[{"name":"wp","href":"https:\/\/api.w.org\/{rel}","templated":true}]}}