{"id":44702,"date":"2023-01-20T19:19:33","date_gmt":"2023-01-20T22:19:33","guid":{"rendered":"http:\/\/labestiadeportiva.com\/lbd\/?p=44702"},"modified":"2023-01-20T19:19:44","modified_gmt":"2023-01-20T22:19:44","slug":"no-dimos-la-talla-ante-alemania-candidato","status":"publish","type":"post","link":"https:\/\/labestiadeportiva.com\/lbd\/no-dimos-la-talla-ante-alemania-candidato\/","title":{"rendered":"No dimos la talla ante Alemania candidato"},"content":{"rendered":"\n<figure class=\"wp-block-image size-full\"><a href=\"http:\/\/labestiadeportiva.com\/lbd\/wp-content\/uploads\/2023\/01\/handballargvsalem2.jpg\"><img loading=\"lazy\" width=\"649\" height=\"365\" src=\"http:\/\/labestiadeportiva.com\/lbd\/wp-content\/uploads\/2023\/01\/handballargvsalem2.jpg\" alt=\"\" class=\"wp-image-44712\" srcset=\"https:\/\/labestiadeportiva.com\/lbd\/wp-content\/uploads\/2023\/01\/handballargvsalem2.jpg 649w, https:\/\/labestiadeportiva.com\/lbd\/wp-content\/uploads\/2023\/01\/handballargvsalem2-300x169.jpg 300w, https:\/\/labestiadeportiva.com\/lbd\/wp-content\/uploads\/2023\/01\/handballargvsalem2-640x360.jpg 640w\" sizes=\"(max-width: 649px) 100vw, 649px\" \/><\/a><\/figure>\n\n\n\n<figure class=\"wp-block-image size-full is-resized\"><a href=\"http:\/\/labestiadeportiva.com\/lbd\/wp-content\/uploads\/2022\/11\/CARA_TORRES-1.jpg\"><img loading=\"lazy\" src=\"http:\/\/labestiadeportiva.com\/lbd\/wp-content\/uploads\/2022\/11\/CARA_TORRES-1.jpg\" alt=\"\" class=\"wp-image-43579\" width=\"295\" height=\"60\" srcset=\"https:\/\/labestiadeportiva.com\/lbd\/wp-content\/uploads\/2022\/11\/CARA_TORRES-1.jpg 600w, https:\/\/labestiadeportiva.com\/lbd\/wp-content\/uploads\/2022\/11\/CARA_TORRES-1-300x62.jpg 300w\" sizes=\"(max-width: 295px) 100vw, 295px\" \/><\/a><\/figure>\n\n\n\n<p>El conjunto nacional cay\u00f3 por un abultado marcador de 39 a 19 en su primer partido de la ronda principal del mundial de handball que se realiza en forma conjunta en Polonia y Suecia.  El pr\u00f3ximo s\u00e1bado el  rival ser\u00e1 Serbia. <\/p>\n\n\n\n<!--more-->\n\n\n\n<p>El equipo de Milano no pudo hacer el partido que esperaba ante un rival como Alemania que llegaba con 102 goles anotados en primera fase y que lo dej\u00f3 como primero de la zona.\u00a0<\/p>\n\n\n\n<p>Alemania, a pesar de ser un equipo joven, no le pes\u00f3 el partido para nada. La defensa parec\u00eda inexpugnable para los ataques de \u00abLos Gladiadores\u00bb que una y otra vez terminaban siendo bloqueados por esa inmensa muralla que propon\u00eda el equipo teut\u00f3n, y que si por las dudas lograba superarla estaba presente el gran arquero Wolf que en los primeros minutos demostr\u00f3 que estaba en uno de sus mejores d\u00edas.\u00a0<\/p>\n\n\n\n<p>Por el lado de Argentina, no solamente buscaba variantes para encontrarle  la vuelta a la f\u00e9rrea defensa propuesta por los alemanes, sino que terminaba siendo repetitivo en sus ataques por el medio de la defensa. <\/p>\n\n\n\n<p>Todo el buen trabajo que hab\u00eda logrado hacer con Macedonia, pareci\u00f3 que cay\u00f3 en saco roto en este partido ya que la defensa no pudo contener cada ataque de los alemanes. <\/p>\n\n\n\n<p>El descontrol argentino lleg\u00f3 a tal punto que el t\u00e9cnico Milano tuvo que pedir dos tiempos para poder organizar al conjunto nacional que no lograba realizar un ataque limpio. <\/p>\n\n\n\n<p>Para tener en claro el rendimiento del equipo nacional  veremos las estad\u00edsticas. Solamente tuvo un 40% de efectividad con catorce p\u00e9rdidas de bal\u00f3n. Cada una de ellas fue una invitaci\u00f3n para los europeos que no paraban de atacar.\u00a0<\/p>\n\n\n\n<p>Partidos son partidos, esta vez Argentina qued\u00f3 muy lejos de su rival de turno. Ahora hay que levantarse r\u00e1pido ya que enfrente estar\u00e1 Serbia, un equipo un poco m\u00e1s terrenal, pero que al mismo tiempo va a dar batalla. En el d\u00eda de ayer con Noruega por 31 a 28.\u00a0<\/p>\n\n\n\n<p>Con este resultado, para ponernos a la altura de nuestra historia, tendr\u00edamos que ganar un partido de los dos que nos quedan para no caer en la peor posici\u00f3n que fue el  puesto 22 en el mundial de a\u00f1o 1997.\u00a0<\/p>\n\n\n\n<figure class=\"wp-block-image size-full is-resized\"><a href=\"http:\/\/labestiadeportiva.com\/lbd\/wp-content\/uploads\/2023\/01\/handballargvsalem1-1.jpg\"><img loading=\"lazy\" src=\"http:\/\/labestiadeportiva.com\/lbd\/wp-content\/uploads\/2023\/01\/handballargvsalem1-1.jpg\" alt=\"\" class=\"wp-image-44713\" width=\"378\" height=\"251\" srcset=\"https:\/\/labestiadeportiva.com\/lbd\/wp-content\/uploads\/2023\/01\/handballargvsalem1-1.jpg 656w, https:\/\/labestiadeportiva.com\/lbd\/wp-content\/uploads\/2023\/01\/handballargvsalem1-1-300x198.jpg 300w, https:\/\/labestiadeportiva.com\/lbd\/wp-content\/uploads\/2023\/01\/handballargvsalem1-1-640x423.jpg 640w\" sizes=\"(max-width: 378px) 100vw, 378px\" \/><\/a><\/figure>\n<div class='epvc-post-count'><span class='epvc-eye'><\/span>  <span class=\"epvc-count\"> 1.027<\/span><span class='epvc-label'> veces le\u00edda<\/span><\/div>\n<div class=\"jwsharethis\">\nShare this: \n<br \/>\n<a href=\"mailto:?subject=No%20dimos%20la%20talla%20ante%20Alemania%20candidato&amp;body=https%3A%2F%2Flabestiadeportiva.com%2Flbd%2Fno-dimos-la-talla-ante-alemania-candidato%2F\">\n<img src=\"https:\/\/labestiadeportiva.com\/lbd\/wp-content\/plugins\/jw-share-this\/email.png\" alt=\"Share this page via Email\" \/>\n<\/a>\n<a target=\"_blank\" href=\"http:\/\/www.stumbleupon.com\/submit?url=https%3A%2F%2Flabestiadeportiva.com%2Flbd%2Fno-dimos-la-talla-ante-alemania-candidato%2F&amp;title=No+dimos+la+talla+ante+Alemania+candidato\">\n<img src=\"https:\/\/labestiadeportiva.com\/lbd\/wp-content\/plugins\/jw-share-this\/su.png\" alt=\"Share this page via Stumble Upon\" \/>\n<\/a>\n<a target=\"_blank\" href=\"http:\/\/digg.com\/submit?url=https%3A%2F%2Flabestiadeportiva.com%2Flbd%2Fno-dimos-la-talla-ante-alemania-candidato%2F&amp;title=No+dimos+la+talla+ante+Alemania+candidato\">\n<img src=\"https:\/\/labestiadeportiva.com\/lbd\/wp-content\/plugins\/jw-share-this\/digg.png\" alt=\"Share this page via Digg this\" \/>\n<\/a>\n<a target=\"_blank\" href=\"http:\/\/www.facebook.com\/sharer.php?u=https%3A%2F%2Flabestiadeportiva.com%2Flbd%2Fno-dimos-la-talla-ante-alemania-candidato%2F&amp;t=No+dimos+la+talla+ante+Alemania+candidato\">\n<img src=\"https:\/\/labestiadeportiva.com\/lbd\/wp-content\/plugins\/jw-share-this\/fb.png\" alt=\"Share this page via Facebook\" \/>\n<\/a>\n<a target=\"_blank\" href=\"http:\/\/twitter.com\/intent\/tweet?text=I+like+https%3A%2F%2Flabestiadeportiva.com%2Flbd%2Fno-dimos-la-talla-ante-alemania-candidato%2F&amp;title=No+dimos+la+talla+ante+Alemania+candidato\">\n<img src=\"https:\/\/labestiadeportiva.com\/lbd\/wp-content\/plugins\/jw-share-this\/twitter.png\" alt=\"Share this page via Twitter\" \/>\n<\/a>\n<\/div>\n","protected":false},"excerpt":{"rendered":"<p>El conjunto nacional cay\u00f3 por un abultado marcador de 39 a 19 en su primer partido de la ronda principal del mundial de handball que se realiza en forma conjunta en Polonia y Suecia. El pr\u00f3ximo s\u00e1bado el rival ser\u00e1 Serbia. 1.027 veces le\u00edda Share this:<\/p>\n","protected":false},"author":1,"featured_media":0,"comment_status":"open","ping_status":"open","sticky":false,"template":"","format":"standard","meta":[],"categories":[4,2286,1],"tags":[329,4969,83],"_links":{"self":[{"href":"https:\/\/labestiadeportiva.com\/lbd\/wp-json\/wp\/v2\/posts\/44702"}],"collection":[{"href":"https:\/\/labestiadeportiva.com\/lbd\/wp-json\/wp\/v2\/posts"}],"about":[{"href":"https:\/\/labestiadeportiva.com\/lbd\/wp-json\/wp\/v2\/types\/post"}],"author":[{"embeddable":true,"href":"https:\/\/labestiadeportiva.com\/lbd\/wp-json\/wp\/v2\/users\/1"}],"replies":[{"embeddable":true,"href":"https:\/\/labestiadeportiva.com\/lbd\/wp-json\/wp\/v2\/comments?post=44702"}],"version-history":[{"count":1,"href":"https:\/\/labestiadeportiva.com\/lbd\/wp-json\/wp\/v2\/posts\/44702\/revisions"}],"predecessor-version":[{"id":44714,"href":"https:\/\/labestiadeportiva.com\/lbd\/wp-json\/wp\/v2\/posts\/44702\/revisions\/44714"}],"wp:attachment":[{"href":"https:\/\/labestiadeportiva.com\/lbd\/wp-json\/wp\/v2\/media?parent=44702"}],"wp:term":[{"taxonomy":"category","embeddable":true,"href":"https:\/\/labestiadeportiva.com\/lbd\/wp-json\/wp\/v2\/categories?post=44702"},{"taxonomy":"post_tag","embeddable":true,"href":"https:\/\/labestiadeportiva.com\/lbd\/wp-json\/wp\/v2\/tags?post=44702"}],"curies":[{"name":"wp","href":"https:\/\/api.w.org\/{rel}","templated":true}]}}