{"id":44902,"date":"2023-01-29T15:48:15","date_gmt":"2023-01-29T18:48:15","guid":{"rendered":"https:\/\/labestiadeportiva.com\/lbd\/?p=44902"},"modified":"2023-01-29T15:48:18","modified_gmt":"2023-01-29T18:48:18","slug":"trabajos-en-los-natatorios-del-poli","status":"publish","type":"post","link":"https:\/\/labestiadeportiva.com\/lbd\/trabajos-en-los-natatorios-del-poli\/","title":{"rendered":"Trabajos en los natatorios del \u00abPoli\u00bb"},"content":{"rendered":"\n<figure class=\"wp-block-image size-full\"><a href=\"https:\/\/labestiadeportiva.com\/lbd\/wp-content\/uploads\/2023\/01\/Screenshot_20230129-1532472.png\"><img loading=\"lazy\" width=\"643\" height=\"353\" src=\"https:\/\/labestiadeportiva.com\/lbd\/wp-content\/uploads\/2023\/01\/Screenshot_20230129-1532472.png\" alt=\"\" class=\"wp-image-44911\" srcset=\"https:\/\/labestiadeportiva.com\/lbd\/wp-content\/uploads\/2023\/01\/Screenshot_20230129-1532472.png 643w, https:\/\/labestiadeportiva.com\/lbd\/wp-content\/uploads\/2023\/01\/Screenshot_20230129-1532472-300x165.png 300w, https:\/\/labestiadeportiva.com\/lbd\/wp-content\/uploads\/2023\/01\/Screenshot_20230129-1532472-640x351.png 640w\" sizes=\"(max-width: 643px) 100vw, 643px\" \/><\/a><\/figure>\n\n\n\n<figure class=\"wp-block-image size-full is-resized\"><a href=\"http:\/\/labestiadeportiva.com\/lbd\/wp-content\/uploads\/2022\/11\/CARA_PEREZ-2.jpg\"><img loading=\"lazy\" src=\"http:\/\/labestiadeportiva.com\/lbd\/wp-content\/uploads\/2022\/11\/CARA_PEREZ-2.jpg\" alt=\"\" class=\"wp-image-43576\" width=\"315\" height=\"64\" srcset=\"https:\/\/labestiadeportiva.com\/lbd\/wp-content\/uploads\/2022\/11\/CARA_PEREZ-2.jpg 600w, https:\/\/labestiadeportiva.com\/lbd\/wp-content\/uploads\/2022\/11\/CARA_PEREZ-2-300x62.jpg 300w\" sizes=\"(max-width: 315px) 100vw, 315px\" \/><\/a><\/figure>\n\n\n\n<p>Renovaciones y mejoras el el \u00abAna Karelovic\u00bb y \u00abH\u00e9roes de  Malvinas\u00bb. Se trabaja en ambos espacios para la pr\u00e1ctica de la nataci\u00f3n con el objetivo de tenerlos operativos lo antes posible. Fuente y fotos Prensa IMD.<\/p>\n\n\n\n<!--more-->\n\n\n\n<figure class=\"wp-block-image size-full\"><a href=\"https:\/\/labestiadeportiva.com\/lbd\/wp-content\/uploads\/2023\/01\/Screenshot_20230129-1532242.png\"><img loading=\"lazy\" width=\"646\" height=\"361\" src=\"https:\/\/labestiadeportiva.com\/lbd\/wp-content\/uploads\/2023\/01\/Screenshot_20230129-1532242.png\" alt=\"\" class=\"wp-image-44912\" srcset=\"https:\/\/labestiadeportiva.com\/lbd\/wp-content\/uploads\/2023\/01\/Screenshot_20230129-1532242.png 646w, https:\/\/labestiadeportiva.com\/lbd\/wp-content\/uploads\/2023\/01\/Screenshot_20230129-1532242-300x168.png 300w, https:\/\/labestiadeportiva.com\/lbd\/wp-content\/uploads\/2023\/01\/Screenshot_20230129-1532242-640x358.png 640w\" sizes=\"(max-width: 646px) 100vw, 646px\" \/><\/a><\/figure>\n\n\n\n<p>En cuanto a los sectores donde se realizan trabajos podemos citar sala t\u00e9cnica, vestuarios y superficie. Desde el IMD se inform\u00f3 que que los mismos seguir\u00e1n a buen ritmo con el objetivo de poder concluir los cuanto antes para ponrtlos a disposici\u00f3n de la comunidad.<\/p>\n\n\n\n<p>A la hora de enumerar los detalles en la sala t\u00e9cnica se renov\u00f3 por completo filtros, termotanques, calderas, v\u00e1lvulas y ca\u00f1er\u00edas.<\/p>\n\n\n\n<p>Asimismo se terminaron vestuarios, los cuales fueron renovados para mejorar el servicio restando finalizar trabajos en la superficie de la pileta.<\/p>\n\n\n\n<p>Finalmente en el Polo Deportivo ubicado en el barrio de Andorra se trabaja en la superficie de la pileta grande y chica.<\/p>\n\n\n\n<figure class=\"wp-block-image size-full\"><a href=\"https:\/\/labestiadeportiva.com\/lbd\/wp-content\/uploads\/2023\/01\/Screenshot_20230129-1532032.png\"><img loading=\"lazy\" width=\"641\" height=\"354\" src=\"https:\/\/labestiadeportiva.com\/lbd\/wp-content\/uploads\/2023\/01\/Screenshot_20230129-1532032.png\" alt=\"\" class=\"wp-image-44913\" srcset=\"https:\/\/labestiadeportiva.com\/lbd\/wp-content\/uploads\/2023\/01\/Screenshot_20230129-1532032.png 641w, https:\/\/labestiadeportiva.com\/lbd\/wp-content\/uploads\/2023\/01\/Screenshot_20230129-1532032-300x166.png 300w\" sizes=\"(max-width: 641px) 100vw, 641px\" \/><\/a><\/figure>\n<div class='epvc-post-count'><span class='epvc-eye'><\/span>  <span class=\"epvc-count\"> 1.129<\/span><span class='epvc-label'> veces le\u00edda<\/span><\/div>\n<div class=\"jwsharethis\">\nShare this: \n<br \/>\n<a href=\"mailto:?subject=Trabajos%20en%20los%20natatorios%20del%20%C2%ABPoli%C2%BB&amp;body=https%3A%2F%2Flabestiadeportiva.com%2Flbd%2Ftrabajos-en-los-natatorios-del-poli%2F\">\n<img src=\"https:\/\/labestiadeportiva.com\/lbd\/wp-content\/plugins\/jw-share-this\/email.png\" alt=\"Share this page via Email\" \/>\n<\/a>\n<a target=\"_blank\" href=\"http:\/\/www.stumbleupon.com\/submit?url=https%3A%2F%2Flabestiadeportiva.com%2Flbd%2Ftrabajos-en-los-natatorios-del-poli%2F&amp;title=Trabajos+en+los+natatorios+del+%C2%ABPoli%C2%BB\">\n<img src=\"https:\/\/labestiadeportiva.com\/lbd\/wp-content\/plugins\/jw-share-this\/su.png\" alt=\"Share this page via Stumble Upon\" \/>\n<\/a>\n<a target=\"_blank\" href=\"http:\/\/digg.com\/submit?url=https%3A%2F%2Flabestiadeportiva.com%2Flbd%2Ftrabajos-en-los-natatorios-del-poli%2F&amp;title=Trabajos+en+los+natatorios+del+%C2%ABPoli%C2%BB\">\n<img src=\"https:\/\/labestiadeportiva.com\/lbd\/wp-content\/plugins\/jw-share-this\/digg.png\" alt=\"Share this page via Digg this\" \/>\n<\/a>\n<a target=\"_blank\" href=\"http:\/\/www.facebook.com\/sharer.php?u=https%3A%2F%2Flabestiadeportiva.com%2Flbd%2Ftrabajos-en-los-natatorios-del-poli%2F&amp;t=Trabajos+en+los+natatorios+del+%C2%ABPoli%C2%BB\">\n<img src=\"https:\/\/labestiadeportiva.com\/lbd\/wp-content\/plugins\/jw-share-this\/fb.png\" alt=\"Share this page via Facebook\" \/>\n<\/a>\n<a target=\"_blank\" href=\"http:\/\/twitter.com\/intent\/tweet?text=I+like+https%3A%2F%2Flabestiadeportiva.com%2Flbd%2Ftrabajos-en-los-natatorios-del-poli%2F&amp;title=Trabajos+en+los+natatorios+del+%C2%ABPoli%C2%BB\">\n<img src=\"https:\/\/labestiadeportiva.com\/lbd\/wp-content\/plugins\/jw-share-this\/twitter.png\" alt=\"Share this page via Twitter\" \/>\n<\/a>\n<\/div>\n","protected":false},"excerpt":{"rendered":"<p>Renovaciones y mejoras el el \u00abAna Karelovic\u00bb y \u00abH\u00e9roes de Malvinas\u00bb. Se trabaja en ambos espacios para la pr\u00e1ctica de la nataci\u00f3n con el objetivo de tenerlos operativos lo antes posible. Fuente y fotos Prensa IMD. 1.129 veces le\u00edda Share this:<\/p>\n","protected":false},"author":1,"featured_media":0,"comment_status":"open","ping_status":"open","sticky":false,"template":"","format":"standard","meta":[],"categories":[5,2651,2088,1],"tags":[3834,2932,83,204],"_links":{"self":[{"href":"https:\/\/labestiadeportiva.com\/lbd\/wp-json\/wp\/v2\/posts\/44902"}],"collection":[{"href":"https:\/\/labestiadeportiva.com\/lbd\/wp-json\/wp\/v2\/posts"}],"about":[{"href":"https:\/\/labestiadeportiva.com\/lbd\/wp-json\/wp\/v2\/types\/post"}],"author":[{"embeddable":true,"href":"https:\/\/labestiadeportiva.com\/lbd\/wp-json\/wp\/v2\/users\/1"}],"replies":[{"embeddable":true,"href":"https:\/\/labestiadeportiva.com\/lbd\/wp-json\/wp\/v2\/comments?post=44902"}],"version-history":[{"count":1,"href":"https:\/\/labestiadeportiva.com\/lbd\/wp-json\/wp\/v2\/posts\/44902\/revisions"}],"predecessor-version":[{"id":44914,"href":"https:\/\/labestiadeportiva.com\/lbd\/wp-json\/wp\/v2\/posts\/44902\/revisions\/44914"}],"wp:attachment":[{"href":"https:\/\/labestiadeportiva.com\/lbd\/wp-json\/wp\/v2\/media?parent=44902"}],"wp:term":[{"taxonomy":"category","embeddable":true,"href":"https:\/\/labestiadeportiva.com\/lbd\/wp-json\/wp\/v2\/categories?post=44902"},{"taxonomy":"post_tag","embeddable":true,"href":"https:\/\/labestiadeportiva.com\/lbd\/wp-json\/wp\/v2\/tags?post=44902"}],"curies":[{"name":"wp","href":"https:\/\/api.w.org\/{rel}","templated":true}]}}