{"id":44929,"date":"2023-01-31T15:03:27","date_gmt":"2023-01-31T18:03:27","guid":{"rendered":"http:\/\/labestiadeportiva.com\/lbd\/?p=44929"},"modified":"2023-01-31T15:17:44","modified_gmt":"2023-01-31T18:17:44","slug":"reunion-en-la-nueva-sede","status":"publish","type":"post","link":"https:\/\/labestiadeportiva.com\/lbd\/reunion-en-la-nueva-sede\/","title":{"rendered":"Reuni\u00f3n en la nueva sede"},"content":{"rendered":"\n<figure class=\"wp-block-image size-full\"><a href=\"http:\/\/labestiadeportiva.com\/lbd\/wp-content\/uploads\/2023\/01\/FB_IMG_1675186008750.jpg\"><img loading=\"lazy\" width=\"720\" height=\"405\" src=\"http:\/\/labestiadeportiva.com\/lbd\/wp-content\/uploads\/2023\/01\/FB_IMG_1675186008750.jpg\" alt=\"\" class=\"wp-image-44938\" srcset=\"https:\/\/labestiadeportiva.com\/lbd\/wp-content\/uploads\/2023\/01\/FB_IMG_1675186008750.jpg 720w, https:\/\/labestiadeportiva.com\/lbd\/wp-content\/uploads\/2023\/01\/FB_IMG_1675186008750-300x169.jpg 300w, https:\/\/labestiadeportiva.com\/lbd\/wp-content\/uploads\/2023\/01\/FB_IMG_1675186008750-640x360.jpg 640w\" sizes=\"(max-width: 720px) 100vw, 720px\" \/><\/a><\/figure>\n\n\n\n<figure class=\"wp-block-image size-full is-resized\"><a href=\"http:\/\/labestiadeportiva.com\/lbd\/wp-content\/uploads\/2022\/11\/CARA_PEREZ-2.jpg\"><img loading=\"lazy\" src=\"http:\/\/labestiadeportiva.com\/lbd\/wp-content\/uploads\/2022\/11\/CARA_PEREZ-2.jpg\" alt=\"\" class=\"wp-image-43576\" width=\"323\" height=\"66\" srcset=\"https:\/\/labestiadeportiva.com\/lbd\/wp-content\/uploads\/2022\/11\/CARA_PEREZ-2.jpg 600w, https:\/\/labestiadeportiva.com\/lbd\/wp-content\/uploads\/2022\/11\/CARA_PEREZ-2-300x62.jpg 300w\" sizes=\"(max-width: 323px) 100vw, 323px\" \/><\/a><\/figure>\n\n\n\n<p>Este lunes por la tarde noche la Liga Ushuaiense convoc\u00f3 a los representantes de los clubes. 14 de ellos dieron  el presente, si todo marcha sin inconvenientes la temporada oficial de Primera Divisi\u00f3n comenzar\u00e1 el s\u00e1bado 4 de marzo. Desde LBD los detalles  de lo charlado entre los dirigentes futboleros de la ciudad.<\/p>\n\n\n\n<!--more-->\n\n\n\n<p>Los representantes de la Liga expresaron que la reuni\u00f3n fue sumamente amena, comenzando alrededor de las 19.45 para culminar minutos despu\u00e9s de las 21 horas.<\/p>\n\n\n\n<p>Catorce representantes de los clubes dieron el presente, con las ausencias de Mercantil y G\u00fcemes.<\/p>\n\n\n\n<p>Las instituciones tendr\u00e1n hasta el d\u00eda 9 de febrero para confirmar su participaci\u00f3n. Si bien nadie ha puesto palabra al respecto en el ambiente se duda de la participaci\u00f3n de G\u00fcemes, Andes del Sur y Centro Galicia.<\/p>\n\n\n\n<p>A nuestra mesa de trabajo nos lleg\u00f3 la versi\u00f3n que estos tres \u00faltimos clubes se encuentran en contacto entre si y no es descabellado pensar que podr\u00edan fusionarse en un solo equipo para formar parte del torneo.<\/p>\n\n\n\n<p>A la hora de los valores que tendr\u00e1n que afrontar equipos y jugadores podemos adelantar que el arbitraje de primera divisi\u00f3n ser\u00e1 de $10.500 por partido. La inscripci\u00f3n anual por club $25.000, que se podr\u00e1 abonar en cuotas, mientras que el seguro por jugador costar\u00e1 $1.700.<\/p>\n\n\n\n<p>En cuanto a los pases de jugadores libres se podr\u00e1n realizar hasta el 21 de marzo mientras que los fichajes nuevos ser\u00e1n indefinidos.<\/p>\n\n\n\n<p>Finalmente la estructura de competencia a realizar ser\u00e1 un todos contra todos manteniendo la idea de ser clasificatoria para la conformaci\u00f3n de las divisionales \u00abA\u00bb y \u00abB\u00bb <\/p>\n\n\n\n<p>Los dirigentes informaron que el n\u00famero de equipos participantes fluctuar\u00e1 entre los 14 a 16, en cuanto al fixture en un primer momento se competir\u00e1 viernes, s\u00e1bado y domingo. <\/p>\n\n\n\n<p>Una vez comenzada la actividad del Futsal AFA se volver\u00eda a competir de lunes a lunes (de tarde noche) todo esto debido a que el n\u00famero de \u00e1rbitros no alcanza para llevar adelante las dos competiciones en forma paralela.<\/p>\n\n\n\n<p>La Liga Ushuaiense di\u00f3 el primer paso para que la pelota vuelva a rodar en el sint\u00e9tico \u00abHugo Lumbreras\u00bb&#8230;y los arreglos prometidos?<\/p>\n<div class='epvc-post-count'><span class='epvc-eye'><\/span>  <span class=\"epvc-count\"> 1.356<\/span><span class='epvc-label'> veces le\u00edda<\/span><\/div>\n<div class=\"jwsharethis\">\nShare this: \n<br \/>\n<a href=\"mailto:?subject=Reuni%C3%B3n%20en%20la%20nueva%20sede&amp;body=https%3A%2F%2Flabestiadeportiva.com%2Flbd%2Freunion-en-la-nueva-sede%2F\">\n<img src=\"https:\/\/labestiadeportiva.com\/lbd\/wp-content\/plugins\/jw-share-this\/email.png\" alt=\"Share this page via Email\" \/>\n<\/a>\n<a target=\"_blank\" href=\"http:\/\/www.stumbleupon.com\/submit?url=https%3A%2F%2Flabestiadeportiva.com%2Flbd%2Freunion-en-la-nueva-sede%2F&amp;title=Reuni%C3%B3n+en+la+nueva+sede\">\n<img src=\"https:\/\/labestiadeportiva.com\/lbd\/wp-content\/plugins\/jw-share-this\/su.png\" alt=\"Share this page via Stumble Upon\" \/>\n<\/a>\n<a target=\"_blank\" href=\"http:\/\/digg.com\/submit?url=https%3A%2F%2Flabestiadeportiva.com%2Flbd%2Freunion-en-la-nueva-sede%2F&amp;title=Reuni%C3%B3n+en+la+nueva+sede\">\n<img src=\"https:\/\/labestiadeportiva.com\/lbd\/wp-content\/plugins\/jw-share-this\/digg.png\" alt=\"Share this page via Digg this\" \/>\n<\/a>\n<a target=\"_blank\" href=\"http:\/\/www.facebook.com\/sharer.php?u=https%3A%2F%2Flabestiadeportiva.com%2Flbd%2Freunion-en-la-nueva-sede%2F&amp;t=Reuni%C3%B3n+en+la+nueva+sede\">\n<img src=\"https:\/\/labestiadeportiva.com\/lbd\/wp-content\/plugins\/jw-share-this\/fb.png\" alt=\"Share this page via Facebook\" \/>\n<\/a>\n<a target=\"_blank\" href=\"http:\/\/twitter.com\/intent\/tweet?text=I+like+https%3A%2F%2Flabestiadeportiva.com%2Flbd%2Freunion-en-la-nueva-sede%2F&amp;title=Reuni%C3%B3n+en+la+nueva+sede\">\n<img src=\"https:\/\/labestiadeportiva.com\/lbd\/wp-content\/plugins\/jw-share-this\/twitter.png\" alt=\"Share this page via Twitter\" \/>\n<\/a>\n<\/div>\n","protected":false},"excerpt":{"rendered":"<p>Este lunes por la tarde noche la Liga Ushuaiense convoc\u00f3 a los representantes de los clubes. 14 de ellos dieron el presente, si todo marcha sin inconvenientes la temporada oficial de Primera Divisi\u00f3n comenzar\u00e1 el s\u00e1bado 4 de marzo. Desde LBD los detalles de lo charlado entre los dirigentes futboleros de la ciudad. 1.356 veces &hellip; <a href=\"https:\/\/labestiadeportiva.com\/lbd\/reunion-en-la-nueva-sede\/\" class=\"more-link\">Seguir leyendo <span class=\"screen-reader-text\">Reuni\u00f3n en la nueva sede<\/span> <span class=\"meta-nav\">&rarr;<\/span><\/a><\/p>\n","protected":false},"author":1,"featured_media":0,"comment_status":"open","ping_status":"open","sticky":false,"template":"","format":"standard","meta":[],"categories":[5,1987,2439,1],"tags":[184,798,1635,4984],"_links":{"self":[{"href":"https:\/\/labestiadeportiva.com\/lbd\/wp-json\/wp\/v2\/posts\/44929"}],"collection":[{"href":"https:\/\/labestiadeportiva.com\/lbd\/wp-json\/wp\/v2\/posts"}],"about":[{"href":"https:\/\/labestiadeportiva.com\/lbd\/wp-json\/wp\/v2\/types\/post"}],"author":[{"embeddable":true,"href":"https:\/\/labestiadeportiva.com\/lbd\/wp-json\/wp\/v2\/users\/1"}],"replies":[{"embeddable":true,"href":"https:\/\/labestiadeportiva.com\/lbd\/wp-json\/wp\/v2\/comments?post=44929"}],"version-history":[{"count":3,"href":"https:\/\/labestiadeportiva.com\/lbd\/wp-json\/wp\/v2\/posts\/44929\/revisions"}],"predecessor-version":[{"id":44941,"href":"https:\/\/labestiadeportiva.com\/lbd\/wp-json\/wp\/v2\/posts\/44929\/revisions\/44941"}],"wp:attachment":[{"href":"https:\/\/labestiadeportiva.com\/lbd\/wp-json\/wp\/v2\/media?parent=44929"}],"wp:term":[{"taxonomy":"category","embeddable":true,"href":"https:\/\/labestiadeportiva.com\/lbd\/wp-json\/wp\/v2\/categories?post=44929"},{"taxonomy":"post_tag","embeddable":true,"href":"https:\/\/labestiadeportiva.com\/lbd\/wp-json\/wp\/v2\/tags?post=44929"}],"curies":[{"name":"wp","href":"https:\/\/api.w.org\/{rel}","templated":true}]}}