{"id":45074,"date":"2023-02-11T01:20:09","date_gmt":"2023-02-11T04:20:09","guid":{"rendered":"http:\/\/labestiadeportiva.com\/lbd\/?p=45074"},"modified":"2023-02-11T01:20:23","modified_gmt":"2023-02-11T04:20:23","slug":"el-mendo-al-inter-miami-de-la-mls-audio","status":"publish","type":"post","link":"https:\/\/labestiadeportiva.com\/lbd\/el-mendo-al-inter-miami-de-la-mls-audio\/","title":{"rendered":"El \u00abMendo\u00bb al Inter Miami de la MLS (Audio)"},"content":{"rendered":"\n<figure class=\"wp-block-image size-full\"><a href=\"http:\/\/labestiadeportiva.com\/lbd\/wp-content\/uploads\/2023\/02\/FB_IMG_1676001389212.jpg\"><img loading=\"lazy\" width=\"720\" height=\"603\" src=\"http:\/\/labestiadeportiva.com\/lbd\/wp-content\/uploads\/2023\/02\/FB_IMG_1676001389212.jpg\" alt=\"\" class=\"wp-image-45075\" srcset=\"https:\/\/labestiadeportiva.com\/lbd\/wp-content\/uploads\/2023\/02\/FB_IMG_1676001389212.jpg 720w, https:\/\/labestiadeportiva.com\/lbd\/wp-content\/uploads\/2023\/02\/FB_IMG_1676001389212-300x251.jpg 300w, https:\/\/labestiadeportiva.com\/lbd\/wp-content\/uploads\/2023\/02\/FB_IMG_1676001389212-640x536.jpg 640w\" sizes=\"(max-width: 720px) 100vw, 720px\" \/><\/a><\/figure>\n\n\n\n<figure class=\"wp-block-image size-full is-resized\"><a href=\"http:\/\/labestiadeportiva.com\/lbd\/wp-content\/uploads\/2022\/11\/CARA_PEREZ-2.jpg\"><img loading=\"lazy\" src=\"http:\/\/labestiadeportiva.com\/lbd\/wp-content\/uploads\/2022\/11\/CARA_PEREZ-2.jpg\" alt=\"\" class=\"wp-image-43576\" width=\"303\" height=\"62\" srcset=\"https:\/\/labestiadeportiva.com\/lbd\/wp-content\/uploads\/2022\/11\/CARA_PEREZ-2.jpg 600w, https:\/\/labestiadeportiva.com\/lbd\/wp-content\/uploads\/2022\/11\/CARA_PEREZ-2-300x62.jpg 300w\" sizes=\"(max-width: 303px) 100vw, 303px\" \/><\/a><\/figure>\n\n\n\n<p>El delantero Ex Godoy Cruz, Franco Negri, quien visti\u00f3 los colores de los ushuaienses Cuervos del Fin del Mundo sorprendi\u00f3 a propios y extra\u00f1os con su llegada a la Liga de los Estados Unidos.<\/p>\n\n\n\n<p>Los detalles del salto de calidad en su carrera deportiva en el audio enviado a LBD que compartimos.<\/p>\n\n\n\n<!--more-->\n\n\n\n<figure class=\"wp-block-embed is-type-video is-provider-youtube wp-block-embed-youtube wp-embed-aspect-4-3 wp-has-aspect-ratio\"><div class=\"wp-block-embed__wrapper\">\n<iframe loading=\"lazy\" title=\"Audio Franco Negri\" width=\"474\" height=\"356\" src=\"https:\/\/www.youtube.com\/embed\/IKZzAYPcTI0?feature=oembed\" frameborder=\"0\" allow=\"accelerometer; autoplay; clipboard-write; encrypted-media; gyroscope; picture-in-picture; web-share\" allowfullscreen><\/iframe>\n<\/div><\/figure>\n<div class='epvc-post-count'><span class='epvc-eye'><\/span>  <span class=\"epvc-count\"> 1.392<\/span><span class='epvc-label'> veces le\u00edda<\/span><\/div>\n<div class=\"jwsharethis\">\nShare this: \n<br \/>\n<a href=\"mailto:?subject=El%20%C2%ABMendo%C2%BB%20al%20Inter%20Miami%20de%20la%20MLS%20%28Audio%29&amp;body=https%3A%2F%2Flabestiadeportiva.com%2Flbd%2Fel-mendo-al-inter-miami-de-la-mls-audio%2F\">\n<img src=\"https:\/\/labestiadeportiva.com\/lbd\/wp-content\/plugins\/jw-share-this\/email.png\" alt=\"Share this page via Email\" \/>\n<\/a>\n<a target=\"_blank\" href=\"http:\/\/www.stumbleupon.com\/submit?url=https%3A%2F%2Flabestiadeportiva.com%2Flbd%2Fel-mendo-al-inter-miami-de-la-mls-audio%2F&amp;title=El+%C2%ABMendo%C2%BB+al+Inter+Miami+de+la+MLS+%28Audio%29\">\n<img src=\"https:\/\/labestiadeportiva.com\/lbd\/wp-content\/plugins\/jw-share-this\/su.png\" alt=\"Share this page via Stumble Upon\" \/>\n<\/a>\n<a target=\"_blank\" href=\"http:\/\/digg.com\/submit?url=https%3A%2F%2Flabestiadeportiva.com%2Flbd%2Fel-mendo-al-inter-miami-de-la-mls-audio%2F&amp;title=El+%C2%ABMendo%C2%BB+al+Inter+Miami+de+la+MLS+%28Audio%29\">\n<img src=\"https:\/\/labestiadeportiva.com\/lbd\/wp-content\/plugins\/jw-share-this\/digg.png\" alt=\"Share this page via Digg this\" \/>\n<\/a>\n<a target=\"_blank\" href=\"http:\/\/www.facebook.com\/sharer.php?u=https%3A%2F%2Flabestiadeportiva.com%2Flbd%2Fel-mendo-al-inter-miami-de-la-mls-audio%2F&amp;t=El+%C2%ABMendo%C2%BB+al+Inter+Miami+de+la+MLS+%28Audio%29\">\n<img src=\"https:\/\/labestiadeportiva.com\/lbd\/wp-content\/plugins\/jw-share-this\/fb.png\" alt=\"Share this page via Facebook\" \/>\n<\/a>\n<a target=\"_blank\" href=\"http:\/\/twitter.com\/intent\/tweet?text=I+like+https%3A%2F%2Flabestiadeportiva.com%2Flbd%2Fel-mendo-al-inter-miami-de-la-mls-audio%2F&amp;title=El+%C2%ABMendo%C2%BB+al+Inter+Miami+de+la+MLS+%28Audio%29\">\n<img src=\"https:\/\/labestiadeportiva.com\/lbd\/wp-content\/plugins\/jw-share-this\/twitter.png\" alt=\"Share this page via Twitter\" \/>\n<\/a>\n<\/div>\n","protected":false},"excerpt":{"rendered":"<p>El delantero Ex Godoy Cruz, Franco Negri, quien visti\u00f3 los colores de los ushuaienses Cuervos del Fin del Mundo sorprendi\u00f3 a propios y extra\u00f1os con su llegada a la Liga de los Estados Unidos. Los detalles del salto de calidad en su carrera deportiva en el audio enviado a LBD que compartimos. 1.392 veces le\u00edda &hellip; <a href=\"https:\/\/labestiadeportiva.com\/lbd\/el-mendo-al-inter-miami-de-la-mls-audio\/\" class=\"more-link\">Seguir leyendo <span class=\"screen-reader-text\">El \u00abMendo\u00bb al Inter Miami de la MLS (Audio)<\/span> <span class=\"meta-nav\">&rarr;<\/span><\/a><\/p>\n","protected":false},"author":1,"featured_media":0,"comment_status":"open","ping_status":"open","sticky":false,"template":"","format":"standard","meta":[],"categories":[4,60,1987,14,1],"tags":[4830,4987,4988,308],"_links":{"self":[{"href":"https:\/\/labestiadeportiva.com\/lbd\/wp-json\/wp\/v2\/posts\/45074"}],"collection":[{"href":"https:\/\/labestiadeportiva.com\/lbd\/wp-json\/wp\/v2\/posts"}],"about":[{"href":"https:\/\/labestiadeportiva.com\/lbd\/wp-json\/wp\/v2\/types\/post"}],"author":[{"embeddable":true,"href":"https:\/\/labestiadeportiva.com\/lbd\/wp-json\/wp\/v2\/users\/1"}],"replies":[{"embeddable":true,"href":"https:\/\/labestiadeportiva.com\/lbd\/wp-json\/wp\/v2\/comments?post=45074"}],"version-history":[{"count":1,"href":"https:\/\/labestiadeportiva.com\/lbd\/wp-json\/wp\/v2\/posts\/45074\/revisions"}],"predecessor-version":[{"id":45076,"href":"https:\/\/labestiadeportiva.com\/lbd\/wp-json\/wp\/v2\/posts\/45074\/revisions\/45076"}],"wp:attachment":[{"href":"https:\/\/labestiadeportiva.com\/lbd\/wp-json\/wp\/v2\/media?parent=45074"}],"wp:term":[{"taxonomy":"category","embeddable":true,"href":"https:\/\/labestiadeportiva.com\/lbd\/wp-json\/wp\/v2\/categories?post=45074"},{"taxonomy":"post_tag","embeddable":true,"href":"https:\/\/labestiadeportiva.com\/lbd\/wp-json\/wp\/v2\/tags?post=45074"}],"curies":[{"name":"wp","href":"https:\/\/api.w.org\/{rel}","templated":true}]}}