{"id":45081,"date":"2023-02-11T23:56:55","date_gmt":"2023-02-12T02:56:55","guid":{"rendered":"http:\/\/labestiadeportiva.com\/lbd\/?p=45081"},"modified":"2023-02-12T00:02:02","modified_gmt":"2023-02-12T03:02:02","slug":"40-nuevos-anotados","status":"publish","type":"post","link":"https:\/\/labestiadeportiva.com\/lbd\/40-nuevos-anotados\/","title":{"rendered":"40 nuevos anotados"},"content":{"rendered":"\n<figure class=\"wp-block-image size-full\"><a href=\"http:\/\/labestiadeportiva.com\/lbd\/wp-content\/uploads\/2023\/02\/FB_IMG_1676142632329.jpg\"><img loading=\"lazy\" width=\"720\" height=\"720\" src=\"http:\/\/labestiadeportiva.com\/lbd\/wp-content\/uploads\/2023\/02\/FB_IMG_1676142632329.jpg\" alt=\"\" class=\"wp-image-45082\" srcset=\"https:\/\/labestiadeportiva.com\/lbd\/wp-content\/uploads\/2023\/02\/FB_IMG_1676142632329.jpg 720w, https:\/\/labestiadeportiva.com\/lbd\/wp-content\/uploads\/2023\/02\/FB_IMG_1676142632329-300x300.jpg 300w, https:\/\/labestiadeportiva.com\/lbd\/wp-content\/uploads\/2023\/02\/FB_IMG_1676142632329-150x150.jpg 150w, https:\/\/labestiadeportiva.com\/lbd\/wp-content\/uploads\/2023\/02\/FB_IMG_1676142632329-640x640.jpg 640w\" sizes=\"(max-width: 720px) 100vw, 720px\" \/><\/a><\/figure>\n\n\n\n<figure class=\"wp-block-image size-full is-resized\"><a href=\"http:\/\/labestiadeportiva.com\/lbd\/wp-content\/uploads\/2022\/11\/CARA_PEREZ-2.jpg\"><img loading=\"lazy\" src=\"http:\/\/labestiadeportiva.com\/lbd\/wp-content\/uploads\/2022\/11\/CARA_PEREZ-2.jpg\" alt=\"\" class=\"wp-image-43576\" width=\"323\" height=\"66\" srcset=\"https:\/\/labestiadeportiva.com\/lbd\/wp-content\/uploads\/2022\/11\/CARA_PEREZ-2.jpg 600w, https:\/\/labestiadeportiva.com\/lbd\/wp-content\/uploads\/2022\/11\/CARA_PEREZ-2-300x62.jpg 300w\" sizes=\"(max-width: 323px) 100vw, 323px\" \/><\/a><\/figure>\n\n\n\n<p>El pasado viernes se realiz\u00f3 la segunda inscripci\u00f3n para formar parte de la 39\u00b0 edici\u00f3n de la VTDF. Ya son 114 pilotos confirmados para estar en l\u00ednea de largada del 24 al 26 de marzo. La pr\u00f3xima posibilidad de inscribirse ser\u00e1 el 10 de marzo. Fuente y foto Fuego Motor.<\/p>\n\n\n\n<!--more-->\n\n\n\n<p>A los 70 entusiastas iniciales, como era de esperar por la organizaci\u00f3n, se sumaron nuevos 40 alcanzando la cifra de 114.<\/p>\n\n\n\n<p>En su oportunidad los dirigentes del Moto Club RG, en comunicaci\u00f3n con LBD, expresaron conf\u00edar en superar los 150 para este 2023.<\/p>\n\n\n\n<p>Cabe recordar que el tercer per\u00edodo de inscripci\u00f3n tendr\u00e1 un valor de $60.000. <\/p>\n\n\n\n<p>En la recta final hacia la 39\u00b0 edici\u00f3n se incrementan los ensayos de los deportistas en ruta y se avanza con las reuniones de los organizadores con las diferentes \u00e1reas involucradas con la log\u00edstica de la prueba.<\/p>\n<div class='epvc-post-count'><span class='epvc-eye'><\/span>  <span class=\"epvc-count\"> 1.112<\/span><span class='epvc-label'> veces le\u00edda<\/span><\/div>\n<div class=\"jwsharethis\">\nShare this: \n<br \/>\n<a href=\"mailto:?subject=40%20nuevos%20anotados&amp;body=https%3A%2F%2Flabestiadeportiva.com%2Flbd%2F40-nuevos-anotados%2F\">\n<img src=\"https:\/\/labestiadeportiva.com\/lbd\/wp-content\/plugins\/jw-share-this\/email.png\" alt=\"Share this page via Email\" \/>\n<\/a>\n<a target=\"_blank\" href=\"http:\/\/www.stumbleupon.com\/submit?url=https%3A%2F%2Flabestiadeportiva.com%2Flbd%2F40-nuevos-anotados%2F&amp;title=40+nuevos+anotados\">\n<img src=\"https:\/\/labestiadeportiva.com\/lbd\/wp-content\/plugins\/jw-share-this\/su.png\" alt=\"Share this page via Stumble Upon\" \/>\n<\/a>\n<a target=\"_blank\" href=\"http:\/\/digg.com\/submit?url=https%3A%2F%2Flabestiadeportiva.com%2Flbd%2F40-nuevos-anotados%2F&amp;title=40+nuevos+anotados\">\n<img src=\"https:\/\/labestiadeportiva.com\/lbd\/wp-content\/plugins\/jw-share-this\/digg.png\" alt=\"Share this page via Digg this\" \/>\n<\/a>\n<a target=\"_blank\" href=\"http:\/\/www.facebook.com\/sharer.php?u=https%3A%2F%2Flabestiadeportiva.com%2Flbd%2F40-nuevos-anotados%2F&amp;t=40+nuevos+anotados\">\n<img src=\"https:\/\/labestiadeportiva.com\/lbd\/wp-content\/plugins\/jw-share-this\/fb.png\" alt=\"Share this page via Facebook\" \/>\n<\/a>\n<a target=\"_blank\" href=\"http:\/\/twitter.com\/intent\/tweet?text=I+like+https%3A%2F%2Flabestiadeportiva.com%2Flbd%2F40-nuevos-anotados%2F&amp;title=40+nuevos+anotados\">\n<img src=\"https:\/\/labestiadeportiva.com\/lbd\/wp-content\/plugins\/jw-share-this\/twitter.png\" alt=\"Share this page via Twitter\" \/>\n<\/a>\n<\/div>\n","protected":false},"excerpt":{"rendered":"<p>El pasado viernes se realiz\u00f3 la segunda inscripci\u00f3n para formar parte de la 39\u00b0 edici\u00f3n de la VTDF. Ya son 114 pilotos confirmados para estar en l\u00ednea de largada del 24 al 26 de marzo. La pr\u00f3xima posibilidad de inscribirse ser\u00e1 el 10 de marzo. Fuente y foto Fuego Motor. 1.112 veces le\u00edda Share this:<\/p>\n","protected":false},"author":1,"featured_media":0,"comment_status":"open","ping_status":"open","sticky":false,"template":"","format":"standard","meta":[],"categories":[5,4,6,2159,1],"tags":[4989,71,83,4966],"_links":{"self":[{"href":"https:\/\/labestiadeportiva.com\/lbd\/wp-json\/wp\/v2\/posts\/45081"}],"collection":[{"href":"https:\/\/labestiadeportiva.com\/lbd\/wp-json\/wp\/v2\/posts"}],"about":[{"href":"https:\/\/labestiadeportiva.com\/lbd\/wp-json\/wp\/v2\/types\/post"}],"author":[{"embeddable":true,"href":"https:\/\/labestiadeportiva.com\/lbd\/wp-json\/wp\/v2\/users\/1"}],"replies":[{"embeddable":true,"href":"https:\/\/labestiadeportiva.com\/lbd\/wp-json\/wp\/v2\/comments?post=45081"}],"version-history":[{"count":3,"href":"https:\/\/labestiadeportiva.com\/lbd\/wp-json\/wp\/v2\/posts\/45081\/revisions"}],"predecessor-version":[{"id":45086,"href":"https:\/\/labestiadeportiva.com\/lbd\/wp-json\/wp\/v2\/posts\/45081\/revisions\/45086"}],"wp:attachment":[{"href":"https:\/\/labestiadeportiva.com\/lbd\/wp-json\/wp\/v2\/media?parent=45081"}],"wp:term":[{"taxonomy":"category","embeddable":true,"href":"https:\/\/labestiadeportiva.com\/lbd\/wp-json\/wp\/v2\/categories?post=45081"},{"taxonomy":"post_tag","embeddable":true,"href":"https:\/\/labestiadeportiva.com\/lbd\/wp-json\/wp\/v2\/tags?post=45081"}],"curies":[{"name":"wp","href":"https:\/\/api.w.org\/{rel}","templated":true}]}}