{"id":45357,"date":"2023-03-09T21:00:33","date_gmt":"2023-03-10T00:00:33","guid":{"rendered":"http:\/\/labestiadeportiva.com\/lbd\/?p=45357"},"modified":"2023-03-09T21:02:48","modified_gmt":"2023-03-10T00:02:48","slug":"la-fiesta-del-tn-llega-a-rio-gallegos","status":"publish","type":"post","link":"https:\/\/labestiadeportiva.com\/lbd\/la-fiesta-del-tn-llega-a-rio-gallegos\/","title":{"rendered":"La fiesta del TN llega a R\u00edo Gallegos"},"content":{"rendered":"\n<figure class=\"wp-block-image size-large\"><a href=\"http:\/\/labestiadeportiva.com\/lbd\/wp-content\/uploads\/2023\/03\/IMG-20230309-WA00662.jpg\"><img loading=\"lazy\" width=\"1024\" height=\"664\" src=\"http:\/\/labestiadeportiva.com\/lbd\/wp-content\/uploads\/2023\/03\/IMG-20230309-WA00662-1024x664.jpg\" alt=\"\" class=\"wp-image-45358\" srcset=\"https:\/\/labestiadeportiva.com\/lbd\/wp-content\/uploads\/2023\/03\/IMG-20230309-WA00662-1024x664.jpg 1024w, https:\/\/labestiadeportiva.com\/lbd\/wp-content\/uploads\/2023\/03\/IMG-20230309-WA00662-300x194.jpg 300w, https:\/\/labestiadeportiva.com\/lbd\/wp-content\/uploads\/2023\/03\/IMG-20230309-WA00662-768x498.jpg 768w, https:\/\/labestiadeportiva.com\/lbd\/wp-content\/uploads\/2023\/03\/IMG-20230309-WA00662-640x415.jpg 640w, https:\/\/labestiadeportiva.com\/lbd\/wp-content\/uploads\/2023\/03\/IMG-20230309-WA00662.jpg 1080w\" sizes=\"(max-width: 1024px) 100vw, 1024px\" \/><\/a><\/figure>\n\n\n\n<figure class=\"wp-block-image size-full is-resized\"><a href=\"http:\/\/labestiadeportiva.com\/lbd\/wp-content\/uploads\/2022\/11\/CARA_BAROLI-1.jpg\"><img loading=\"lazy\" src=\"http:\/\/labestiadeportiva.com\/lbd\/wp-content\/uploads\/2022\/11\/CARA_BAROLI-1.jpg\" alt=\"\" class=\"wp-image-43574\" width=\"330\" height=\"68\" srcset=\"https:\/\/labestiadeportiva.com\/lbd\/wp-content\/uploads\/2022\/11\/CARA_BAROLI-1.jpg 600w, https:\/\/labestiadeportiva.com\/lbd\/wp-content\/uploads\/2022\/11\/CARA_BAROLI-1-300x62.jpg 300w\" sizes=\"(max-width: 330px) 100vw, 330px\" \/><\/a><\/figure>\n\n\n\n<p>En medio de una verdadera marea de fierreros, la categor\u00eda m\u00e1s federal del automovilismo nacional, llega a la capital de Santa Cruz para regalar tres d\u00edas de \u00abchapa chapa\u00bb en el marco de la segunda fecha de la temporada.<\/p>\n\n\n\n<!--more-->\n\n\n\n<p>La espera termino. Llego el TN a Rio Gallegos. Los tradicionales \u00abmosquitos\u00bb terminaron de bajar los \u00faltimos autos, para ya, oficialmente, decretar el arribo pleno de la competencia.<\/p>\n\n\n\n<p>Con una plaza hotelera pr\u00e1cticamente al 100% con la visita de turistas de todo el pa\u00eds como as\u00ed tambi\u00e9n del vecino pa\u00eds de Chile, Rio Gallegos albergar\u00e1, por lo menos en el \u00abJos\u00e9 Mu\u00f1iz\u00bb, m\u00e1s de 15 mil personas durante los tres d\u00edas de acci\u00f3n.<\/p>\n\n\n\n<p>Cinco son los pilotos locales que ver\u00e1n acci\u00f3n en la ciudad cordial. Sebasti\u00e1n G\u00f3mez y Geronimo Nu\u00f1ez en la Clase 3, Thiago Martinez, Mateo Nu\u00f1ez e Ivan Alberoni lo har\u00e1n en la clase 2, por lo que se espera que los locales puedan cumplir una buena performance.<\/p>\n\n\n\n<p>Este viernes comenzar\u00e1 la acci\u00f3n con la pruebas libres para la Clase 2, mientras que para el s\u00e1bado har\u00e1 lo propio la Clase 3. El domingo se prev\u00e9n las series y las finales. Toda la acci\u00f3n se podr\u00e1 seguir a trav\u00e9s de la Televisi\u00f3n P\u00fablica como as\u00ed tambi\u00e9n, a trav\u00e9s de LBD.<\/p>\n<div class='epvc-post-count'><span class='epvc-eye'><\/span>  <span class=\"epvc-count\"> 1.253<\/span><span class='epvc-label'> veces le\u00edda<\/span><\/div>\n<div class=\"jwsharethis\">\nShare this: \n<br \/>\n<a href=\"mailto:?subject=La%20fiesta%20del%20TN%20llega%20a%20R%C3%ADo%20Gallegos&amp;body=https%3A%2F%2Flabestiadeportiva.com%2Flbd%2Fla-fiesta-del-tn-llega-a-rio-gallegos%2F\">\n<img src=\"https:\/\/labestiadeportiva.com\/lbd\/wp-content\/plugins\/jw-share-this\/email.png\" alt=\"Share this page via Email\" \/>\n<\/a>\n<a target=\"_blank\" href=\"http:\/\/www.stumbleupon.com\/submit?url=https%3A%2F%2Flabestiadeportiva.com%2Flbd%2Fla-fiesta-del-tn-llega-a-rio-gallegos%2F&amp;title=La+fiesta+del+TN+llega+a+R%C3%ADo+Gallegos\">\n<img src=\"https:\/\/labestiadeportiva.com\/lbd\/wp-content\/plugins\/jw-share-this\/su.png\" alt=\"Share this page via Stumble Upon\" \/>\n<\/a>\n<a target=\"_blank\" href=\"http:\/\/digg.com\/submit?url=https%3A%2F%2Flabestiadeportiva.com%2Flbd%2Fla-fiesta-del-tn-llega-a-rio-gallegos%2F&amp;title=La+fiesta+del+TN+llega+a+R%C3%ADo+Gallegos\">\n<img src=\"https:\/\/labestiadeportiva.com\/lbd\/wp-content\/plugins\/jw-share-this\/digg.png\" alt=\"Share this page via Digg this\" \/>\n<\/a>\n<a target=\"_blank\" href=\"http:\/\/www.facebook.com\/sharer.php?u=https%3A%2F%2Flabestiadeportiva.com%2Flbd%2Fla-fiesta-del-tn-llega-a-rio-gallegos%2F&amp;t=La+fiesta+del+TN+llega+a+R%C3%ADo+Gallegos\">\n<img src=\"https:\/\/labestiadeportiva.com\/lbd\/wp-content\/plugins\/jw-share-this\/fb.png\" alt=\"Share this page via Facebook\" \/>\n<\/a>\n<a target=\"_blank\" href=\"http:\/\/twitter.com\/intent\/tweet?text=I+like+https%3A%2F%2Flabestiadeportiva.com%2Flbd%2Fla-fiesta-del-tn-llega-a-rio-gallegos%2F&amp;title=La+fiesta+del+TN+llega+a+R%C3%ADo+Gallegos\">\n<img src=\"https:\/\/labestiadeportiva.com\/lbd\/wp-content\/plugins\/jw-share-this\/twitter.png\" alt=\"Share this page via Twitter\" \/>\n<\/a>\n<\/div>\n","protected":false},"excerpt":{"rendered":"<p>En medio de una verdadera marea de fierreros, la categor\u00eda m\u00e1s federal del automovilismo nacional, llega a la capital de Santa Cruz para regalar tres d\u00edas de \u00abchapa chapa\u00bb en el marco de la segunda fecha de la temporada. 1.253 veces le\u00edda Share this:<\/p>\n","protected":false},"author":1,"featured_media":0,"comment_status":"open","ping_status":"open","sticky":false,"template":"","format":"standard","meta":[],"categories":[2135,6,1],"tags":[524,83,714],"_links":{"self":[{"href":"https:\/\/labestiadeportiva.com\/lbd\/wp-json\/wp\/v2\/posts\/45357"}],"collection":[{"href":"https:\/\/labestiadeportiva.com\/lbd\/wp-json\/wp\/v2\/posts"}],"about":[{"href":"https:\/\/labestiadeportiva.com\/lbd\/wp-json\/wp\/v2\/types\/post"}],"author":[{"embeddable":true,"href":"https:\/\/labestiadeportiva.com\/lbd\/wp-json\/wp\/v2\/users\/1"}],"replies":[{"embeddable":true,"href":"https:\/\/labestiadeportiva.com\/lbd\/wp-json\/wp\/v2\/comments?post=45357"}],"version-history":[{"count":2,"href":"https:\/\/labestiadeportiva.com\/lbd\/wp-json\/wp\/v2\/posts\/45357\/revisions"}],"predecessor-version":[{"id":45360,"href":"https:\/\/labestiadeportiva.com\/lbd\/wp-json\/wp\/v2\/posts\/45357\/revisions\/45360"}],"wp:attachment":[{"href":"https:\/\/labestiadeportiva.com\/lbd\/wp-json\/wp\/v2\/media?parent=45357"}],"wp:term":[{"taxonomy":"category","embeddable":true,"href":"https:\/\/labestiadeportiva.com\/lbd\/wp-json\/wp\/v2\/categories?post=45357"},{"taxonomy":"post_tag","embeddable":true,"href":"https:\/\/labestiadeportiva.com\/lbd\/wp-json\/wp\/v2\/tags?post=45357"}],"curies":[{"name":"wp","href":"https:\/\/api.w.org\/{rel}","templated":true}]}}