{"id":45361,"date":"2023-03-09T22:45:24","date_gmt":"2023-03-10T01:45:24","guid":{"rendered":"http:\/\/labestiadeportiva.com\/lbd\/?p=45361"},"modified":"2023-03-09T22:45:26","modified_gmt":"2023-03-10T01:45:26","slug":"contrato-firmado","status":"publish","type":"post","link":"https:\/\/labestiadeportiva.com\/lbd\/contrato-firmado\/","title":{"rendered":"Contrato firmado"},"content":{"rendered":"\n<figure class=\"wp-block-image size-full\"><a href=\"http:\/\/labestiadeportiva.com\/lbd\/wp-content\/uploads\/2023\/03\/Screenshot_20230309-2144162.png\"><img loading=\"lazy\" width=\"979\" height=\"636\" src=\"http:\/\/labestiadeportiva.com\/lbd\/wp-content\/uploads\/2023\/03\/Screenshot_20230309-2144162.png\" alt=\"\" class=\"wp-image-45362\" srcset=\"https:\/\/labestiadeportiva.com\/lbd\/wp-content\/uploads\/2023\/03\/Screenshot_20230309-2144162.png 979w, https:\/\/labestiadeportiva.com\/lbd\/wp-content\/uploads\/2023\/03\/Screenshot_20230309-2144162-300x195.png 300w, https:\/\/labestiadeportiva.com\/lbd\/wp-content\/uploads\/2023\/03\/Screenshot_20230309-2144162-768x499.png 768w, https:\/\/labestiadeportiva.com\/lbd\/wp-content\/uploads\/2023\/03\/Screenshot_20230309-2144162-640x416.png 640w\" sizes=\"(max-width: 979px) 100vw, 979px\" \/><\/a><\/figure>\n\n\n\n<figure class=\"wp-block-image size-full is-resized\"><a href=\"http:\/\/labestiadeportiva.com\/lbd\/wp-content\/uploads\/2022\/11\/CARA_PEREZ-2.jpg\"><img loading=\"lazy\" src=\"http:\/\/labestiadeportiva.com\/lbd\/wp-content\/uploads\/2022\/11\/CARA_PEREZ-2.jpg\" alt=\"\" class=\"wp-image-43576\" width=\"296\" height=\"60\" srcset=\"https:\/\/labestiadeportiva.com\/lbd\/wp-content\/uploads\/2022\/11\/CARA_PEREZ-2.jpg 600w, https:\/\/labestiadeportiva.com\/lbd\/wp-content\/uploads\/2022\/11\/CARA_PEREZ-2-300x62.jpg 300w\" sizes=\"(max-width: 296px) 100vw, 296px\" \/><\/a><\/figure>\n\n\n\n<p>Lo rubric\u00f3 este jueves por la tarde el intendente de nuestra ciudad Walter Vuoto. Es para realizar trabajos en el sint\u00e9tico municipal \u00abHugo Lumbreras\u00bb.  Las refacciones se iniciar\u00e1n el 20 de marzo teni\u00e9ndo un plazo de obra de 90 d\u00edas.<\/p>\n\n\n\n<!--more-->\n\n\n\n<p>El jefe comunal lo hizo junto a  la Secretaria de Planificaci\u00f3n e Inversi\u00f3n P\u00fablica, Gabriela Mu\u00f1iz Siccardi y el Presidente del Instituto Municipal de Deportes, Guillermo Navarro entre sus principales funcionarios acompa\u00f1ados por dirigentes de la Liga Ushuaiense de F\u00fatbol.<br><\/p>\n\n\n\n<p>El campo de juego se ampliar\u00e1 5 metros con la intenci\u00f3n de ,en adelante, poder recibir competencias nacionales de todo tipo.<\/p>\n\n\n\n<p>Los trabajos, que realizar\u00e1n dos empresas diferentes, comenzar\u00e1n el pr\u00f3ximo 20 de marzo constando de varias etapas. <\/p>\n\n\n\n<p>Se levantar\u00e1 la actual alfombra, se efectuar\u00e1 un nuevo drenaje, se ampliar\u00e1n un metro y medio los laterales de la carpeta del campo de juego para luego quedar a la espera de la llegada de una nueva superficie sint\u00e9tica.<\/p>\n\n\n\n<p>Hasta donde pudimos averiguar el plazo de obra ser\u00e1 de 90 d\u00edas. <\/p>\n\n\n\n<figure class=\"wp-block-image size-full\"><a href=\"http:\/\/labestiadeportiva.com\/lbd\/wp-content\/uploads\/2023\/03\/Screenshot_20230309-2144022.png\"><img loading=\"lazy\" width=\"963\" height=\"583\" src=\"http:\/\/labestiadeportiva.com\/lbd\/wp-content\/uploads\/2023\/03\/Screenshot_20230309-2144022.png\" alt=\"\" class=\"wp-image-45363\" srcset=\"https:\/\/labestiadeportiva.com\/lbd\/wp-content\/uploads\/2023\/03\/Screenshot_20230309-2144022.png 963w, https:\/\/labestiadeportiva.com\/lbd\/wp-content\/uploads\/2023\/03\/Screenshot_20230309-2144022-300x182.png 300w, https:\/\/labestiadeportiva.com\/lbd\/wp-content\/uploads\/2023\/03\/Screenshot_20230309-2144022-768x465.png 768w, https:\/\/labestiadeportiva.com\/lbd\/wp-content\/uploads\/2023\/03\/Screenshot_20230309-2144022-640x387.png 640w\" sizes=\"(max-width: 963px) 100vw, 963px\" \/><\/a><\/figure>\n<div class='epvc-post-count'><span class='epvc-eye'><\/span>  <span class=\"epvc-count\"> 1.224<\/span><span class='epvc-label'> veces le\u00edda<\/span><\/div>\n<div class=\"jwsharethis\">\nShare this: \n<br \/>\n<a href=\"mailto:?subject=Contrato%20firmado&amp;body=https%3A%2F%2Flabestiadeportiva.com%2Flbd%2Fcontrato-firmado%2F\">\n<img src=\"https:\/\/labestiadeportiva.com\/lbd\/wp-content\/plugins\/jw-share-this\/email.png\" alt=\"Share this page via Email\" \/>\n<\/a>\n<a target=\"_blank\" href=\"http:\/\/www.stumbleupon.com\/submit?url=https%3A%2F%2Flabestiadeportiva.com%2Flbd%2Fcontrato-firmado%2F&amp;title=Contrato+firmado\">\n<img src=\"https:\/\/labestiadeportiva.com\/lbd\/wp-content\/plugins\/jw-share-this\/su.png\" alt=\"Share this page via Stumble Upon\" \/>\n<\/a>\n<a target=\"_blank\" href=\"http:\/\/digg.com\/submit?url=https%3A%2F%2Flabestiadeportiva.com%2Flbd%2Fcontrato-firmado%2F&amp;title=Contrato+firmado\">\n<img src=\"https:\/\/labestiadeportiva.com\/lbd\/wp-content\/plugins\/jw-share-this\/digg.png\" alt=\"Share this page via Digg this\" \/>\n<\/a>\n<a target=\"_blank\" href=\"http:\/\/www.facebook.com\/sharer.php?u=https%3A%2F%2Flabestiadeportiva.com%2Flbd%2Fcontrato-firmado%2F&amp;t=Contrato+firmado\">\n<img src=\"https:\/\/labestiadeportiva.com\/lbd\/wp-content\/plugins\/jw-share-this\/fb.png\" alt=\"Share this page via Facebook\" \/>\n<\/a>\n<a target=\"_blank\" href=\"http:\/\/twitter.com\/intent\/tweet?text=I+like+https%3A%2F%2Flabestiadeportiva.com%2Flbd%2Fcontrato-firmado%2F&amp;title=Contrato+firmado\">\n<img src=\"https:\/\/labestiadeportiva.com\/lbd\/wp-content\/plugins\/jw-share-this\/twitter.png\" alt=\"Share this page via Twitter\" \/>\n<\/a>\n<\/div>\n","protected":false},"excerpt":{"rendered":"<p>Lo rubric\u00f3 este jueves por la tarde el intendente de nuestra ciudad Walter Vuoto. Es para realizar trabajos en el sint\u00e9tico municipal \u00abHugo Lumbreras\u00bb. Las refacciones se iniciar\u00e1n el 20 de marzo teni\u00e9ndo un plazo de obra de 90 d\u00edas. 1.224 veces le\u00edda Share this:<\/p>\n","protected":false},"author":1,"featured_media":0,"comment_status":"open","ping_status":"open","sticky":false,"template":"","format":"standard","meta":[],"categories":[5,2439,2651,1],"tags":[17,48,204,5001],"_links":{"self":[{"href":"https:\/\/labestiadeportiva.com\/lbd\/wp-json\/wp\/v2\/posts\/45361"}],"collection":[{"href":"https:\/\/labestiadeportiva.com\/lbd\/wp-json\/wp\/v2\/posts"}],"about":[{"href":"https:\/\/labestiadeportiva.com\/lbd\/wp-json\/wp\/v2\/types\/post"}],"author":[{"embeddable":true,"href":"https:\/\/labestiadeportiva.com\/lbd\/wp-json\/wp\/v2\/users\/1"}],"replies":[{"embeddable":true,"href":"https:\/\/labestiadeportiva.com\/lbd\/wp-json\/wp\/v2\/comments?post=45361"}],"version-history":[{"count":1,"href":"https:\/\/labestiadeportiva.com\/lbd\/wp-json\/wp\/v2\/posts\/45361\/revisions"}],"predecessor-version":[{"id":45364,"href":"https:\/\/labestiadeportiva.com\/lbd\/wp-json\/wp\/v2\/posts\/45361\/revisions\/45364"}],"wp:attachment":[{"href":"https:\/\/labestiadeportiva.com\/lbd\/wp-json\/wp\/v2\/media?parent=45361"}],"wp:term":[{"taxonomy":"category","embeddable":true,"href":"https:\/\/labestiadeportiva.com\/lbd\/wp-json\/wp\/v2\/categories?post=45361"},{"taxonomy":"post_tag","embeddable":true,"href":"https:\/\/labestiadeportiva.com\/lbd\/wp-json\/wp\/v2\/tags?post=45361"}],"curies":[{"name":"wp","href":"https:\/\/api.w.org\/{rel}","templated":true}]}}