{"id":45409,"date":"2023-03-14T22:08:02","date_gmt":"2023-03-15T01:08:02","guid":{"rendered":"http:\/\/labestiadeportiva.com\/lbd\/?p=45409"},"modified":"2023-03-14T22:08:04","modified_gmt":"2023-03-15T01:08:04","slug":"di-pilato-y-montes-vieira-los-duenos-de-la-3-edicion-audio","status":"publish","type":"post","link":"https:\/\/labestiadeportiva.com\/lbd\/di-pilato-y-montes-vieira-los-duenos-de-la-3-edicion-audio\/","title":{"rendered":"Di Pilato y Montes Vieira, los due\u00f1os de la 3\u00b0 edici\u00f3n (Audio)"},"content":{"rendered":"\n<figure class=\"wp-block-image size-large\"><a href=\"http:\/\/labestiadeportiva.com\/lbd\/wp-content\/uploads\/2023\/03\/IMG-20230314-WA0046.jpg\"><img loading=\"lazy\" width=\"768\" height=\"1024\" src=\"http:\/\/labestiadeportiva.com\/lbd\/wp-content\/uploads\/2023\/03\/IMG-20230314-WA0046-768x1024.jpg\" alt=\"\" class=\"wp-image-45410\" srcset=\"https:\/\/labestiadeportiva.com\/lbd\/wp-content\/uploads\/2023\/03\/IMG-20230314-WA0046-768x1024.jpg 768w, https:\/\/labestiadeportiva.com\/lbd\/wp-content\/uploads\/2023\/03\/IMG-20230314-WA0046-225x300.jpg 225w, https:\/\/labestiadeportiva.com\/lbd\/wp-content\/uploads\/2023\/03\/IMG-20230314-WA0046-1152x1536.jpg 1152w, https:\/\/labestiadeportiva.com\/lbd\/wp-content\/uploads\/2023\/03\/IMG-20230314-WA0046-640x853.jpg 640w, https:\/\/labestiadeportiva.com\/lbd\/wp-content\/uploads\/2023\/03\/IMG-20230314-WA0046.jpg 1200w\" sizes=\"(max-width: 768px) 100vw, 768px\" \/><\/a><\/figure>\n\n\n\n<figure class=\"wp-block-image size-full is-resized\"><a href=\"http:\/\/labestiadeportiva.com\/lbd\/wp-content\/uploads\/2022\/11\/CARA_PEREZ-2.jpg\"><img loading=\"lazy\" src=\"http:\/\/labestiadeportiva.com\/lbd\/wp-content\/uploads\/2022\/11\/CARA_PEREZ-2.jpg\" alt=\"\" class=\"wp-image-43576\" width=\"331\" height=\"67\" srcset=\"https:\/\/labestiadeportiva.com\/lbd\/wp-content\/uploads\/2022\/11\/CARA_PEREZ-2.jpg 600w, https:\/\/labestiadeportiva.com\/lbd\/wp-content\/uploads\/2022\/11\/CARA_PEREZ-2-300x62.jpg 300w\" sizes=\"(max-width: 331px) 100vw, 331px\" \/><\/a><\/figure>\n\n\n\n<p>El fin de semana se disput\u00f3 la versi\u00f3n 2023 de la Vertical Race, prueba de Trail Running organizada por el CAU. 42 atletas fueron de la partida. Kayn\u00e9 Di Pilato y Braian Montes Vieira se impusieron en sus segmentos.<\/p>\n\n\n\n<p>Desde LBD nos contactamos con Rodolfo Ferhmann, integrante de la organizaci\u00f3n, en busca de detalles. Compartimos la entrevista lograda este martes en la 94.1 FM del Sur.<\/p>\n\n\n\n<!--more-->\n\n\n\n<figure class=\"wp-block-embed is-type-video is-provider-youtube wp-block-embed-youtube wp-embed-aspect-4-3 wp-has-aspect-ratio\"><div class=\"wp-block-embed__wrapper\">\n<iframe loading=\"lazy\" title=\"Audio Rodolfo Ferhmann\" width=\"474\" height=\"356\" src=\"https:\/\/www.youtube.com\/embed\/4Oi3YcTtKfg?feature=oembed\" frameborder=\"0\" allow=\"accelerometer; autoplay; clipboard-write; encrypted-media; gyroscope; picture-in-picture; web-share\" allowfullscreen><\/iframe>\n<\/div><\/figure>\n\n\n\n<p>Los Podios<\/p>\n\n\n\n<p>Damas<\/p>\n\n\n\n<p>1\u00b0 Kayn\u00e9 Di Pilato 01 13&#8242; 32\u00bb<\/p>\n\n\n\n<p>2\u00b0 Ramona Pintos 01 15&#8242; 02\u00bb<\/p>\n\n\n\n<p>3\u00b0 Elba Mor\u00e1n 01 18&#8242; 36\u00bb<\/p>\n\n\n\n<p>Caballeros<div> <\/div><\/p>\n\n\n\n<p>1\u00b0 Braian Montes Vieira 54&#8242; 24\u00bb<\/p>\n\n\n\n<p>2\u00b0 Diego Ch\u00e1vez 54&#8242; 47\u00bb<\/p>\n\n\n\n<p>3\u00b0 Andr\u00e9s G\u00f3mez 01 05&#8242; 19\u00bb<\/p>\n<div class='epvc-post-count'><span class='epvc-eye'><\/span>  <span class=\"epvc-count\"> 1.049<\/span><span class='epvc-label'> veces le\u00edda<\/span><\/div>\n<div class=\"jwsharethis\">\nShare this: \n<br \/>\n<a href=\"mailto:?subject=Di%20Pilato%20y%20Montes%20Vieira%2C%20los%20due%C3%B1os%20de%20la%203%C2%B0%20edici%C3%B3n%20%28Audio%29&amp;body=https%3A%2F%2Flabestiadeportiva.com%2Flbd%2Fdi-pilato-y-montes-vieira-los-duenos-de-la-3-edicion-audio%2F\">\n<img src=\"https:\/\/labestiadeportiva.com\/lbd\/wp-content\/plugins\/jw-share-this\/email.png\" alt=\"Share this page via Email\" \/>\n<\/a>\n<a target=\"_blank\" href=\"http:\/\/www.stumbleupon.com\/submit?url=https%3A%2F%2Flabestiadeportiva.com%2Flbd%2Fdi-pilato-y-montes-vieira-los-duenos-de-la-3-edicion-audio%2F&amp;title=Di+Pilato+y+Montes+Vieira%2C+los+due%C3%B1os+de+la+3%C2%B0+edici%C3%B3n+%28Audio%29\">\n<img src=\"https:\/\/labestiadeportiva.com\/lbd\/wp-content\/plugins\/jw-share-this\/su.png\" alt=\"Share this page via Stumble Upon\" \/>\n<\/a>\n<a target=\"_blank\" href=\"http:\/\/digg.com\/submit?url=https%3A%2F%2Flabestiadeportiva.com%2Flbd%2Fdi-pilato-y-montes-vieira-los-duenos-de-la-3-edicion-audio%2F&amp;title=Di+Pilato+y+Montes+Vieira%2C+los+due%C3%B1os+de+la+3%C2%B0+edici%C3%B3n+%28Audio%29\">\n<img src=\"https:\/\/labestiadeportiva.com\/lbd\/wp-content\/plugins\/jw-share-this\/digg.png\" alt=\"Share this page via Digg this\" \/>\n<\/a>\n<a target=\"_blank\" href=\"http:\/\/www.facebook.com\/sharer.php?u=https%3A%2F%2Flabestiadeportiva.com%2Flbd%2Fdi-pilato-y-montes-vieira-los-duenos-de-la-3-edicion-audio%2F&amp;t=Di+Pilato+y+Montes+Vieira%2C+los+due%C3%B1os+de+la+3%C2%B0+edici%C3%B3n+%28Audio%29\">\n<img src=\"https:\/\/labestiadeportiva.com\/lbd\/wp-content\/plugins\/jw-share-this\/fb.png\" alt=\"Share this page via Facebook\" \/>\n<\/a>\n<a target=\"_blank\" href=\"http:\/\/twitter.com\/intent\/tweet?text=I+like+https%3A%2F%2Flabestiadeportiva.com%2Flbd%2Fdi-pilato-y-montes-vieira-los-duenos-de-la-3-edicion-audio%2F&amp;title=Di+Pilato+y+Montes+Vieira%2C+los+due%C3%B1os+de+la+3%C2%B0+edici%C3%B3n+%28Audio%29\">\n<img src=\"https:\/\/labestiadeportiva.com\/lbd\/wp-content\/plugins\/jw-share-this\/twitter.png\" alt=\"Share this page via Twitter\" \/>\n<\/a>\n<\/div>\n","protected":false},"excerpt":{"rendered":"<p>El fin de semana se disput\u00f3 la versi\u00f3n 2023 de la Vertical Race, prueba de Trail Running organizada por el CAU. 42 atletas fueron de la partida. Kayn\u00e9 Di Pilato y Braian Montes Vieira se impusieron en sus segmentos. Desde LBD nos contactamos con Rodolfo Ferhmann, integrante de la organizaci\u00f3n, en busca de detalles. Compartimos &hellip; <a href=\"https:\/\/labestiadeportiva.com\/lbd\/di-pilato-y-montes-vieira-los-duenos-de-la-3-edicion-audio\/\" class=\"more-link\">Seguir leyendo <span class=\"screen-reader-text\">Di Pilato y Montes Vieira, los due\u00f1os de la 3\u00b0 edici\u00f3n (Audio)<\/span> <span class=\"meta-nav\">&rarr;<\/span><\/a><\/p>\n","protected":false},"author":1,"featured_media":0,"comment_status":"open","ping_status":"open","sticky":false,"template":"","format":"standard","meta":[],"categories":[5,60,1,4405],"tags":[269,42,4381,4382],"_links":{"self":[{"href":"https:\/\/labestiadeportiva.com\/lbd\/wp-json\/wp\/v2\/posts\/45409"}],"collection":[{"href":"https:\/\/labestiadeportiva.com\/lbd\/wp-json\/wp\/v2\/posts"}],"about":[{"href":"https:\/\/labestiadeportiva.com\/lbd\/wp-json\/wp\/v2\/types\/post"}],"author":[{"embeddable":true,"href":"https:\/\/labestiadeportiva.com\/lbd\/wp-json\/wp\/v2\/users\/1"}],"replies":[{"embeddable":true,"href":"https:\/\/labestiadeportiva.com\/lbd\/wp-json\/wp\/v2\/comments?post=45409"}],"version-history":[{"count":1,"href":"https:\/\/labestiadeportiva.com\/lbd\/wp-json\/wp\/v2\/posts\/45409\/revisions"}],"predecessor-version":[{"id":45411,"href":"https:\/\/labestiadeportiva.com\/lbd\/wp-json\/wp\/v2\/posts\/45409\/revisions\/45411"}],"wp:attachment":[{"href":"https:\/\/labestiadeportiva.com\/lbd\/wp-json\/wp\/v2\/media?parent=45409"}],"wp:term":[{"taxonomy":"category","embeddable":true,"href":"https:\/\/labestiadeportiva.com\/lbd\/wp-json\/wp\/v2\/categories?post=45409"},{"taxonomy":"post_tag","embeddable":true,"href":"https:\/\/labestiadeportiva.com\/lbd\/wp-json\/wp\/v2\/tags?post=45409"}],"curies":[{"name":"wp","href":"https:\/\/api.w.org\/{rel}","templated":true}]}}