{"id":45589,"date":"2023-03-28T12:08:08","date_gmt":"2023-03-28T15:08:08","guid":{"rendered":"http:\/\/labestiadeportiva.com\/lbd\/?p=45589"},"modified":"2023-03-28T12:08:10","modified_gmt":"2023-03-28T15:08:10","slug":"miercoles-de-reuniones","status":"publish","type":"post","link":"https:\/\/labestiadeportiva.com\/lbd\/miercoles-de-reuniones\/","title":{"rendered":"Mi\u00e9rcoles de reuniones"},"content":{"rendered":"\n<figure class=\"wp-block-image size-large\"><a href=\"http:\/\/labestiadeportiva.com\/lbd\/wp-content\/uploads\/2023\/03\/FB_IMG_1679966209381.jpg\"><img loading=\"lazy\" width=\"1024\" height=\"1024\" src=\"http:\/\/labestiadeportiva.com\/lbd\/wp-content\/uploads\/2023\/03\/FB_IMG_1679966209381-1024x1024.jpg\" alt=\"\" class=\"wp-image-45598\" srcset=\"https:\/\/labestiadeportiva.com\/lbd\/wp-content\/uploads\/2023\/03\/FB_IMG_1679966209381-1024x1024.jpg 1024w, https:\/\/labestiadeportiva.com\/lbd\/wp-content\/uploads\/2023\/03\/FB_IMG_1679966209381-300x300.jpg 300w, https:\/\/labestiadeportiva.com\/lbd\/wp-content\/uploads\/2023\/03\/FB_IMG_1679966209381-150x150.jpg 150w, https:\/\/labestiadeportiva.com\/lbd\/wp-content\/uploads\/2023\/03\/FB_IMG_1679966209381-768x768.jpg 768w, https:\/\/labestiadeportiva.com\/lbd\/wp-content\/uploads\/2023\/03\/FB_IMG_1679966209381-640x640.jpg 640w, https:\/\/labestiadeportiva.com\/lbd\/wp-content\/uploads\/2023\/03\/FB_IMG_1679966209381.jpg 1080w\" sizes=\"(max-width: 1024px) 100vw, 1024px\" \/><\/a><\/figure>\n\n\n\n<figure class=\"wp-block-image size-full is-resized\"><a href=\"http:\/\/labestiadeportiva.com\/lbd\/wp-content\/uploads\/2022\/11\/CARA_PEREZ-2.jpg\"><img loading=\"lazy\" src=\"http:\/\/labestiadeportiva.com\/lbd\/wp-content\/uploads\/2022\/11\/CARA_PEREZ-2.jpg\" alt=\"\" class=\"wp-image-43576\" width=\"357\" height=\"73\" srcset=\"https:\/\/labestiadeportiva.com\/lbd\/wp-content\/uploads\/2022\/11\/CARA_PEREZ-2.jpg 600w, https:\/\/labestiadeportiva.com\/lbd\/wp-content\/uploads\/2022\/11\/CARA_PEREZ-2-300x62.jpg 300w\" sizes=\"(max-width: 357px) 100vw, 357px\" \/><\/a><\/figure>\n\n\n\n<p>Asi la inform\u00f3 la Liga Ushuaiense. Ser\u00e1 para el Futsal AFA,que comenzar\u00e1 su temporada oficial, mientras que el f\u00fatbol grande continuar\u00e1 el \u00abTorneo de Transici\u00f3n\u00bb el pr\u00f3ximo fin de semana en el sint\u00e9tico \u00ab\u00c1ngel Puljiz\u00bb. Desde LBD, los detalles.<\/p>\n\n\n\n<!--more-->\n\n\n\n<p>La dirigencia convoc\u00f3 a su nueva sede de Guardacostas R\u00edo Iguaz\u00fa 756 el mi\u00e9rcoles a las 20.30 horas <\/p>\n\n\n\n<p>Hasta donde pudimos averiguar con respecto a la convocatoria salonera ser\u00e1 para informar el comienzo de la acci\u00f3n oficial de primera divisi\u00f3n con los clubes que est\u00e9n al d\u00eda con la documentaci\u00f3n solicitada.<\/p>\n\n\n\n<p>Se armar\u00e1 el fixture con los equipos que est\u00e9n en condiciones, los que no perder\u00e1n los puntos. Las instituciones podr\u00e1n llevan la documentaci\u00f3n a la sede de la Liga los d\u00edas lunes y martes. <\/p>\n\n\n\n<p>La competencia se desarrollar\u00e1 en el \u00abGigante del Sur\u00bb, la casa de Camioneros de la calle Abel C\u00e1rdenas.<\/p>\n\n\n\n<p>En cuanto al f\u00fatbol 11 la reuni\u00f3n ser\u00e1 para informar la continuidad de la competencia iniciada en el \u00abHugo Lumbreras\u00bb con tres horarios el s\u00e1bado y cuatro el domingo.<\/p>\n\n\n\n<p>El primer horario de la jornada sabatina en el \u00ab\u00c1ngel Puljiz\u00bb ser\u00e1 a las 13, siguiendo con dos encuentros m\u00e1s a las 15 y 17 horas. <\/p>\n\n\n\n<p>El domingo se jugar\u00e1 a las 10, 12, 14 y 16 horas aprovechando al m\u00e1ximo la luz natural, cabe aclarar que el flamante sint\u00e9tico del Camping Municipal no posee iluminaci\u00f3n artificial al menos en su primera etapa.<\/p>\n\n\n\n<p>De esta forma a partir del pr\u00f3ximo fin de semana la Liga Ushuaiense de F\u00fatbol tendr\u00e1 en competencia a sus dos categor\u00edas de primera divisi\u00f3n.<\/p>\n\n\n\n<p><\/p>\n\n\n\n<p><\/p>\n<div class='epvc-post-count'><span class='epvc-eye'><\/span>  <span class=\"epvc-count\"> 1.068<\/span><span class='epvc-label'> veces le\u00edda<\/span><\/div>\n<div class=\"jwsharethis\">\nShare this: \n<br \/>\n<a href=\"mailto:?subject=Mi%C3%A9rcoles%20de%20reuniones&amp;body=https%3A%2F%2Flabestiadeportiva.com%2Flbd%2Fmiercoles-de-reuniones%2F\">\n<img src=\"https:\/\/labestiadeportiva.com\/lbd\/wp-content\/plugins\/jw-share-this\/email.png\" alt=\"Share this page via Email\" \/>\n<\/a>\n<a target=\"_blank\" href=\"http:\/\/www.stumbleupon.com\/submit?url=https%3A%2F%2Flabestiadeportiva.com%2Flbd%2Fmiercoles-de-reuniones%2F&amp;title=Mi%C3%A9rcoles+de+reuniones\">\n<img src=\"https:\/\/labestiadeportiva.com\/lbd\/wp-content\/plugins\/jw-share-this\/su.png\" alt=\"Share this page via Stumble Upon\" \/>\n<\/a>\n<a target=\"_blank\" href=\"http:\/\/digg.com\/submit?url=https%3A%2F%2Flabestiadeportiva.com%2Flbd%2Fmiercoles-de-reuniones%2F&amp;title=Mi%C3%A9rcoles+de+reuniones\">\n<img src=\"https:\/\/labestiadeportiva.com\/lbd\/wp-content\/plugins\/jw-share-this\/digg.png\" alt=\"Share this page via Digg this\" \/>\n<\/a>\n<a target=\"_blank\" href=\"http:\/\/www.facebook.com\/sharer.php?u=https%3A%2F%2Flabestiadeportiva.com%2Flbd%2Fmiercoles-de-reuniones%2F&amp;t=Mi%C3%A9rcoles+de+reuniones\">\n<img src=\"https:\/\/labestiadeportiva.com\/lbd\/wp-content\/plugins\/jw-share-this\/fb.png\" alt=\"Share this page via Facebook\" \/>\n<\/a>\n<a target=\"_blank\" href=\"http:\/\/twitter.com\/intent\/tweet?text=I+like+https%3A%2F%2Flabestiadeportiva.com%2Flbd%2Fmiercoles-de-reuniones%2F&amp;title=Mi%C3%A9rcoles+de+reuniones\">\n<img src=\"https:\/\/labestiadeportiva.com\/lbd\/wp-content\/plugins\/jw-share-this\/twitter.png\" alt=\"Share this page via Twitter\" \/>\n<\/a>\n<\/div>\n","protected":false},"excerpt":{"rendered":"<p>Asi la inform\u00f3 la Liga Ushuaiense. Ser\u00e1 para el Futsal AFA,que comenzar\u00e1 su temporada oficial, mientras que el f\u00fatbol grande continuar\u00e1 el \u00abTorneo de Transici\u00f3n\u00bb el pr\u00f3ximo fin de semana en el sint\u00e9tico \u00ab\u00c1ngel Puljiz\u00bb. Desde LBD, los detalles. 1.068 veces le\u00edda Share this:<\/p>\n","protected":false},"author":1,"featured_media":0,"comment_status":"open","ping_status":"open","sticky":false,"template":"","format":"standard","meta":[],"categories":[5,2780,2439,2343,47,1],"tags":[],"_links":{"self":[{"href":"https:\/\/labestiadeportiva.com\/lbd\/wp-json\/wp\/v2\/posts\/45589"}],"collection":[{"href":"https:\/\/labestiadeportiva.com\/lbd\/wp-json\/wp\/v2\/posts"}],"about":[{"href":"https:\/\/labestiadeportiva.com\/lbd\/wp-json\/wp\/v2\/types\/post"}],"author":[{"embeddable":true,"href":"https:\/\/labestiadeportiva.com\/lbd\/wp-json\/wp\/v2\/users\/1"}],"replies":[{"embeddable":true,"href":"https:\/\/labestiadeportiva.com\/lbd\/wp-json\/wp\/v2\/comments?post=45589"}],"version-history":[{"count":1,"href":"https:\/\/labestiadeportiva.com\/lbd\/wp-json\/wp\/v2\/posts\/45589\/revisions"}],"predecessor-version":[{"id":45599,"href":"https:\/\/labestiadeportiva.com\/lbd\/wp-json\/wp\/v2\/posts\/45589\/revisions\/45599"}],"wp:attachment":[{"href":"https:\/\/labestiadeportiva.com\/lbd\/wp-json\/wp\/v2\/media?parent=45589"}],"wp:term":[{"taxonomy":"category","embeddable":true,"href":"https:\/\/labestiadeportiva.com\/lbd\/wp-json\/wp\/v2\/categories?post=45589"},{"taxonomy":"post_tag","embeddable":true,"href":"https:\/\/labestiadeportiva.com\/lbd\/wp-json\/wp\/v2\/tags?post=45589"}],"curies":[{"name":"wp","href":"https:\/\/api.w.org\/{rel}","templated":true}]}}