{"id":45600,"date":"2023-03-28T19:20:06","date_gmt":"2023-03-28T22:20:06","guid":{"rendered":"http:\/\/labestiadeportiva.com\/lbd\/?p=45600"},"modified":"2023-03-28T19:20:08","modified_gmt":"2023-03-28T22:20:08","slug":"desde-mi-punto-de-vista-el-balance-es-positivo-audio","status":"publish","type":"post","link":"https:\/\/labestiadeportiva.com\/lbd\/desde-mi-punto-de-vista-el-balance-es-positivo-audio\/","title":{"rendered":"\u00abDesde mi punto de vista el balance es positivo\u00bb (Audio)"},"content":{"rendered":"\n<figure class=\"wp-block-image size-large\"><a href=\"http:\/\/labestiadeportiva.com\/lbd\/wp-content\/uploads\/2023\/03\/FB_IMG_1680037903809.jpg\"><img loading=\"lazy\" width=\"682\" height=\"1024\" src=\"http:\/\/labestiadeportiva.com\/lbd\/wp-content\/uploads\/2023\/03\/FB_IMG_1680037903809-682x1024.jpg\" alt=\"\" class=\"wp-image-45601\" srcset=\"https:\/\/labestiadeportiva.com\/lbd\/wp-content\/uploads\/2023\/03\/FB_IMG_1680037903809-682x1024.jpg 682w, https:\/\/labestiadeportiva.com\/lbd\/wp-content\/uploads\/2023\/03\/FB_IMG_1680037903809-200x300.jpg 200w, https:\/\/labestiadeportiva.com\/lbd\/wp-content\/uploads\/2023\/03\/FB_IMG_1680037903809-768x1153.jpg 768w, https:\/\/labestiadeportiva.com\/lbd\/wp-content\/uploads\/2023\/03\/FB_IMG_1680037903809-1023x1536.jpg 1023w, https:\/\/labestiadeportiva.com\/lbd\/wp-content\/uploads\/2023\/03\/FB_IMG_1680037903809-640x961.jpg 640w, https:\/\/labestiadeportiva.com\/lbd\/wp-content\/uploads\/2023\/03\/FB_IMG_1680037903809.jpg 1066w\" sizes=\"(max-width: 682px) 100vw, 682px\" \/><\/a><\/figure>\n\n\n\n<figure class=\"wp-block-image size-full is-resized\"><a href=\"http:\/\/labestiadeportiva.com\/lbd\/wp-content\/uploads\/2022\/11\/CARA_PEREZ-2.jpg\"><img loading=\"lazy\" src=\"http:\/\/labestiadeportiva.com\/lbd\/wp-content\/uploads\/2022\/11\/CARA_PEREZ-2.jpg\" alt=\"\" class=\"wp-image-43576\" width=\"321\" height=\"65\" srcset=\"https:\/\/labestiadeportiva.com\/lbd\/wp-content\/uploads\/2022\/11\/CARA_PEREZ-2.jpg 600w, https:\/\/labestiadeportiva.com\/lbd\/wp-content\/uploads\/2022\/11\/CARA_PEREZ-2-300x62.jpg 300w\" sizes=\"(max-width: 321px) 100vw, 321px\" \/><\/a><\/figure>\n\n\n\n<p>La 39\u00b0 novena edici\u00f3n de la VTDF ya es historia. C\u00e1rdenas, Mart\u00ednez, Danna, Arias, D\u00edaz, Vargas, Alarc\u00f3n, Exequiel y Fabricio Fenoglio m\u00e1s Barr\u00eda ganaron sus segmentos.<\/p>\n\n\n\n<p>Una vez m\u00e1s fuimos en busca del integrante del Motoclub R\u00edo Grande, Lalo Melogno, quien oficio de Director de la prueba.<\/p>\n\n\n\n<p>Su an\u00e1lisis de la versi\u00f3n 2023 desde todo aspecto a trav\u00e9s de la entrevista lograda este martes en la 94.1 FM del Sur.<\/p>\n\n\n\n<!--more-->\n\n\n\n<figure class=\"wp-block-embed is-type-video is-provider-youtube wp-block-embed-youtube wp-embed-aspect-4-3 wp-has-aspect-ratio\"><div class=\"wp-block-embed__wrapper\">\n<iframe loading=\"lazy\" title=\"Audio Lalo Melogno\" width=\"474\" height=\"356\" src=\"https:\/\/www.youtube.com\/embed\/PYvyvrWogaA?feature=oembed\" frameborder=\"0\" allow=\"accelerometer; autoplay; clipboard-write; encrypted-media; gyroscope; picture-in-picture; web-share\" allowfullscreen><\/iframe>\n<\/div><\/figure>\n<div class='epvc-post-count'><span class='epvc-eye'><\/span>  <span class=\"epvc-count\"> 1.362<\/span><span class='epvc-label'> veces le\u00edda<\/span><\/div>\n<div class=\"jwsharethis\">\nShare this: \n<br \/>\n<a href=\"mailto:?subject=%C2%ABDesde%20mi%20punto%20de%20vista%20el%20balance%20es%20positivo%C2%BB%20%28Audio%29&amp;body=https%3A%2F%2Flabestiadeportiva.com%2Flbd%2Fdesde-mi-punto-de-vista-el-balance-es-positivo-audio%2F\">\n<img src=\"https:\/\/labestiadeportiva.com\/lbd\/wp-content\/plugins\/jw-share-this\/email.png\" alt=\"Share this page via Email\" \/>\n<\/a>\n<a target=\"_blank\" href=\"http:\/\/www.stumbleupon.com\/submit?url=https%3A%2F%2Flabestiadeportiva.com%2Flbd%2Fdesde-mi-punto-de-vista-el-balance-es-positivo-audio%2F&amp;title=%C2%ABDesde+mi+punto+de+vista+el+balance+es+positivo%C2%BB+%28Audio%29\">\n<img src=\"https:\/\/labestiadeportiva.com\/lbd\/wp-content\/plugins\/jw-share-this\/su.png\" alt=\"Share this page via Stumble Upon\" \/>\n<\/a>\n<a target=\"_blank\" href=\"http:\/\/digg.com\/submit?url=https%3A%2F%2Flabestiadeportiva.com%2Flbd%2Fdesde-mi-punto-de-vista-el-balance-es-positivo-audio%2F&amp;title=%C2%ABDesde+mi+punto+de+vista+el+balance+es+positivo%C2%BB+%28Audio%29\">\n<img src=\"https:\/\/labestiadeportiva.com\/lbd\/wp-content\/plugins\/jw-share-this\/digg.png\" alt=\"Share this page via Digg this\" \/>\n<\/a>\n<a target=\"_blank\" href=\"http:\/\/www.facebook.com\/sharer.php?u=https%3A%2F%2Flabestiadeportiva.com%2Flbd%2Fdesde-mi-punto-de-vista-el-balance-es-positivo-audio%2F&amp;t=%C2%ABDesde+mi+punto+de+vista+el+balance+es+positivo%C2%BB+%28Audio%29\">\n<img src=\"https:\/\/labestiadeportiva.com\/lbd\/wp-content\/plugins\/jw-share-this\/fb.png\" alt=\"Share this page via Facebook\" \/>\n<\/a>\n<a target=\"_blank\" href=\"http:\/\/twitter.com\/intent\/tweet?text=I+like+https%3A%2F%2Flabestiadeportiva.com%2Flbd%2Fdesde-mi-punto-de-vista-el-balance-es-positivo-audio%2F&amp;title=%C2%ABDesde+mi+punto+de+vista+el+balance+es+positivo%C2%BB+%28Audio%29\">\n<img src=\"https:\/\/labestiadeportiva.com\/lbd\/wp-content\/plugins\/jw-share-this\/twitter.png\" alt=\"Share this page via Twitter\" \/>\n<\/a>\n<\/div>\n","protected":false},"excerpt":{"rendered":"<p>La 39\u00b0 novena edici\u00f3n de la VTDF ya es historia. C\u00e1rdenas, Mart\u00ednez, Danna, Arias, D\u00edaz, Vargas, Alarc\u00f3n, Exequiel y Fabricio Fenoglio m\u00e1s Barr\u00eda ganaron sus segmentos. Una vez m\u00e1s fuimos en busca del integrante del Motoclub R\u00edo Grande, Lalo Melogno, quien oficio de Director de la prueba. Su an\u00e1lisis de la versi\u00f3n 2023 desde todo &hellip; <a href=\"https:\/\/labestiadeportiva.com\/lbd\/desde-mi-punto-de-vista-el-balance-es-positivo-audio\/\" class=\"more-link\">Seguir leyendo <span class=\"screen-reader-text\">\u00abDesde mi punto de vista el balance es positivo\u00bb (Audio)<\/span> <span class=\"meta-nav\">&rarr;<\/span><\/a><\/p>\n","protected":false},"author":1,"featured_media":0,"comment_status":"open","ping_status":"open","sticky":false,"template":"","format":"standard","meta":[],"categories":[5,4,6,60,2159,1,5005],"tags":[5000,296,71,1362],"_links":{"self":[{"href":"https:\/\/labestiadeportiva.com\/lbd\/wp-json\/wp\/v2\/posts\/45600"}],"collection":[{"href":"https:\/\/labestiadeportiva.com\/lbd\/wp-json\/wp\/v2\/posts"}],"about":[{"href":"https:\/\/labestiadeportiva.com\/lbd\/wp-json\/wp\/v2\/types\/post"}],"author":[{"embeddable":true,"href":"https:\/\/labestiadeportiva.com\/lbd\/wp-json\/wp\/v2\/users\/1"}],"replies":[{"embeddable":true,"href":"https:\/\/labestiadeportiva.com\/lbd\/wp-json\/wp\/v2\/comments?post=45600"}],"version-history":[{"count":1,"href":"https:\/\/labestiadeportiva.com\/lbd\/wp-json\/wp\/v2\/posts\/45600\/revisions"}],"predecessor-version":[{"id":45602,"href":"https:\/\/labestiadeportiva.com\/lbd\/wp-json\/wp\/v2\/posts\/45600\/revisions\/45602"}],"wp:attachment":[{"href":"https:\/\/labestiadeportiva.com\/lbd\/wp-json\/wp\/v2\/media?parent=45600"}],"wp:term":[{"taxonomy":"category","embeddable":true,"href":"https:\/\/labestiadeportiva.com\/lbd\/wp-json\/wp\/v2\/categories?post=45600"},{"taxonomy":"post_tag","embeddable":true,"href":"https:\/\/labestiadeportiva.com\/lbd\/wp-json\/wp\/v2\/tags?post=45600"}],"curies":[{"name":"wp","href":"https:\/\/api.w.org\/{rel}","templated":true}]}}