{"id":45603,"date":"2023-03-28T19:52:04","date_gmt":"2023-03-28T22:52:04","guid":{"rendered":"http:\/\/labestiadeportiva.com\/lbd\/?p=45603"},"modified":"2023-03-28T19:52:06","modified_gmt":"2023-03-28T22:52:06","slug":"tdf-presente-en-el-curso-anual-de-instructores","status":"publish","type":"post","link":"https:\/\/labestiadeportiva.com\/lbd\/tdf-presente-en-el-curso-anual-de-instructores\/","title":{"rendered":"TDF presente en el Curso Anual de Instructores"},"content":{"rendered":"\n<figure class=\"wp-block-image size-large\"><a href=\"http:\/\/labestiadeportiva.com\/lbd\/wp-content\/uploads\/2023\/03\/IMG-20230328-WA0130.jpg\"><img loading=\"lazy\" width=\"1024\" height=\"767\" src=\"http:\/\/labestiadeportiva.com\/lbd\/wp-content\/uploads\/2023\/03\/IMG-20230328-WA0130-1024x767.jpg\" alt=\"\" class=\"wp-image-45605\" srcset=\"https:\/\/labestiadeportiva.com\/lbd\/wp-content\/uploads\/2023\/03\/IMG-20230328-WA0130-1024x767.jpg 1024w, https:\/\/labestiadeportiva.com\/lbd\/wp-content\/uploads\/2023\/03\/IMG-20230328-WA0130-300x225.jpg 300w, https:\/\/labestiadeportiva.com\/lbd\/wp-content\/uploads\/2023\/03\/IMG-20230328-WA0130-768x575.jpg 768w, https:\/\/labestiadeportiva.com\/lbd\/wp-content\/uploads\/2023\/03\/IMG-20230328-WA0130-640x479.jpg 640w, https:\/\/labestiadeportiva.com\/lbd\/wp-content\/uploads\/2023\/03\/IMG-20230328-WA0130.jpg 1440w\" sizes=\"(max-width: 1024px) 100vw, 1024px\" \/><\/a><\/figure>\n\n\n\n<figure class=\"wp-block-image size-full is-resized\"><a href=\"http:\/\/labestiadeportiva.com\/lbd\/wp-content\/uploads\/2022\/11\/CARA_PEREZ-2.jpg\"><img loading=\"lazy\" src=\"http:\/\/labestiadeportiva.com\/lbd\/wp-content\/uploads\/2022\/11\/CARA_PEREZ-2.jpg\" alt=\"\" class=\"wp-image-43576\" width=\"358\" height=\"73\" srcset=\"https:\/\/labestiadeportiva.com\/lbd\/wp-content\/uploads\/2022\/11\/CARA_PEREZ-2.jpg 600w, https:\/\/labestiadeportiva.com\/lbd\/wp-content\/uploads\/2022\/11\/CARA_PEREZ-2-300x62.jpg 300w\" sizes=\"(max-width: 358px) 100vw, 358px\" \/><\/a><\/figure>\n\n\n\n<p>La capacitaci\u00f3n se realiz\u00f3 el 24, 25 y 26 de marzo pasado dictada por el Sensei Inoue, 8\u00b0 Dan y Presidente de JKA Sudamericana. Los instructores ushuaienses Jorge Ledesma y Alejandro Vel\u00e1zquez presentes en la Ciudad Aut\u00f3noma de Buenos Aires.<\/p>\n\n\n\n<!--more-->\n\n\n\n<p>La actividad se realiz\u00f3 en instalaciones del\u00a0 I.S.E.F. N\u00b01, ubicado en Nu\u00f1ez, con una duraci\u00f3n de 4 horas diarias e intervalos al mediod\u00eda, cont\u00f3 de gran participaci\u00f3n de aproximadamente 400 alumnos y profesores representando cada provincia de nuestro pa\u00eds.<\/p>\n\n\n\n<p>Ushuaia, Tierra del Fuego di\u00f3 el presente con los instructores: Jorge Ledesma (Club El Palomar) y Alejandro Vel\u00e1squez (Dojo Kaup\u00e9n) m\u00e1s tres alumnos que completaron la delegaci\u00f3n de karate JKA, TDF.<\/p>\n\n\n\n<p>El curso y perfeccionamiento fue dividido en dos \u00e1reas: infanto \u2013 juvenil con kata, b\u00e1sicos, bloqueos y frente a frente.<\/p>\n\n\n\n<p>Instructores y categor\u00eda Senior con katas b\u00e1sicos y especializados, instrucci\u00f3n b\u00e1sica, ense\u00f1anza y aplicaci\u00f3n de las t\u00e9cnicas y kumite (combate frente a frente semi libre)<\/p>\n\n\n\n<p>Al finalizar el mismo se realiz\u00f3 el selectivo para conformar la Selecci\u00f3n Nacional, que representar\u00e1 al pa\u00eds en el Campeonato Panamericano,  Colombia 2023, que se disputar\u00e1 en el mes de agosto.<\/p>\n\n\n\n<p>En el \u00faltimo d\u00eda, al finalizar la clase se realiz\u00f3 la entrega de certificados a cada instructor participante, tambi\u00e9n un reconocimiento y homenaje por su partida f\u00edsica a los Senseis Carlos Kaless (Chubut) y Alejandra Torretta (Bah\u00eda Blanca) por su dedicaci\u00f3n y trabajo en la ense\u00f1anza de la disciplina.<\/p>\n\n\n\n<figure class=\"wp-block-image size-large\"><a href=\"http:\/\/labestiadeportiva.com\/lbd\/wp-content\/uploads\/2023\/03\/IMG-20230328-WA0133.jpg\"><img loading=\"lazy\" width=\"1024\" height=\"478\" src=\"http:\/\/labestiadeportiva.com\/lbd\/wp-content\/uploads\/2023\/03\/IMG-20230328-WA0133-1024x478.jpg\" alt=\"\" class=\"wp-image-45606\" srcset=\"https:\/\/labestiadeportiva.com\/lbd\/wp-content\/uploads\/2023\/03\/IMG-20230328-WA0133-1024x478.jpg 1024w, https:\/\/labestiadeportiva.com\/lbd\/wp-content\/uploads\/2023\/03\/IMG-20230328-WA0133-300x140.jpg 300w, https:\/\/labestiadeportiva.com\/lbd\/wp-content\/uploads\/2023\/03\/IMG-20230328-WA0133-768x358.jpg 768w, https:\/\/labestiadeportiva.com\/lbd\/wp-content\/uploads\/2023\/03\/IMG-20230328-WA0133-640x299.jpg 640w, https:\/\/labestiadeportiva.com\/lbd\/wp-content\/uploads\/2023\/03\/IMG-20230328-WA0133.jpg 1080w\" sizes=\"(max-width: 1024px) 100vw, 1024px\" \/><\/a><\/figure>\n\n\n\n<p><\/p>\n<div class='epvc-post-count'><span class='epvc-eye'><\/span>  <span class=\"epvc-count\"> 1.306<\/span><span class='epvc-label'> veces le\u00edda<\/span><\/div>\n<div class=\"jwsharethis\">\nShare this: \n<br \/>\n<a href=\"mailto:?subject=TDF%20presente%20en%20el%20Curso%20Anual%20de%20Instructores&amp;body=https%3A%2F%2Flabestiadeportiva.com%2Flbd%2Ftdf-presente-en-el-curso-anual-de-instructores%2F\">\n<img src=\"https:\/\/labestiadeportiva.com\/lbd\/wp-content\/plugins\/jw-share-this\/email.png\" alt=\"Share this page via Email\" \/>\n<\/a>\n<a target=\"_blank\" href=\"http:\/\/www.stumbleupon.com\/submit?url=https%3A%2F%2Flabestiadeportiva.com%2Flbd%2Ftdf-presente-en-el-curso-anual-de-instructores%2F&amp;title=TDF+presente+en+el+Curso+Anual+de+Instructores\">\n<img src=\"https:\/\/labestiadeportiva.com\/lbd\/wp-content\/plugins\/jw-share-this\/su.png\" alt=\"Share this page via Stumble Upon\" \/>\n<\/a>\n<a target=\"_blank\" href=\"http:\/\/digg.com\/submit?url=https%3A%2F%2Flabestiadeportiva.com%2Flbd%2Ftdf-presente-en-el-curso-anual-de-instructores%2F&amp;title=TDF+presente+en+el+Curso+Anual+de+Instructores\">\n<img src=\"https:\/\/labestiadeportiva.com\/lbd\/wp-content\/plugins\/jw-share-this\/digg.png\" alt=\"Share this page via Digg this\" \/>\n<\/a>\n<a target=\"_blank\" href=\"http:\/\/www.facebook.com\/sharer.php?u=https%3A%2F%2Flabestiadeportiva.com%2Flbd%2Ftdf-presente-en-el-curso-anual-de-instructores%2F&amp;t=TDF+presente+en+el+Curso+Anual+de+Instructores\">\n<img src=\"https:\/\/labestiadeportiva.com\/lbd\/wp-content\/plugins\/jw-share-this\/fb.png\" alt=\"Share this page via Facebook\" \/>\n<\/a>\n<a target=\"_blank\" href=\"http:\/\/twitter.com\/intent\/tweet?text=I+like+https%3A%2F%2Flabestiadeportiva.com%2Flbd%2Ftdf-presente-en-el-curso-anual-de-instructores%2F&amp;title=TDF+presente+en+el+Curso+Anual+de+Instructores\">\n<img src=\"https:\/\/labestiadeportiva.com\/lbd\/wp-content\/plugins\/jw-share-this\/twitter.png\" alt=\"Share this page via Twitter\" \/>\n<\/a>\n<\/div>\n","protected":false},"excerpt":{"rendered":"<p>La capacitaci\u00f3n se realiz\u00f3 el 24, 25 y 26 de marzo pasado dictada por el Sensei Inoue, 8\u00b0 Dan y Presidente de JKA Sudamericana. Los instructores ushuaienses Jorge Ledesma y Alejandro Vel\u00e1zquez presentes en la Ciudad Aut\u00f3noma de Buenos Aires. 1.306 veces le\u00edda Share this:<\/p>\n","protected":false},"author":1,"featured_media":0,"comment_status":"open","ping_status":"open","sticky":false,"template":"","format":"standard","meta":[],"categories":[2136,5,6,1],"tags":[783,3978,83],"_links":{"self":[{"href":"https:\/\/labestiadeportiva.com\/lbd\/wp-json\/wp\/v2\/posts\/45603"}],"collection":[{"href":"https:\/\/labestiadeportiva.com\/lbd\/wp-json\/wp\/v2\/posts"}],"about":[{"href":"https:\/\/labestiadeportiva.com\/lbd\/wp-json\/wp\/v2\/types\/post"}],"author":[{"embeddable":true,"href":"https:\/\/labestiadeportiva.com\/lbd\/wp-json\/wp\/v2\/users\/1"}],"replies":[{"embeddable":true,"href":"https:\/\/labestiadeportiva.com\/lbd\/wp-json\/wp\/v2\/comments?post=45603"}],"version-history":[{"count":1,"href":"https:\/\/labestiadeportiva.com\/lbd\/wp-json\/wp\/v2\/posts\/45603\/revisions"}],"predecessor-version":[{"id":45607,"href":"https:\/\/labestiadeportiva.com\/lbd\/wp-json\/wp\/v2\/posts\/45603\/revisions\/45607"}],"wp:attachment":[{"href":"https:\/\/labestiadeportiva.com\/lbd\/wp-json\/wp\/v2\/media?parent=45603"}],"wp:term":[{"taxonomy":"category","embeddable":true,"href":"https:\/\/labestiadeportiva.com\/lbd\/wp-json\/wp\/v2\/categories?post=45603"},{"taxonomy":"post_tag","embeddable":true,"href":"https:\/\/labestiadeportiva.com\/lbd\/wp-json\/wp\/v2\/tags?post=45603"}],"curies":[{"name":"wp","href":"https:\/\/api.w.org\/{rel}","templated":true}]}}