{"id":45613,"date":"2023-03-29T11:26:45","date_gmt":"2023-03-29T14:26:45","guid":{"rendered":"http:\/\/labestiadeportiva.com\/lbd\/?p=45613"},"modified":"2023-03-29T11:26:48","modified_gmt":"2023-03-29T14:26:48","slug":"hispano-social-visito-la-escuela-domingo-savio","status":"publish","type":"post","link":"https:\/\/labestiadeportiva.com\/lbd\/hispano-social-visito-la-escuela-domingo-savio\/","title":{"rendered":"Hispano Social, visit\u00f3 la escuela Domingo Savio"},"content":{"rendered":"\n<figure class=\"wp-block-image size-full\"><a href=\"http:\/\/labestiadeportiva.com\/lbd\/wp-content\/uploads\/2023\/03\/IMG-20230329-WA0021.jpg\"><img loading=\"lazy\" width=\"720\" height=\"480\" src=\"http:\/\/labestiadeportiva.com\/lbd\/wp-content\/uploads\/2023\/03\/IMG-20230329-WA0021.jpg\" alt=\"\" class=\"wp-image-45614\" srcset=\"https:\/\/labestiadeportiva.com\/lbd\/wp-content\/uploads\/2023\/03\/IMG-20230329-WA0021.jpg 720w, https:\/\/labestiadeportiva.com\/lbd\/wp-content\/uploads\/2023\/03\/IMG-20230329-WA0021-300x200.jpg 300w, https:\/\/labestiadeportiva.com\/lbd\/wp-content\/uploads\/2023\/03\/IMG-20230329-WA0021-640x427.jpg 640w\" sizes=\"(max-width: 720px) 100vw, 720px\" \/><\/a><\/figure>\n\n\n\n<figure class=\"wp-block-image size-full is-resized\"><a href=\"http:\/\/labestiadeportiva.com\/lbd\/wp-content\/uploads\/2022\/11\/CARA_BAROLI-1.jpg\"><img loading=\"lazy\" src=\"http:\/\/labestiadeportiva.com\/lbd\/wp-content\/uploads\/2022\/11\/CARA_BAROLI-1.jpg\" alt=\"\" class=\"wp-image-43574\" width=\"313\" height=\"64\" srcset=\"https:\/\/labestiadeportiva.com\/lbd\/wp-content\/uploads\/2022\/11\/CARA_BAROLI-1.jpg 600w, https:\/\/labestiadeportiva.com\/lbd\/wp-content\/uploads\/2022\/11\/CARA_BAROLI-1-300x62.jpg 300w\" sizes=\"(max-width: 313px) 100vw, 313px\" \/><\/a><\/figure>\n\n\n\n<p>En la jornada de ayer y en la previa del \u00faltimo juego de la fase regular de la Liga Argentina, jugadores del primer equipo \u00abCeleste\u00bb, visitaron a la comunidad educativa de la escuela laboral Domingo Savio de Rio Gallegos.<\/p>\n\n\n\n<!--more-->\n\n\n\n<p>El equipo de Santa Cruz que disputa la segunda categor\u00eda del b\u00e1squet argentino, se prepara para un duro y dif\u00edcil cierre de fase regular. Recibir\u00e1 a Zarate B\u00e1squet, segundo en la tabla de posiciones, desde las 20 horas en el Juan Bautista Rocha.&nbsp;<\/p>\n\n\n\n<p>Horas antes de tan importante cotejo, Carlos Buemo, Yuthiel Da Silva, Zuriel Fern\u00e1ndez y Franco Gauna, jugadores del equipo Santacruce\u00f1o, visitaron la escuela laboral Domingo Savio, en el marco del programa \u00abHispano Social\u00bb que hace a\u00f1os la instituci\u00f3n lleva adelante.<\/p>\n\n\n\n<p>La misma tiene por objetivo visitar establecimientos deportivos o educativos, y poder compartir una charla y juegos con sus alumnos. Esto representa una experiencia inolvidable tanto para las instituciones como para los propios deportistas.&nbsp;<\/p>\n\n\n\n<p>Adem\u00e1s de la visita a alumnos y docentes de la escuela laboral, el Club Deportivo Hispano Americano, realiz\u00f3 la donaci\u00f3n de pelotas de b\u00e1squet para la instituci\u00f3n educativa.&nbsp;<\/p>\n\n\n\n<p>Etapa de definiciones&nbsp;<\/p>\n\n\n\n<p>Hispano disputar\u00e1 la \u00faltima fecha de la fase regular con la oreja puesta en lo que ocurra en Viedma. All\u00ed, el local, recibir\u00e1 a Rocamora. En caso de que el Deportivo obtenga la victoria, autom\u00e1ticamente finalizar\u00e1 la fase regular en la cuarta colocaci\u00f3n.&nbsp;<\/p>\n\n\n\n<p>Para que Hispano se suba a ese escal\u00f3n, deber\u00e1 ganar ante Zarate y esperar una derrota del equipo de Rio Negro, ya que, ante un eventual empate de puntos, la diferencia se dar\u00eda por la diferencia de goleo en los partidos entre ambas instituciones.&nbsp;<\/p>\n\n\n\n<p>Hoy desde las 20 horas, en el Juan Bautista Rocha, Hispano recibir\u00e1 a Zarate lo que significar\u00e1 el fin de la fase regular, pero al mismo tiempo, una muy buena medida ante un equipo de alto vuelo como los de la Provincia de Buenos Aires.\u00a0<\/p>\n\n\n\n<figure class=\"wp-block-image size-full\"><a href=\"http:\/\/labestiadeportiva.com\/lbd\/wp-content\/uploads\/2023\/03\/IMG-20230329-WA0022.jpg\"><img loading=\"lazy\" width=\"720\" height=\"480\" src=\"http:\/\/labestiadeportiva.com\/lbd\/wp-content\/uploads\/2023\/03\/IMG-20230329-WA0022.jpg\" alt=\"\" class=\"wp-image-45615\" srcset=\"https:\/\/labestiadeportiva.com\/lbd\/wp-content\/uploads\/2023\/03\/IMG-20230329-WA0022.jpg 720w, https:\/\/labestiadeportiva.com\/lbd\/wp-content\/uploads\/2023\/03\/IMG-20230329-WA0022-300x200.jpg 300w, https:\/\/labestiadeportiva.com\/lbd\/wp-content\/uploads\/2023\/03\/IMG-20230329-WA0022-640x427.jpg 640w\" sizes=\"(max-width: 720px) 100vw, 720px\" \/><\/a><\/figure>\n<div class='epvc-post-count'><span class='epvc-eye'><\/span>  <span class=\"epvc-count\"> 1.342<\/span><span class='epvc-label'> veces le\u00edda<\/span><\/div>\n<div class=\"jwsharethis\">\nShare this: \n<br \/>\n<a href=\"mailto:?subject=Hispano%20Social%2C%20visit%C3%B3%20la%20escuela%20Domingo%20Savio&amp;body=https%3A%2F%2Flabestiadeportiva.com%2Flbd%2Fhispano-social-visito-la-escuela-domingo-savio%2F\">\n<img src=\"https:\/\/labestiadeportiva.com\/lbd\/wp-content\/plugins\/jw-share-this\/email.png\" alt=\"Share this page via Email\" \/>\n<\/a>\n<a target=\"_blank\" href=\"http:\/\/www.stumbleupon.com\/submit?url=https%3A%2F%2Flabestiadeportiva.com%2Flbd%2Fhispano-social-visito-la-escuela-domingo-savio%2F&amp;title=Hispano+Social%2C+visit%C3%B3+la+escuela+Domingo+Savio\">\n<img src=\"https:\/\/labestiadeportiva.com\/lbd\/wp-content\/plugins\/jw-share-this\/su.png\" alt=\"Share this page via Stumble Upon\" \/>\n<\/a>\n<a target=\"_blank\" href=\"http:\/\/digg.com\/submit?url=https%3A%2F%2Flabestiadeportiva.com%2Flbd%2Fhispano-social-visito-la-escuela-domingo-savio%2F&amp;title=Hispano+Social%2C+visit%C3%B3+la+escuela+Domingo+Savio\">\n<img src=\"https:\/\/labestiadeportiva.com\/lbd\/wp-content\/plugins\/jw-share-this\/digg.png\" alt=\"Share this page via Digg this\" \/>\n<\/a>\n<a target=\"_blank\" href=\"http:\/\/www.facebook.com\/sharer.php?u=https%3A%2F%2Flabestiadeportiva.com%2Flbd%2Fhispano-social-visito-la-escuela-domingo-savio%2F&amp;t=Hispano+Social%2C+visit%C3%B3+la+escuela+Domingo+Savio\">\n<img src=\"https:\/\/labestiadeportiva.com\/lbd\/wp-content\/plugins\/jw-share-this\/fb.png\" alt=\"Share this page via Facebook\" \/>\n<\/a>\n<a target=\"_blank\" href=\"http:\/\/twitter.com\/intent\/tweet?text=I+like+https%3A%2F%2Flabestiadeportiva.com%2Flbd%2Fhispano-social-visito-la-escuela-domingo-savio%2F&amp;title=Hispano+Social%2C+visit%C3%B3+la+escuela+Domingo+Savio\">\n<img src=\"https:\/\/labestiadeportiva.com\/lbd\/wp-content\/plugins\/jw-share-this\/twitter.png\" alt=\"Share this page via Twitter\" \/>\n<\/a>\n<\/div>\n","protected":false},"excerpt":{"rendered":"<p>En la jornada de ayer y en la previa del \u00faltimo juego de la fase regular de la Liga Argentina, jugadores del primer equipo \u00abCeleste\u00bb, visitaron a la comunidad educativa de la escuela laboral Domingo Savio de Rio Gallegos. 1.342 veces le\u00edda Share this:<\/p>\n","protected":false},"author":1,"featured_media":0,"comment_status":"open","ping_status":"open","sticky":false,"template":"","format":"standard","meta":[],"categories":[2432,6,1],"tags":[171,5012,83],"_links":{"self":[{"href":"https:\/\/labestiadeportiva.com\/lbd\/wp-json\/wp\/v2\/posts\/45613"}],"collection":[{"href":"https:\/\/labestiadeportiva.com\/lbd\/wp-json\/wp\/v2\/posts"}],"about":[{"href":"https:\/\/labestiadeportiva.com\/lbd\/wp-json\/wp\/v2\/types\/post"}],"author":[{"embeddable":true,"href":"https:\/\/labestiadeportiva.com\/lbd\/wp-json\/wp\/v2\/users\/1"}],"replies":[{"embeddable":true,"href":"https:\/\/labestiadeportiva.com\/lbd\/wp-json\/wp\/v2\/comments?post=45613"}],"version-history":[{"count":1,"href":"https:\/\/labestiadeportiva.com\/lbd\/wp-json\/wp\/v2\/posts\/45613\/revisions"}],"predecessor-version":[{"id":45616,"href":"https:\/\/labestiadeportiva.com\/lbd\/wp-json\/wp\/v2\/posts\/45613\/revisions\/45616"}],"wp:attachment":[{"href":"https:\/\/labestiadeportiva.com\/lbd\/wp-json\/wp\/v2\/media?parent=45613"}],"wp:term":[{"taxonomy":"category","embeddable":true,"href":"https:\/\/labestiadeportiva.com\/lbd\/wp-json\/wp\/v2\/categories?post=45613"},{"taxonomy":"post_tag","embeddable":true,"href":"https:\/\/labestiadeportiva.com\/lbd\/wp-json\/wp\/v2\/tags?post=45613"}],"curies":[{"name":"wp","href":"https:\/\/api.w.org\/{rel}","templated":true}]}}