{"id":45898,"date":"2023-04-25T18:04:30","date_gmt":"2023-04-25T21:04:30","guid":{"rendered":"http:\/\/labestiadeportiva.com\/lbd\/?p=45898"},"modified":"2023-04-25T18:04:32","modified_gmt":"2023-04-25T21:04:32","slug":"la-federacion-hizo-las-cosas-correctamente-audio","status":"publish","type":"post","link":"https:\/\/labestiadeportiva.com\/lbd\/la-federacion-hizo-las-cosas-correctamente-audio\/","title":{"rendered":"\u00abLa Federaci\u00f3n hizo las cosas correctamente\u00bb (Audio)"},"content":{"rendered":"\n<figure class=\"wp-block-image size-full is-resized\"><a href=\"http:\/\/labestiadeportiva.com\/lbd\/wp-content\/uploads\/2023\/04\/images.jpeg\"><img loading=\"lazy\" src=\"http:\/\/labestiadeportiva.com\/lbd\/wp-content\/uploads\/2023\/04\/images.jpeg\" alt=\"\" class=\"wp-image-45899\" width=\"408\" height=\"408\" srcset=\"https:\/\/labestiadeportiva.com\/lbd\/wp-content\/uploads\/2023\/04\/images.jpeg 225w, https:\/\/labestiadeportiva.com\/lbd\/wp-content\/uploads\/2023\/04\/images-150x150.jpeg 150w\" sizes=\"(max-width: 408px) 100vw, 408px\" \/><\/a><\/figure>\n\n\n\n<figure class=\"wp-block-image size-full is-resized\"><a href=\"http:\/\/labestiadeportiva.com\/lbd\/wp-content\/uploads\/2022\/11\/CARA_PEREZ-2.jpg\"><img loading=\"lazy\" src=\"http:\/\/labestiadeportiva.com\/lbd\/wp-content\/uploads\/2022\/11\/CARA_PEREZ-2.jpg\" alt=\"\" class=\"wp-image-43576\" width=\"338\" height=\"69\" srcset=\"https:\/\/labestiadeportiva.com\/lbd\/wp-content\/uploads\/2022\/11\/CARA_PEREZ-2.jpg 600w, https:\/\/labestiadeportiva.com\/lbd\/wp-content\/uploads\/2022\/11\/CARA_PEREZ-2-300x62.jpg 300w\" sizes=\"(max-width: 338px) 100vw, 338px\" \/><\/a><\/figure>\n\n\n\n<p>La palabra oficial del m\u00e1ximo dirigente del Hockey Pista de Tierra del Fuego, Ignacio Cichero, sobre la participaci\u00f3n de los clubes Fueguinos en el Nacional \u00abA\u00bb que se disputar\u00e1 del 4 al 7 de mayo en Caleta Olivia.<\/p>\n\n\n\n<p>Cichero se explay\u00f3 sobre el reclamo de Los \u00d1ires, inform\u00f3 que la reglamentaci\u00f3n fue modificada por la Confederaci\u00f3n Argentina y expres\u00f3 que el club realiz\u00f3 agravios y llamadas intimidatorias.<\/p>\n\n\n\n<p>Compartimos la entrevista lograda este martes en la 94.1 FM del Sur.<\/p>\n\n\n\n<!--more-->\n\n\n\n<figure class=\"wp-block-embed is-type-video is-provider-youtube wp-block-embed-youtube wp-embed-aspect-4-3 wp-has-aspect-ratio\"><div class=\"wp-block-embed__wrapper\">\n<iframe loading=\"lazy\" title=\"Audio Ignacio Cichero\" width=\"474\" height=\"356\" src=\"https:\/\/www.youtube.com\/embed\/pHoHeYyyAMM?feature=oembed\" frameborder=\"0\" allow=\"accelerometer; autoplay; clipboard-write; encrypted-media; gyroscope; picture-in-picture; web-share\" allowfullscreen><\/iframe>\n<\/div><\/figure>\n<div class='epvc-post-count'><span class='epvc-eye'><\/span>  <span class=\"epvc-count\"> 1.778<\/span><span class='epvc-label'> veces le\u00edda<\/span><\/div>\n<div class=\"jwsharethis\">\nShare this: \n<br \/>\n<a href=\"mailto:?subject=%C2%ABLa%20Federaci%C3%B3n%20hizo%20las%20cosas%20correctamente%C2%BB%20%28Audio%29&amp;body=https%3A%2F%2Flabestiadeportiva.com%2Flbd%2Fla-federacion-hizo-las-cosas-correctamente-audio%2F\">\n<img src=\"https:\/\/labestiadeportiva.com\/lbd\/wp-content\/plugins\/jw-share-this\/email.png\" alt=\"Share this page via Email\" \/>\n<\/a>\n<a target=\"_blank\" href=\"http:\/\/www.stumbleupon.com\/submit?url=https%3A%2F%2Flabestiadeportiva.com%2Flbd%2Fla-federacion-hizo-las-cosas-correctamente-audio%2F&amp;title=%C2%ABLa+Federaci%C3%B3n+hizo+las+cosas+correctamente%C2%BB+%28Audio%29\">\n<img src=\"https:\/\/labestiadeportiva.com\/lbd\/wp-content\/plugins\/jw-share-this\/su.png\" alt=\"Share this page via Stumble Upon\" \/>\n<\/a>\n<a target=\"_blank\" href=\"http:\/\/digg.com\/submit?url=https%3A%2F%2Flabestiadeportiva.com%2Flbd%2Fla-federacion-hizo-las-cosas-correctamente-audio%2F&amp;title=%C2%ABLa+Federaci%C3%B3n+hizo+las+cosas+correctamente%C2%BB+%28Audio%29\">\n<img src=\"https:\/\/labestiadeportiva.com\/lbd\/wp-content\/plugins\/jw-share-this\/digg.png\" alt=\"Share this page via Digg this\" \/>\n<\/a>\n<a target=\"_blank\" href=\"http:\/\/www.facebook.com\/sharer.php?u=https%3A%2F%2Flabestiadeportiva.com%2Flbd%2Fla-federacion-hizo-las-cosas-correctamente-audio%2F&amp;t=%C2%ABLa+Federaci%C3%B3n+hizo+las+cosas+correctamente%C2%BB+%28Audio%29\">\n<img src=\"https:\/\/labestiadeportiva.com\/lbd\/wp-content\/plugins\/jw-share-this\/fb.png\" alt=\"Share this page via Facebook\" \/>\n<\/a>\n<a target=\"_blank\" href=\"http:\/\/twitter.com\/intent\/tweet?text=I+like+https%3A%2F%2Flabestiadeportiva.com%2Flbd%2Fla-federacion-hizo-las-cosas-correctamente-audio%2F&amp;title=%C2%ABLa+Federaci%C3%B3n+hizo+las+cosas+correctamente%C2%BB+%28Audio%29\">\n<img src=\"https:\/\/labestiadeportiva.com\/lbd\/wp-content\/plugins\/jw-share-this\/twitter.png\" alt=\"Share this page via Twitter\" \/>\n<\/a>\n<\/div>\n","protected":false},"excerpt":{"rendered":"<p>La palabra oficial del m\u00e1ximo dirigente del Hockey Pista de Tierra del Fuego, Ignacio Cichero, sobre la participaci\u00f3n de los clubes Fueguinos en el Nacional \u00abA\u00bb que se disputar\u00e1 del 4 al 7 de mayo en Caleta Olivia. Cichero se explay\u00f3 sobre el reclamo de Los \u00d1ires, inform\u00f3 que la reglamentaci\u00f3n fue modificada por la &hellip; <a href=\"https:\/\/labestiadeportiva.com\/lbd\/la-federacion-hizo-las-cosas-correctamente-audio\/\" class=\"more-link\">Seguir leyendo <span class=\"screen-reader-text\">\u00abLa Federaci\u00f3n hizo las cosas correctamente\u00bb (Audio)<\/span> <span class=\"meta-nav\">&rarr;<\/span><\/a><\/p>\n","protected":false},"author":1,"featured_media":0,"comment_status":"open","ping_status":"open","sticky":false,"template":"","format":"standard","meta":[],"categories":[5,6,60,2325,1],"tags":[1024,4838,120,32,5029],"_links":{"self":[{"href":"https:\/\/labestiadeportiva.com\/lbd\/wp-json\/wp\/v2\/posts\/45898"}],"collection":[{"href":"https:\/\/labestiadeportiva.com\/lbd\/wp-json\/wp\/v2\/posts"}],"about":[{"href":"https:\/\/labestiadeportiva.com\/lbd\/wp-json\/wp\/v2\/types\/post"}],"author":[{"embeddable":true,"href":"https:\/\/labestiadeportiva.com\/lbd\/wp-json\/wp\/v2\/users\/1"}],"replies":[{"embeddable":true,"href":"https:\/\/labestiadeportiva.com\/lbd\/wp-json\/wp\/v2\/comments?post=45898"}],"version-history":[{"count":1,"href":"https:\/\/labestiadeportiva.com\/lbd\/wp-json\/wp\/v2\/posts\/45898\/revisions"}],"predecessor-version":[{"id":45900,"href":"https:\/\/labestiadeportiva.com\/lbd\/wp-json\/wp\/v2\/posts\/45898\/revisions\/45900"}],"wp:attachment":[{"href":"https:\/\/labestiadeportiva.com\/lbd\/wp-json\/wp\/v2\/media?parent=45898"}],"wp:term":[{"taxonomy":"category","embeddable":true,"href":"https:\/\/labestiadeportiva.com\/lbd\/wp-json\/wp\/v2\/categories?post=45898"},{"taxonomy":"post_tag","embeddable":true,"href":"https:\/\/labestiadeportiva.com\/lbd\/wp-json\/wp\/v2\/tags?post=45898"}],"curies":[{"name":"wp","href":"https:\/\/api.w.org\/{rel}","templated":true}]}}