{"id":46046,"date":"2023-05-11T15:54:33","date_gmt":"2023-05-11T18:54:33","guid":{"rendered":"http:\/\/labestiadeportiva.com\/lbd\/?p=46046"},"modified":"2023-05-11T15:54:35","modified_gmt":"2023-05-11T18:54:35","slug":"renata-y-lucas-en-entre-rios-pensando-en-colombia-audio","status":"publish","type":"post","link":"https:\/\/labestiadeportiva.com\/lbd\/renata-y-lucas-en-entre-rios-pensando-en-colombia-audio\/","title":{"rendered":"Renata y Lucas en Entre R\u00edos pensando en Colombia (Audio)"},"content":{"rendered":"\n<figure class=\"wp-block-image size-large\"><a href=\"http:\/\/labestiadeportiva.com\/lbd\/wp-content\/uploads\/2023\/05\/IMG-20230511-WA0097.jpg\"><img loading=\"lazy\" width=\"1024\" height=\"683\" src=\"http:\/\/labestiadeportiva.com\/lbd\/wp-content\/uploads\/2023\/05\/IMG-20230511-WA0097-1024x683.jpg\" alt=\"\" class=\"wp-image-46047\" srcset=\"https:\/\/labestiadeportiva.com\/lbd\/wp-content\/uploads\/2023\/05\/IMG-20230511-WA0097-1024x683.jpg 1024w, https:\/\/labestiadeportiva.com\/lbd\/wp-content\/uploads\/2023\/05\/IMG-20230511-WA0097-300x200.jpg 300w, https:\/\/labestiadeportiva.com\/lbd\/wp-content\/uploads\/2023\/05\/IMG-20230511-WA0097-768x512.jpg 768w, https:\/\/labestiadeportiva.com\/lbd\/wp-content\/uploads\/2023\/05\/IMG-20230511-WA0097-1536x1024.jpg 1536w, https:\/\/labestiadeportiva.com\/lbd\/wp-content\/uploads\/2023\/05\/IMG-20230511-WA0097-640x427.jpg 640w, https:\/\/labestiadeportiva.com\/lbd\/wp-content\/uploads\/2023\/05\/IMG-20230511-WA0097.jpg 1600w\" sizes=\"(max-width: 1024px) 100vw, 1024px\" \/><\/a><\/figure>\n\n\n\n<figure class=\"wp-block-image size-full is-resized\"><a href=\"http:\/\/labestiadeportiva.com\/lbd\/wp-content\/uploads\/2022\/11\/CARA_PEREZ-2.jpg\"><img loading=\"lazy\" src=\"http:\/\/labestiadeportiva.com\/lbd\/wp-content\/uploads\/2022\/11\/CARA_PEREZ-2.jpg\" alt=\"\" class=\"wp-image-43576\" width=\"320\" height=\"65\" srcset=\"https:\/\/labestiadeportiva.com\/lbd\/wp-content\/uploads\/2022\/11\/CARA_PEREZ-2.jpg 600w, https:\/\/labestiadeportiva.com\/lbd\/wp-content\/uploads\/2022\/11\/CARA_PEREZ-2-300x62.jpg 300w\" sizes=\"(max-width: 320px) 100vw, 320px\" \/><\/a><\/figure>\n\n\n\n<p>Atleta y entrenador, Renata Godoy junto a Lucas Doffo, ya se encuentran en Concepci\u00f3n del Uruguay. Compromiso nacional para la Fueguina quien luego se trasladar\u00e1 a CABA para a media semana partir con la Selecci\u00f3n Argentina rumbo al Sudamericano de Atletismo que tendr\u00e1 como sede la ciudad de Bogot\u00e1.<\/p>\n\n\n\n<p>El formador de la ushuaiense nos da los detalles. Compartimos el audio logrado este jueves en la 94.1 FM del Sur.<\/p>\n\n\n\n<!--more-->\n\n\n\n<p><\/p>\n\n\n\n<figure class=\"wp-block-embed is-type-video is-provider-youtube wp-block-embed-youtube wp-embed-aspect-4-3 wp-has-aspect-ratio\"><div class=\"wp-block-embed__wrapper\">\n<iframe loading=\"lazy\" title=\"Audio Lucas Doffo\" width=\"474\" height=\"356\" src=\"https:\/\/www.youtube.com\/embed\/5cgWAWYw5_o?feature=oembed\" frameborder=\"0\" allow=\"accelerometer; autoplay; clipboard-write; encrypted-media; gyroscope; picture-in-picture; web-share\" allowfullscreen><\/iframe>\n<\/div><\/figure>\n<div class='epvc-post-count'><span class='epvc-eye'><\/span>  <span class=\"epvc-count\"> 1.373<\/span><span class='epvc-label'> veces le\u00edda<\/span><\/div>\n<div class=\"jwsharethis\">\nShare this: \n<br \/>\n<a href=\"mailto:?subject=Renata%20y%20Lucas%20en%20Entre%20R%C3%ADos%20pensando%20en%20Colombia%20%28Audio%29&amp;body=https%3A%2F%2Flabestiadeportiva.com%2Flbd%2Frenata-y-lucas-en-entre-rios-pensando-en-colombia-audio%2F\">\n<img src=\"https:\/\/labestiadeportiva.com\/lbd\/wp-content\/plugins\/jw-share-this\/email.png\" alt=\"Share this page via Email\" \/>\n<\/a>\n<a target=\"_blank\" href=\"http:\/\/www.stumbleupon.com\/submit?url=https%3A%2F%2Flabestiadeportiva.com%2Flbd%2Frenata-y-lucas-en-entre-rios-pensando-en-colombia-audio%2F&amp;title=Renata+y+Lucas+en+Entre+R%C3%ADos+pensando+en+Colombia+%28Audio%29\">\n<img src=\"https:\/\/labestiadeportiva.com\/lbd\/wp-content\/plugins\/jw-share-this\/su.png\" alt=\"Share this page via Stumble Upon\" \/>\n<\/a>\n<a target=\"_blank\" href=\"http:\/\/digg.com\/submit?url=https%3A%2F%2Flabestiadeportiva.com%2Flbd%2Frenata-y-lucas-en-entre-rios-pensando-en-colombia-audio%2F&amp;title=Renata+y+Lucas+en+Entre+R%C3%ADos+pensando+en+Colombia+%28Audio%29\">\n<img src=\"https:\/\/labestiadeportiva.com\/lbd\/wp-content\/plugins\/jw-share-this\/digg.png\" alt=\"Share this page via Digg this\" \/>\n<\/a>\n<a target=\"_blank\" href=\"http:\/\/www.facebook.com\/sharer.php?u=https%3A%2F%2Flabestiadeportiva.com%2Flbd%2Frenata-y-lucas-en-entre-rios-pensando-en-colombia-audio%2F&amp;t=Renata+y+Lucas+en+Entre+R%C3%ADos+pensando+en+Colombia+%28Audio%29\">\n<img src=\"https:\/\/labestiadeportiva.com\/lbd\/wp-content\/plugins\/jw-share-this\/fb.png\" alt=\"Share this page via Facebook\" \/>\n<\/a>\n<a target=\"_blank\" href=\"http:\/\/twitter.com\/intent\/tweet?text=I+like+https%3A%2F%2Flabestiadeportiva.com%2Flbd%2Frenata-y-lucas-en-entre-rios-pensando-en-colombia-audio%2F&amp;title=Renata+y+Lucas+en+Entre+R%C3%ADos+pensando+en+Colombia+%28Audio%29\">\n<img src=\"https:\/\/labestiadeportiva.com\/lbd\/wp-content\/plugins\/jw-share-this\/twitter.png\" alt=\"Share this page via Twitter\" \/>\n<\/a>\n<\/div>\n","protected":false},"excerpt":{"rendered":"<p>Atleta y entrenador, Renata Godoy junto a Lucas Doffo, ya se encuentran en Concepci\u00f3n del Uruguay. Compromiso nacional para la Fueguina quien luego se trasladar\u00e1 a CABA para a media semana partir con la Selecci\u00f3n Argentina rumbo al Sudamericano de Atletismo que tendr\u00e1 como sede la ciudad de Bogot\u00e1. El formador de la ushuaiense nos &hellip; <a href=\"https:\/\/labestiadeportiva.com\/lbd\/renata-y-lucas-en-entre-rios-pensando-en-colombia-audio\/\" class=\"more-link\">Seguir leyendo <span class=\"screen-reader-text\">Renata y Lucas en Entre R\u00edos pensando en Colombia (Audio)<\/span> <span class=\"meta-nav\">&rarr;<\/span><\/a><\/p>\n","protected":false},"author":1,"featured_media":0,"comment_status":"open","ping_status":"open","sticky":false,"template":"","format":"standard","meta":[],"categories":[22,5,4,6,1],"tags":[4831,639,3558,4080,3676],"_links":{"self":[{"href":"https:\/\/labestiadeportiva.com\/lbd\/wp-json\/wp\/v2\/posts\/46046"}],"collection":[{"href":"https:\/\/labestiadeportiva.com\/lbd\/wp-json\/wp\/v2\/posts"}],"about":[{"href":"https:\/\/labestiadeportiva.com\/lbd\/wp-json\/wp\/v2\/types\/post"}],"author":[{"embeddable":true,"href":"https:\/\/labestiadeportiva.com\/lbd\/wp-json\/wp\/v2\/users\/1"}],"replies":[{"embeddable":true,"href":"https:\/\/labestiadeportiva.com\/lbd\/wp-json\/wp\/v2\/comments?post=46046"}],"version-history":[{"count":1,"href":"https:\/\/labestiadeportiva.com\/lbd\/wp-json\/wp\/v2\/posts\/46046\/revisions"}],"predecessor-version":[{"id":46048,"href":"https:\/\/labestiadeportiva.com\/lbd\/wp-json\/wp\/v2\/posts\/46046\/revisions\/46048"}],"wp:attachment":[{"href":"https:\/\/labestiadeportiva.com\/lbd\/wp-json\/wp\/v2\/media?parent=46046"}],"wp:term":[{"taxonomy":"category","embeddable":true,"href":"https:\/\/labestiadeportiva.com\/lbd\/wp-json\/wp\/v2\/categories?post=46046"},{"taxonomy":"post_tag","embeddable":true,"href":"https:\/\/labestiadeportiva.com\/lbd\/wp-json\/wp\/v2\/tags?post=46046"}],"curies":[{"name":"wp","href":"https:\/\/api.w.org\/{rel}","templated":true}]}}