{"id":46153,"date":"2023-05-20T22:23:04","date_gmt":"2023-05-21T01:23:04","guid":{"rendered":"http:\/\/labestiadeportiva.com\/lbd\/?p=46153"},"modified":"2023-05-21T10:39:31","modified_gmt":"2023-05-21T13:39:31","slug":"tricampeona-sudamericana-reny-lo-hizo-otra-vez","status":"publish","type":"post","link":"https:\/\/labestiadeportiva.com\/lbd\/tricampeona-sudamericana-reny-lo-hizo-otra-vez\/","title":{"rendered":"Tricampeona Sudamericana, \u00abReny\u00bb lo hizo otra vez!"},"content":{"rendered":"\n<figure class=\"wp-block-image size-large\"><a href=\"http:\/\/labestiadeportiva.com\/lbd\/wp-content\/uploads\/2023\/05\/IMG-20230520-WA0099.jpg\"><img loading=\"lazy\" width=\"768\" height=\"1024\" src=\"http:\/\/labestiadeportiva.com\/lbd\/wp-content\/uploads\/2023\/05\/IMG-20230520-WA0099-768x1024.jpg\" alt=\"\" class=\"wp-image-46162\" srcset=\"https:\/\/labestiadeportiva.com\/lbd\/wp-content\/uploads\/2023\/05\/IMG-20230520-WA0099-768x1024.jpg 768w, https:\/\/labestiadeportiva.com\/lbd\/wp-content\/uploads\/2023\/05\/IMG-20230520-WA0099-225x300.jpg 225w, https:\/\/labestiadeportiva.com\/lbd\/wp-content\/uploads\/2023\/05\/IMG-20230520-WA0099-1152x1536.jpg 1152w, https:\/\/labestiadeportiva.com\/lbd\/wp-content\/uploads\/2023\/05\/IMG-20230520-WA0099-640x853.jpg 640w, https:\/\/labestiadeportiva.com\/lbd\/wp-content\/uploads\/2023\/05\/IMG-20230520-WA0099.jpg 1200w\" sizes=\"(max-width: 768px) 100vw, 768px\" \/><\/a><\/figure>\n\n\n\n<figure class=\"wp-block-image size-full is-resized\"><a href=\"http:\/\/labestiadeportiva.com\/lbd\/wp-content\/uploads\/2022\/11\/CARA_PEREZ-2.jpg\"><img loading=\"lazy\" src=\"http:\/\/labestiadeportiva.com\/lbd\/wp-content\/uploads\/2022\/11\/CARA_PEREZ-2.jpg\" alt=\"\" class=\"wp-image-43576\" width=\"343\" height=\"70\" srcset=\"https:\/\/labestiadeportiva.com\/lbd\/wp-content\/uploads\/2022\/11\/CARA_PEREZ-2.jpg 600w, https:\/\/labestiadeportiva.com\/lbd\/wp-content\/uploads\/2022\/11\/CARA_PEREZ-2-300x62.jpg 300w\" sizes=\"(max-width: 343px) 100vw, 343px\" \/><\/a><\/figure>\n\n\n\n<p>La atleta ushuaiense, Renata Godoy,  se adjudic\u00f3 el Campeonato Sudamericano U20 disputado en Bogota, Colombia en la modalidad Heptatl\u00f3n(Pruebas Combinadas) con un s\u00e1bado de ensue\u00f1o. Las brasile\u00f1as Mees y Leite completaron el podio. La fueguina acumul\u00f3 5.123 puntos. La disciplina pide a gritos una pista sint\u00e9tica,  se lo merece con creces.<\/p>\n\n\n\n<!--more-->\n\n\n\n<p>Tercer t\u00edtulo Sudamericano consecutivo para la talentosa atleta ushuaiense, cabe recordar que se hab\u00edan quedado con el 1 durante el 2021 y 2022 en el segmento U18.<\/p>\n\n\n\n<p>A puro coraje la sure\u00f1a se qued\u00f3 con los 800 metros finales superando a Taimara Mees desatando la locura en la delegaci\u00f3n argenta.<\/p>\n\n\n\n<p>En cuanto a los n\u00fameros finales de \u00abReny\u00bb 14.74 en los 100 metros con vallas, 1.59 en Salto en Alto, 11.40 Lanzamiento de Bala, 25.28 en 200 metros, 5.50 en Salto en Largo, 38.18 Jabalina y 2.28.74 en los 800 metros.<\/p>\n\n\n\n<p>Orgullo, emoci\u00f3n, reconocimiento y admiraci\u00f3n para Renata y sus formadores quienes a base de trabajo y compromiso lograron este presente so\u00f1ado y sin techo a la vista.<\/p>\n\n\n\n<p>Quiero cerrar  la nota recordando y compartiendo el enlace de la entrevista con Renata correspondiente a la tercera temporada del ciclo televisivo #Embajadores TDF efectuada en la pista municipal Oscar \u00abCabezon\u00bb Oyarz\u00fan que comenzaba con un di\u00e1logo m\u00e1s o menos as\u00ed: <\/p>\n\n\n\n<p>\u00abAc\u00e1 entrenan todos los d\u00edas? Si. Pero esto es tierra. Despu\u00e9s cuando vamos tenemos que adaptarnos al tart\u00e1n y las zapatillas con clavos\u00bb.<\/p>\n\n\n\n<p>Pasaron tres a\u00f1os y tres t\u00edtulos sudamericanos para ella, la gente del atletismo sigue esperando.<\/p>\n\n\n\n<figure class=\"wp-block-embed is-type-video is-provider-youtube wp-block-embed-youtube wp-embed-aspect-16-9 wp-has-aspect-ratio\"><div class=\"wp-block-embed__wrapper\">\n<iframe loading=\"lazy\" title=\"EMBAJADORES - Temporada 3 - Cap\u00edtulo 2: Renata Godoy\" width=\"474\" height=\"267\" src=\"https:\/\/www.youtube.com\/embed\/YQvt_w14p_I?feature=oembed\" frameborder=\"0\" allow=\"accelerometer; autoplay; clipboard-write; encrypted-media; gyroscope; picture-in-picture; web-share\" allowfullscreen><\/iframe>\n<\/div><\/figure>\n\n\n\n<figure class=\"wp-block-image size-full\"><a href=\"http:\/\/labestiadeportiva.com\/lbd\/wp-content\/uploads\/2023\/05\/IMG-20230520-WA00982.jpg\"><img loading=\"lazy\" width=\"422\" height=\"726\" src=\"http:\/\/labestiadeportiva.com\/lbd\/wp-content\/uploads\/2023\/05\/IMG-20230520-WA00982.jpg\" alt=\"\" class=\"wp-image-46163\" srcset=\"https:\/\/labestiadeportiva.com\/lbd\/wp-content\/uploads\/2023\/05\/IMG-20230520-WA00982.jpg 422w, https:\/\/labestiadeportiva.com\/lbd\/wp-content\/uploads\/2023\/05\/IMG-20230520-WA00982-174x300.jpg 174w\" sizes=\"(max-width: 422px) 100vw, 422px\" \/><\/a><\/figure>\n\n\n\n<p><a href=\"\"><\/a><\/p>\n\n\n\n<p><a href=\"\"><\/a><\/p>\n<div class='epvc-post-count'><span class='epvc-eye'><\/span>  <span class=\"epvc-count\"> 1.615<\/span><span class='epvc-label'> veces le\u00edda<\/span><\/div>\n<div class=\"jwsharethis\">\nShare this: \n<br \/>\n<a href=\"mailto:?subject=Tricampeona%20Sudamericana%2C%20%C2%ABReny%C2%BB%20lo%20hizo%20otra%20vez%21&amp;body=https%3A%2F%2Flabestiadeportiva.com%2Flbd%2Ftricampeona-sudamericana-reny-lo-hizo-otra-vez%2F\">\n<img src=\"https:\/\/labestiadeportiva.com\/lbd\/wp-content\/plugins\/jw-share-this\/email.png\" alt=\"Share this page via Email\" \/>\n<\/a>\n<a target=\"_blank\" href=\"http:\/\/www.stumbleupon.com\/submit?url=https%3A%2F%2Flabestiadeportiva.com%2Flbd%2Ftricampeona-sudamericana-reny-lo-hizo-otra-vez%2F&amp;title=Tricampeona+Sudamericana%2C+%C2%ABReny%C2%BB+lo+hizo+otra+vez%21\">\n<img src=\"https:\/\/labestiadeportiva.com\/lbd\/wp-content\/plugins\/jw-share-this\/su.png\" alt=\"Share this page via Stumble Upon\" \/>\n<\/a>\n<a target=\"_blank\" href=\"http:\/\/digg.com\/submit?url=https%3A%2F%2Flabestiadeportiva.com%2Flbd%2Ftricampeona-sudamericana-reny-lo-hizo-otra-vez%2F&amp;title=Tricampeona+Sudamericana%2C+%C2%ABReny%C2%BB+lo+hizo+otra+vez%21\">\n<img src=\"https:\/\/labestiadeportiva.com\/lbd\/wp-content\/plugins\/jw-share-this\/digg.png\" alt=\"Share this page via Digg this\" \/>\n<\/a>\n<a target=\"_blank\" href=\"http:\/\/www.facebook.com\/sharer.php?u=https%3A%2F%2Flabestiadeportiva.com%2Flbd%2Ftricampeona-sudamericana-reny-lo-hizo-otra-vez%2F&amp;t=Tricampeona+Sudamericana%2C+%C2%ABReny%C2%BB+lo+hizo+otra+vez%21\">\n<img src=\"https:\/\/labestiadeportiva.com\/lbd\/wp-content\/plugins\/jw-share-this\/fb.png\" alt=\"Share this page via Facebook\" \/>\n<\/a>\n<a target=\"_blank\" href=\"http:\/\/twitter.com\/intent\/tweet?text=I+like+https%3A%2F%2Flabestiadeportiva.com%2Flbd%2Ftricampeona-sudamericana-reny-lo-hizo-otra-vez%2F&amp;title=Tricampeona+Sudamericana%2C+%C2%ABReny%C2%BB+lo+hizo+otra+vez%21\">\n<img src=\"https:\/\/labestiadeportiva.com\/lbd\/wp-content\/plugins\/jw-share-this\/twitter.png\" alt=\"Share this page via Twitter\" \/>\n<\/a>\n<\/div>\n","protected":false},"excerpt":{"rendered":"<p>La atleta ushuaiense, Renata Godoy, se adjudic\u00f3 el Campeonato Sudamericano U20 disputado en Bogota, Colombia en la modalidad Heptatl\u00f3n(Pruebas Combinadas) con un s\u00e1bado de ensue\u00f1o. Las brasile\u00f1as Mees y Leite completaron el podio. La fueguina acumul\u00f3 5.123 puntos. La disciplina pide a gritos una pista sint\u00e9tica, se lo merece con creces. 1.615 veces le\u00edda Share &hellip; <a href=\"https:\/\/labestiadeportiva.com\/lbd\/tricampeona-sudamericana-reny-lo-hizo-otra-vez\/\" class=\"more-link\">Seguir leyendo <span class=\"screen-reader-text\">Tricampeona Sudamericana, \u00abReny\u00bb lo hizo otra vez!<\/span> <span class=\"meta-nav\">&rarr;<\/span><\/a><\/p>\n","protected":false},"author":1,"featured_media":0,"comment_status":"open","ping_status":"open","sticky":false,"template":"","format":"standard","meta":[],"categories":[22,5,4,6,1],"tags":[4831,4983,5053,5052,5051],"_links":{"self":[{"href":"https:\/\/labestiadeportiva.com\/lbd\/wp-json\/wp\/v2\/posts\/46153"}],"collection":[{"href":"https:\/\/labestiadeportiva.com\/lbd\/wp-json\/wp\/v2\/posts"}],"about":[{"href":"https:\/\/labestiadeportiva.com\/lbd\/wp-json\/wp\/v2\/types\/post"}],"author":[{"embeddable":true,"href":"https:\/\/labestiadeportiva.com\/lbd\/wp-json\/wp\/v2\/users\/1"}],"replies":[{"embeddable":true,"href":"https:\/\/labestiadeportiva.com\/lbd\/wp-json\/wp\/v2\/comments?post=46153"}],"version-history":[{"count":5,"href":"https:\/\/labestiadeportiva.com\/lbd\/wp-json\/wp\/v2\/posts\/46153\/revisions"}],"predecessor-version":[{"id":46169,"href":"https:\/\/labestiadeportiva.com\/lbd\/wp-json\/wp\/v2\/posts\/46153\/revisions\/46169"}],"wp:attachment":[{"href":"https:\/\/labestiadeportiva.com\/lbd\/wp-json\/wp\/v2\/media?parent=46153"}],"wp:term":[{"taxonomy":"category","embeddable":true,"href":"https:\/\/labestiadeportiva.com\/lbd\/wp-json\/wp\/v2\/categories?post=46153"},{"taxonomy":"post_tag","embeddable":true,"href":"https:\/\/labestiadeportiva.com\/lbd\/wp-json\/wp\/v2\/tags?post=46153"}],"curies":[{"name":"wp","href":"https:\/\/api.w.org\/{rel}","templated":true}]}}