{"id":46290,"date":"2023-06-07T21:33:27","date_gmt":"2023-06-08T00:33:27","guid":{"rendered":"http:\/\/labestiadeportiva.com\/lbd\/?p=46290"},"modified":"2023-06-07T21:49:30","modified_gmt":"2023-06-08T00:49:30","slug":"boca-a-octavos-a-lo-boca","status":"publish","type":"post","link":"https:\/\/labestiadeportiva.com\/lbd\/boca-a-octavos-a-lo-boca\/","title":{"rendered":"Boca a Octavos&#8230;a lo Boca"},"content":{"rendered":"\n<figure class=\"wp-block-image size-full\"><a href=\"http:\/\/labestiadeportiva.com\/lbd\/wp-content\/uploads\/2023\/06\/advincula_416x2342.jpg\"><img loading=\"lazy\" width=\"416\" height=\"234\" src=\"http:\/\/labestiadeportiva.com\/lbd\/wp-content\/uploads\/2023\/06\/advincula_416x2342.jpg\" alt=\"\" class=\"wp-image-46291\" srcset=\"https:\/\/labestiadeportiva.com\/lbd\/wp-content\/uploads\/2023\/06\/advincula_416x2342.jpg 416w, https:\/\/labestiadeportiva.com\/lbd\/wp-content\/uploads\/2023\/06\/advincula_416x2342-300x169.jpg 300w\" sizes=\"(max-width: 416px) 100vw, 416px\" \/><\/a><\/figure>\n\n\n\n<figure class=\"wp-block-image size-full is-resized\"><a href=\"http:\/\/labestiadeportiva.com\/lbd\/wp-content\/uploads\/2022\/11\/CARA_BAROLI-1.jpg\"><img loading=\"lazy\" src=\"http:\/\/labestiadeportiva.com\/lbd\/wp-content\/uploads\/2022\/11\/CARA_BAROLI-1.jpg\" alt=\"\" class=\"wp-image-43574\" width=\"354\" height=\"72\" srcset=\"https:\/\/labestiadeportiva.com\/lbd\/wp-content\/uploads\/2022\/11\/CARA_BAROLI-1.jpg 600w, https:\/\/labestiadeportiva.com\/lbd\/wp-content\/uploads\/2022\/11\/CARA_BAROLI-1-300x62.jpg 300w\" sizes=\"(max-width: 354px) 100vw, 354px\" \/><\/a><\/figure>\n\n\n\n<p>Boca Juniors le gan\u00f3 1 a 0 a Colo Colo y se clasific\u00f3 a los Octavos de Final de la Copa Libertadores. El Xeneize se impuso por el golazo de \u00abChelo\u00bb Weigandt, es el l\u00edder del Grupo F con 10 puntos y se asegur\u00f3 el pase de ronda a falta de una fecha.<\/p>\n\n\n\n<!--more-->\n\n\n\n<p>Boca Juniors le gan\u00f3 a Colo Colo con un golazo de \u00abChelo\u00bb Weigandt y se asegur\u00f3 la clasificaci\u00f3n a los Octavos de Final de la Copa Libertadores, a falta de una fecha para el cierre de la fase de grupos.<\/p>\n\n\n\n<p>El Xeneize es el l\u00edder del Grupo F con 10 puntos, seguido por Deportivo Pereira con 7, Monagas y Colo Colo con 5. La \u00faltima fecha, Boca recibir\u00e1 al equipo venezolano y los chilenos har\u00e1n lo propio en Santiago ante los colombianos. Con solo empatar se asegurar\u00e1 el primer puesto en su grupo.<\/p>\n\n\n\n<p>La nota preocupante de la noche se dio durante el partido, ya que perdi\u00f3 a dos delanteros por lesiones musculares. Debieron salir reemplazados Luca Langoni y Miguel Merentiel, que cinco minutos antes hab\u00eda reemplazado a Benedetto.<\/p>\n\n\n\n<p>Las complicaciones no terminaron ah\u00ed. En los minutos siguientes, Luis Adv\u00edncula y Frank Fabra, tambi\u00e9n encendieron las alarmas. Hicieron el esfuerzo de continuar porque Jorge Almir\u00f3n ya hab\u00eda agotado las ventanas de cambios. Sin embargo terminaron dentro de la cancha y se ganaron la ovaci\u00f3n de la gente.<\/p>\n<div class='epvc-post-count'><span class='epvc-eye'><\/span>  <span class=\"epvc-count\"> 1.599<\/span><span class='epvc-label'> veces le\u00edda<\/span><\/div>\n<div class=\"jwsharethis\">\nShare this: \n<br \/>\n<a href=\"mailto:?subject=Boca%20a%20Octavos%26%238230%3Ba%20lo%20Boca&amp;body=https%3A%2F%2Flabestiadeportiva.com%2Flbd%2Fboca-a-octavos-a-lo-boca%2F\">\n<img src=\"https:\/\/labestiadeportiva.com\/lbd\/wp-content\/plugins\/jw-share-this\/email.png\" alt=\"Share this page via Email\" \/>\n<\/a>\n<a target=\"_blank\" href=\"http:\/\/www.stumbleupon.com\/submit?url=https%3A%2F%2Flabestiadeportiva.com%2Flbd%2Fboca-a-octavos-a-lo-boca%2F&amp;title=Boca+a+Octavos%26%238230%3Ba+lo+Boca\">\n<img src=\"https:\/\/labestiadeportiva.com\/lbd\/wp-content\/plugins\/jw-share-this\/su.png\" alt=\"Share this page via Stumble Upon\" \/>\n<\/a>\n<a target=\"_blank\" href=\"http:\/\/digg.com\/submit?url=https%3A%2F%2Flabestiadeportiva.com%2Flbd%2Fboca-a-octavos-a-lo-boca%2F&amp;title=Boca+a+Octavos%26%238230%3Ba+lo+Boca\">\n<img src=\"https:\/\/labestiadeportiva.com\/lbd\/wp-content\/plugins\/jw-share-this\/digg.png\" alt=\"Share this page via Digg this\" \/>\n<\/a>\n<a target=\"_blank\" href=\"http:\/\/www.facebook.com\/sharer.php?u=https%3A%2F%2Flabestiadeportiva.com%2Flbd%2Fboca-a-octavos-a-lo-boca%2F&amp;t=Boca+a+Octavos%26%238230%3Ba+lo+Boca\">\n<img src=\"https:\/\/labestiadeportiva.com\/lbd\/wp-content\/plugins\/jw-share-this\/fb.png\" alt=\"Share this page via Facebook\" \/>\n<\/a>\n<a target=\"_blank\" href=\"http:\/\/twitter.com\/intent\/tweet?text=I+like+https%3A%2F%2Flabestiadeportiva.com%2Flbd%2Fboca-a-octavos-a-lo-boca%2F&amp;title=Boca+a+Octavos%26%238230%3Ba+lo+Boca\">\n<img src=\"https:\/\/labestiadeportiva.com\/lbd\/wp-content\/plugins\/jw-share-this\/twitter.png\" alt=\"Share this page via Twitter\" \/>\n<\/a>\n<\/div>\n","protected":false},"excerpt":{"rendered":"<p>Boca Juniors le gan\u00f3 1 a 0 a Colo Colo y se clasific\u00f3 a los Octavos de Final de la Copa Libertadores. El Xeneize se impuso por el golazo de \u00abChelo\u00bb Weigandt, es el l\u00edder del Grupo F con 10 puntos y se asegur\u00f3 el pase de ronda a falta de una fecha. 1.599 veces &hellip; <a href=\"https:\/\/labestiadeportiva.com\/lbd\/boca-a-octavos-a-lo-boca\/\" class=\"more-link\">Seguir leyendo <span class=\"screen-reader-text\">Boca a Octavos&#8230;a lo Boca<\/span> <span class=\"meta-nav\">&rarr;<\/span><\/a><\/p>\n","protected":false},"author":1,"featured_media":0,"comment_status":"open","ping_status":"open","sticky":false,"template":"","format":"standard","meta":[],"categories":[4,2292,1],"tags":[831,465,4830,83],"_links":{"self":[{"href":"https:\/\/labestiadeportiva.com\/lbd\/wp-json\/wp\/v2\/posts\/46290"}],"collection":[{"href":"https:\/\/labestiadeportiva.com\/lbd\/wp-json\/wp\/v2\/posts"}],"about":[{"href":"https:\/\/labestiadeportiva.com\/lbd\/wp-json\/wp\/v2\/types\/post"}],"author":[{"embeddable":true,"href":"https:\/\/labestiadeportiva.com\/lbd\/wp-json\/wp\/v2\/users\/1"}],"replies":[{"embeddable":true,"href":"https:\/\/labestiadeportiva.com\/lbd\/wp-json\/wp\/v2\/comments?post=46290"}],"version-history":[{"count":2,"href":"https:\/\/labestiadeportiva.com\/lbd\/wp-json\/wp\/v2\/posts\/46290\/revisions"}],"predecessor-version":[{"id":46294,"href":"https:\/\/labestiadeportiva.com\/lbd\/wp-json\/wp\/v2\/posts\/46290\/revisions\/46294"}],"wp:attachment":[{"href":"https:\/\/labestiadeportiva.com\/lbd\/wp-json\/wp\/v2\/media?parent=46290"}],"wp:term":[{"taxonomy":"category","embeddable":true,"href":"https:\/\/labestiadeportiva.com\/lbd\/wp-json\/wp\/v2\/categories?post=46290"},{"taxonomy":"post_tag","embeddable":true,"href":"https:\/\/labestiadeportiva.com\/lbd\/wp-json\/wp\/v2\/tags?post=46290"}],"curies":[{"name":"wp","href":"https:\/\/api.w.org\/{rel}","templated":true}]}}