{"id":46301,"date":"2023-06-11T01:07:06","date_gmt":"2023-06-11T04:07:06","guid":{"rendered":"http:\/\/labestiadeportiva.com\/lbd\/?p=46301"},"modified":"2023-06-11T01:07:08","modified_gmt":"2023-06-11T04:07:08","slug":"manchester-city-campeon-con-sello-argentino","status":"publish","type":"post","link":"https:\/\/labestiadeportiva.com\/lbd\/manchester-city-campeon-con-sello-argentino\/","title":{"rendered":"Manchester City, campe\u00f3n con sello Argentino"},"content":{"rendered":"\n<figure class=\"wp-block-image size-large is-resized\"><a href=\"http:\/\/labestiadeportiva.com\/lbd\/wp-content\/uploads\/2023\/06\/FB_IMG_1686455618518.jpg\"><img loading=\"lazy\" src=\"http:\/\/labestiadeportiva.com\/lbd\/wp-content\/uploads\/2023\/06\/FB_IMG_1686455618518-1024x669.jpg\" alt=\"\" class=\"wp-image-46302\" width=\"414\" height=\"270\" srcset=\"https:\/\/labestiadeportiva.com\/lbd\/wp-content\/uploads\/2023\/06\/FB_IMG_1686455618518-1024x669.jpg 1024w, https:\/\/labestiadeportiva.com\/lbd\/wp-content\/uploads\/2023\/06\/FB_IMG_1686455618518-300x196.jpg 300w, https:\/\/labestiadeportiva.com\/lbd\/wp-content\/uploads\/2023\/06\/FB_IMG_1686455618518-768x502.jpg 768w, https:\/\/labestiadeportiva.com\/lbd\/wp-content\/uploads\/2023\/06\/FB_IMG_1686455618518-640x418.jpg 640w, https:\/\/labestiadeportiva.com\/lbd\/wp-content\/uploads\/2023\/06\/FB_IMG_1686455618518.jpg 1080w\" sizes=\"(max-width: 414px) 100vw, 414px\" \/><\/a><\/figure>\n\n\n\n<figure class=\"wp-block-image size-full is-resized\"><a href=\"http:\/\/labestiadeportiva.com\/lbd\/wp-content\/uploads\/2022\/11\/CARA_BAROLI-1.jpg\"><img loading=\"lazy\" src=\"http:\/\/labestiadeportiva.com\/lbd\/wp-content\/uploads\/2022\/11\/CARA_BAROLI-1.jpg\" alt=\"\" class=\"wp-image-43574\" width=\"319\" height=\"65\" srcset=\"https:\/\/labestiadeportiva.com\/lbd\/wp-content\/uploads\/2022\/11\/CARA_BAROLI-1.jpg 600w, https:\/\/labestiadeportiva.com\/lbd\/wp-content\/uploads\/2022\/11\/CARA_BAROLI-1-300x62.jpg 300w\" sizes=\"(max-width: 319px) 100vw, 319px\" \/><\/a><\/figure>\n\n\n\n<p>Manchester City venci\u00f3 a Inter y se consagr\u00f3 campe\u00f3n de la Champions League por primera vez en su historia y desat\u00f3 la locura de sus hinchas. Rodri marc\u00f3 el \u00fanico gol del partido para los dirigidos por Pep Guardiola que se impusieron en Estambul.<\/p>\n\n\n\n<!--more-->\n\n\n\n<p>Y un d\u00eda se rompi\u00f3 el maleficio y de la mano de Pep Guardiola, el City grit\u00f3 campe\u00f3n de la \u00abOrejona\u00bb. Con gol del espa\u00f1ol Rodrigo en el minuto 68 le permiti\u00f3 al equipo ingl\u00e9s romper la maldici\u00f3n que lo atormentaba en Europa y derrotar este s\u00e1bado en la final de Estambul al Inter de Mil\u00e1n por 1 a 0.<\/p>\n\n\n\n<p>A pesar de la conquista, el conjunto de Pep Guardiola no jug\u00f3 en su nivel y sufri\u00f3 hasta el \u00faltimo segundo, cuando el arquero Ederson se convirti\u00f3 en figura. Encima sufri\u00f3 la lesi\u00f3n de Kevin de Bruyne en la primera parte. Pese a \u00e9sto, Guardiola pudo ganar tambi\u00e9n su primera Champions lejos de Barcelona, donde hab\u00eda logrado los t\u00edtulos en 2009 y 2011.<\/p>\n\n\n\n<p>Tres fueron los argentinos que formaron parte de la cita estelar. Juli\u00e1n \u00c1lvarez y M\u00e1ximo Perrone para el campe\u00f3n, mas el laborioso pero sin situaciones claras de gol Lautaro Martinez para el Inter de Mil\u00e1n. Lukaku tuvo las m\u00e1s claras para los italianos, pero Ederson en la l\u00ednea, lo priv\u00f3 de lo que hubiera sido el empate parcial.<\/p>\n\n\n\n<p>Volviendo a Juli\u00e1n Alvarez, el delantero no sum\u00f3 minutos en la final, pero este t\u00edtulo de campe\u00f3n de Europa se suma a lo que ha sido una temporada de pura gloria para \u00e9l,  convirti\u00e9ndose  en el primer argentino en obtener la Copa Libertadores, la Copa Am\u00e9rica, la Champions League y el Mundial.<\/p>\n\n\n\n<figure class=\"wp-block-image size-large\"><a href=\"http:\/\/labestiadeportiva.com\/lbd\/wp-content\/uploads\/2023\/06\/FB_IMG_1686455642112.jpg\"><img loading=\"lazy\" width=\"1024\" height=\"643\" src=\"http:\/\/labestiadeportiva.com\/lbd\/wp-content\/uploads\/2023\/06\/FB_IMG_1686455642112-1024x643.jpg\" alt=\"\" class=\"wp-image-46303\" srcset=\"https:\/\/labestiadeportiva.com\/lbd\/wp-content\/uploads\/2023\/06\/FB_IMG_1686455642112-1024x643.jpg 1024w, https:\/\/labestiadeportiva.com\/lbd\/wp-content\/uploads\/2023\/06\/FB_IMG_1686455642112-300x188.jpg 300w, https:\/\/labestiadeportiva.com\/lbd\/wp-content\/uploads\/2023\/06\/FB_IMG_1686455642112-768x482.jpg 768w, https:\/\/labestiadeportiva.com\/lbd\/wp-content\/uploads\/2023\/06\/FB_IMG_1686455642112-640x402.jpg 640w, https:\/\/labestiadeportiva.com\/lbd\/wp-content\/uploads\/2023\/06\/FB_IMG_1686455642112.jpg 1080w\" sizes=\"(max-width: 1024px) 100vw, 1024px\" \/><\/a><\/figure>\n<div class='epvc-post-count'><span class='epvc-eye'><\/span>  <span class=\"epvc-count\"> 1.782<\/span><span class='epvc-label'> veces le\u00edda<\/span><\/div>\n<div class=\"jwsharethis\">\nShare this: \n<br \/>\n<a href=\"mailto:?subject=Manchester%20City%2C%20campe%C3%B3n%20con%20sello%20Argentino&amp;body=https%3A%2F%2Flabestiadeportiva.com%2Flbd%2Fmanchester-city-campeon-con-sello-argentino%2F\">\n<img src=\"https:\/\/labestiadeportiva.com\/lbd\/wp-content\/plugins\/jw-share-this\/email.png\" alt=\"Share this page via Email\" \/>\n<\/a>\n<a target=\"_blank\" href=\"http:\/\/www.stumbleupon.com\/submit?url=https%3A%2F%2Flabestiadeportiva.com%2Flbd%2Fmanchester-city-campeon-con-sello-argentino%2F&amp;title=Manchester+City%2C+campe%C3%B3n+con+sello+Argentino\">\n<img src=\"https:\/\/labestiadeportiva.com\/lbd\/wp-content\/plugins\/jw-share-this\/su.png\" alt=\"Share this page via Stumble Upon\" \/>\n<\/a>\n<a target=\"_blank\" href=\"http:\/\/digg.com\/submit?url=https%3A%2F%2Flabestiadeportiva.com%2Flbd%2Fmanchester-city-campeon-con-sello-argentino%2F&amp;title=Manchester+City%2C+campe%C3%B3n+con+sello+Argentino\">\n<img src=\"https:\/\/labestiadeportiva.com\/lbd\/wp-content\/plugins\/jw-share-this\/digg.png\" alt=\"Share this page via Digg this\" \/>\n<\/a>\n<a target=\"_blank\" href=\"http:\/\/www.facebook.com\/sharer.php?u=https%3A%2F%2Flabestiadeportiva.com%2Flbd%2Fmanchester-city-campeon-con-sello-argentino%2F&amp;t=Manchester+City%2C+campe%C3%B3n+con+sello+Argentino\">\n<img src=\"https:\/\/labestiadeportiva.com\/lbd\/wp-content\/plugins\/jw-share-this\/fb.png\" alt=\"Share this page via Facebook\" \/>\n<\/a>\n<a target=\"_blank\" href=\"http:\/\/twitter.com\/intent\/tweet?text=I+like+https%3A%2F%2Flabestiadeportiva.com%2Flbd%2Fmanchester-city-campeon-con-sello-argentino%2F&amp;title=Manchester+City%2C+campe%C3%B3n+con+sello+Argentino\">\n<img src=\"https:\/\/labestiadeportiva.com\/lbd\/wp-content\/plugins\/jw-share-this\/twitter.png\" alt=\"Share this page via Twitter\" \/>\n<\/a>\n<\/div>\n","protected":false},"excerpt":{"rendered":"<p>Manchester City venci\u00f3 a Inter y se consagr\u00f3 campe\u00f3n de la Champions League por primera vez en su historia y desat\u00f3 la locura de sus hinchas. Rodri marc\u00f3 el \u00fanico gol del partido para los dirigidos por Pep Guardiola que se impusieron en Estambul. 1.782 veces le\u00edda Share this:<\/p>\n","protected":false},"author":1,"featured_media":0,"comment_status":"open","ping_status":"open","sticky":false,"template":"","format":"standard","meta":[],"categories":[3106,14,2586],"tags":[104,233,5072,83],"_links":{"self":[{"href":"https:\/\/labestiadeportiva.com\/lbd\/wp-json\/wp\/v2\/posts\/46301"}],"collection":[{"href":"https:\/\/labestiadeportiva.com\/lbd\/wp-json\/wp\/v2\/posts"}],"about":[{"href":"https:\/\/labestiadeportiva.com\/lbd\/wp-json\/wp\/v2\/types\/post"}],"author":[{"embeddable":true,"href":"https:\/\/labestiadeportiva.com\/lbd\/wp-json\/wp\/v2\/users\/1"}],"replies":[{"embeddable":true,"href":"https:\/\/labestiadeportiva.com\/lbd\/wp-json\/wp\/v2\/comments?post=46301"}],"version-history":[{"count":1,"href":"https:\/\/labestiadeportiva.com\/lbd\/wp-json\/wp\/v2\/posts\/46301\/revisions"}],"predecessor-version":[{"id":46304,"href":"https:\/\/labestiadeportiva.com\/lbd\/wp-json\/wp\/v2\/posts\/46301\/revisions\/46304"}],"wp:attachment":[{"href":"https:\/\/labestiadeportiva.com\/lbd\/wp-json\/wp\/v2\/media?parent=46301"}],"wp:term":[{"taxonomy":"category","embeddable":true,"href":"https:\/\/labestiadeportiva.com\/lbd\/wp-json\/wp\/v2\/categories?post=46301"},{"taxonomy":"post_tag","embeddable":true,"href":"https:\/\/labestiadeportiva.com\/lbd\/wp-json\/wp\/v2\/tags?post=46301"}],"curies":[{"name":"wp","href":"https:\/\/api.w.org\/{rel}","templated":true}]}}