{"id":46545,"date":"2023-07-05T22:55:19","date_gmt":"2023-07-06T01:55:19","guid":{"rendered":"http:\/\/labestiadeportiva.com\/lbd\/?p=46545"},"modified":"2023-07-05T23:33:50","modified_gmt":"2023-07-06T02:33:50","slug":"se-viene-la-primera-fiesta-nacional-del-invierno","status":"publish","type":"post","link":"https:\/\/labestiadeportiva.com\/lbd\/se-viene-la-primera-fiesta-nacional-del-invierno\/","title":{"rendered":"Llega la primera Fiesta Nacional del Invierno"},"content":{"rendered":"\n<figure class=\"wp-block-image size-large\"><a href=\"http:\/\/labestiadeportiva.com\/lbd\/wp-content\/uploads\/2023\/07\/foto-2.jpeg\"><img loading=\"lazy\" width=\"1024\" height=\"683\" src=\"http:\/\/labestiadeportiva.com\/lbd\/wp-content\/uploads\/2023\/07\/foto-2-1024x683.jpeg\" alt=\"\" class=\"wp-image-46546\" srcset=\"https:\/\/labestiadeportiva.com\/lbd\/wp-content\/uploads\/2023\/07\/foto-2-1024x683.jpeg 1024w, https:\/\/labestiadeportiva.com\/lbd\/wp-content\/uploads\/2023\/07\/foto-2-300x200.jpeg 300w, https:\/\/labestiadeportiva.com\/lbd\/wp-content\/uploads\/2023\/07\/foto-2-768x512.jpeg 768w, https:\/\/labestiadeportiva.com\/lbd\/wp-content\/uploads\/2023\/07\/foto-2-1536x1024.jpeg 1536w, https:\/\/labestiadeportiva.com\/lbd\/wp-content\/uploads\/2023\/07\/foto-2-640x427.jpeg 640w, https:\/\/labestiadeportiva.com\/lbd\/wp-content\/uploads\/2023\/07\/foto-2.jpeg 1620w\" sizes=\"(max-width: 1024px) 100vw, 1024px\" \/><\/a><figcaption>Processed with VSCO with m6 preset<\/figcaption><\/figure>\n\n\n\n<p>Este s\u00e1bado 8 de julio el Centro de Esqu\u00ed ushuaiense celebrar\u00e1 su emotiva tradicional <strong>Bajada de Antorchas, declarada Fiesta Nacional<\/strong>, como apertura de la temporada invernal a nivel nacional. Como es tradici\u00f3n, m\u00e1s de 50 instructores de la Escuela de Esqu\u00ed de Cerro Castor y del Club Andino Ushuaia, ser\u00e1n los encargados de descender con sus antorchas llenando de luz la monta\u00f1a llegando hasta la base.&nbsp;Fuente y fotos prensa Cerro Castor.<\/p>\n\n\n\n<!--more-->\n\n\n\n<p>La conducci\u00f3n de la Bajada de Antorchas estar\u00e1 a cargo del periodista y locutor, Nicol\u00e1s Magaldi y la conductora local Florencia Palumbo. El evento contar\u00e1 con la presencia de importantes autoridades locales que acompa\u00f1ar\u00e1n durante esta fiesta ic\u00f3nica para la provincia: Fernanda Rodr\u00edguez, Directora Nacional de Fiestas Populares y Eventos, Yanina Mart\u00ednez, Secretaria de Promoci\u00f3n Tur\u00edstica de la Naci\u00f3n y Dante Querciali, Presidente del In.Fue.Tur.&nbsp;<\/p>\n\n\n\n<p>Adem\u00e1s, durante el evento habr\u00e1&nbsp; divertidas actividades para toda la familia, desde degustaciones gastron\u00f3micas, juegos, shows musicales y art\u00edsticos con artistas locales, y el cierre culminar\u00e1 con m\u00fasica en vivo a cargo de un DJ.<\/p>\n\n\n\n<p>Durante 2022, Cerro Castor ha recibido a m\u00e1s de 6.000 personas durante su fiesta de Bajada de Antorchas que disfrutaron una noche incre\u00edble a pura nieve. Este a\u00f1o fue declarada Fiesta Nacional y se espera una mayor cantidad de asistentes.&nbsp;<\/p>\n\n\n\n<p><strong>EL EMOTIVO CAMINO DE LA TRADICIONAL BAJADA DE ANTORCHAS&nbsp;<\/strong><\/p>\n\n\n\n<p>La primera Bajada de Antorchas se celebr\u00f3 en Julio del a\u00f1o 2000, y desde entonces en cada una de sus ediciones fue innovando en las diversas propuestas y actividades, libres y gratuitas para toda la familia. Desde shows en vivo de bandas locales y nacionales; exposici\u00f3n y degustaci\u00f3n de productos locales, entre otros,&nbsp; como en su \u00faltima edici\u00f3n.&nbsp;<\/p>\n\n\n\n<p>En uno de sus \u00faltimos pasos, el pasado 15 de diciembre de 2022, la Fiesta del Invierno fue declarada como Fiesta Provincial por la Legislatura de la Provincia de Tierra Del Fuego, Ant\u00e1rtida e Islas del Atl\u00e1ntico Sur,&nbsp; bajo la Ley N\u00ba 1459, Decreto 3424\/22.<\/p>\n\n\n\n<p>La declaraci\u00f3n de la Fiesta Nacional del Invierno, tiene como objetivo mejorar el desarrollo tur\u00edstico y posicionar a la Provincia de Tierra Del Fuego, Ant\u00e1rtida e Islas del Atl\u00e1ntico Sur como principal destino de nieve a nivel nacional, potenciando los atractivos del fin del mundo y de todas las actividades invernales.<\/p>\n\n\n\n<p><strong>NIEVE ASEGURADA EN CERRO CASTOR<\/strong><\/p>\n\n\n\n<p>En Cerro Castor,&nbsp;el 30 % de la monta\u00f1a est\u00e1 cubierta por un sistema de nieve artificial. 33 equipos de fabricaci\u00f3n (entre ca\u00f1ones y lanzas) garantizan \u00f3ptimas condiciones de nieve&nbsp;durante&nbsp;toda la temporada, con nieve hasta la base, y lo posicionan como uno de los centros con mayor innovaci\u00f3n tecnol\u00f3gica de la regi\u00f3n.<\/p>\n\n\n\n<p>Desde sus inicios, se distingui\u00f3 por ser el destino elegido por los principales equipos de esquiadores internacionales en esta \u00e9poca del a\u00f1o. Sus pistas homologadas por la Federaci\u00f3n Internacional de Esqu\u00ed y su calidad de nieve lo equiparan con los principales centros europeos.&nbsp;<\/p>\n\n\n\n<p>Posee una Red de Nieve Artificial, la m\u00e1s grande de Sudam\u00e9rica, garantizando gran cantidad de nieve durante toda la temporada.&nbsp;<\/p>\n\n\n\n<p>Adem\u00e1s, se ha construido una nueva sala de bombeo, en la base del cerro, la cual permitir\u00e1 duplicar la capacidad de caudal y presi\u00f3n en la fabricaci\u00f3n de nieve artificial.&nbsp;<\/p>\n\n\n\n<p><strong>NOVEDADES EN CERRO CASTOR<\/strong><\/p>\n\n\n\n<p>Cerro Castor es uno de los centros con la temporada de nieve m\u00e1s larga y de mejor calidad, garantizada por la red de nieve artificial y la infraestructura con la que cuenta en sus instalaciones.<\/p>\n\n\n\n<p>Ubicado a tan solo 26 km de Ushuaia, Cerro Castor ofrece las mejores condiciones para disfrutar m\u00faltiples opciones de deportes de invierno y entretenimiento: 36 pistas con diferentes niveles de dificultad, 13 medios de elevaci\u00f3n, el snowpark m\u00e1s grande de Sudam\u00e9rica, 1 circuito de ski cross, 1 \u00e1rea para principiantes y fuera de pista, todo en un predio de m\u00e1s de 650 hect\u00e1reas esquiables. <\/p>\n\n\n\n<p>Adem\u00e1s, tiene una pista de patinaje sobre hielo, un circuito de esqu\u00ed de fondo y cuenta con una amplia red de nieve artificial, <\/p>\n\n\n\n<figure class=\"wp-block-image size-large\"><a href=\"http:\/\/labestiadeportiva.com\/lbd\/wp-content\/uploads\/2023\/07\/foto-1-scaled.jpg\"><img loading=\"lazy\" width=\"576\" height=\"1024\" src=\"http:\/\/labestiadeportiva.com\/lbd\/wp-content\/uploads\/2023\/07\/foto-1-576x1024.jpg\" alt=\"\" class=\"wp-image-46547\" srcset=\"https:\/\/labestiadeportiva.com\/lbd\/wp-content\/uploads\/2023\/07\/foto-1-576x1024.jpg 576w, https:\/\/labestiadeportiva.com\/lbd\/wp-content\/uploads\/2023\/07\/foto-1-169x300.jpg 169w, https:\/\/labestiadeportiva.com\/lbd\/wp-content\/uploads\/2023\/07\/foto-1-768x1365.jpg 768w, https:\/\/labestiadeportiva.com\/lbd\/wp-content\/uploads\/2023\/07\/foto-1-864x1536.jpg 864w, https:\/\/labestiadeportiva.com\/lbd\/wp-content\/uploads\/2023\/07\/foto-1-1152x2048.jpg 1152w, https:\/\/labestiadeportiva.com\/lbd\/wp-content\/uploads\/2023\/07\/foto-1-640x1137.jpg 640w, https:\/\/labestiadeportiva.com\/lbd\/wp-content\/uploads\/2023\/07\/foto-1-scaled.jpg 1440w\" sizes=\"(max-width: 576px) 100vw, 576px\" \/><\/a><figcaption>default<\/figcaption><\/figure>\n<div class='epvc-post-count'><span class='epvc-eye'><\/span>  <span class=\"epvc-count\"> 1.404<\/span><span class='epvc-label'> veces le\u00edda<\/span><\/div>\n<div class=\"jwsharethis\">\nShare this: \n<br \/>\n<a href=\"mailto:?subject=Llega%20la%20primera%20Fiesta%20Nacional%20del%20Invierno&amp;body=https%3A%2F%2Flabestiadeportiva.com%2Flbd%2Fse-viene-la-primera-fiesta-nacional-del-invierno%2F\">\n<img src=\"https:\/\/labestiadeportiva.com\/lbd\/wp-content\/plugins\/jw-share-this\/email.png\" alt=\"Share this page via Email\" \/>\n<\/a>\n<a target=\"_blank\" href=\"http:\/\/www.stumbleupon.com\/submit?url=https%3A%2F%2Flabestiadeportiva.com%2Flbd%2Fse-viene-la-primera-fiesta-nacional-del-invierno%2F&amp;title=Llega+la+primera+Fiesta+Nacional+del+Invierno\">\n<img src=\"https:\/\/labestiadeportiva.com\/lbd\/wp-content\/plugins\/jw-share-this\/su.png\" alt=\"Share this page via Stumble Upon\" \/>\n<\/a>\n<a target=\"_blank\" href=\"http:\/\/digg.com\/submit?url=https%3A%2F%2Flabestiadeportiva.com%2Flbd%2Fse-viene-la-primera-fiesta-nacional-del-invierno%2F&amp;title=Llega+la+primera+Fiesta+Nacional+del+Invierno\">\n<img src=\"https:\/\/labestiadeportiva.com\/lbd\/wp-content\/plugins\/jw-share-this\/digg.png\" alt=\"Share this page via Digg this\" \/>\n<\/a>\n<a target=\"_blank\" href=\"http:\/\/www.facebook.com\/sharer.php?u=https%3A%2F%2Flabestiadeportiva.com%2Flbd%2Fse-viene-la-primera-fiesta-nacional-del-invierno%2F&amp;t=Llega+la+primera+Fiesta+Nacional+del+Invierno\">\n<img src=\"https:\/\/labestiadeportiva.com\/lbd\/wp-content\/plugins\/jw-share-this\/fb.png\" alt=\"Share this page via Facebook\" \/>\n<\/a>\n<a target=\"_blank\" href=\"http:\/\/twitter.com\/intent\/tweet?text=I+like+https%3A%2F%2Flabestiadeportiva.com%2Flbd%2Fse-viene-la-primera-fiesta-nacional-del-invierno%2F&amp;title=Llega+la+primera+Fiesta+Nacional+del+Invierno\">\n<img src=\"https:\/\/labestiadeportiva.com\/lbd\/wp-content\/plugins\/jw-share-this\/twitter.png\" alt=\"Share this page via Twitter\" \/>\n<\/a>\n<\/div>\n","protected":false},"excerpt":{"rendered":"<p>Este s\u00e1bado 8 de julio el Centro de Esqu\u00ed ushuaiense celebrar\u00e1 su emotiva tradicional Bajada de Antorchas, declarada Fiesta Nacional, como apertura de la temporada invernal a nivel nacional. Como es tradici\u00f3n, m\u00e1s de 50 instructores de la Escuela de Esqu\u00ed de Cerro Castor y del Club Andino Ushuaia, ser\u00e1n los encargados de descender con &hellip; <a href=\"https:\/\/labestiadeportiva.com\/lbd\/se-viene-la-primera-fiesta-nacional-del-invierno\/\" class=\"more-link\">Seguir leyendo <span class=\"screen-reader-text\">Llega la primera Fiesta Nacional del Invierno<\/span> <span class=\"meta-nav\">&rarr;<\/span><\/a><\/p>\n","protected":false},"author":1,"featured_media":0,"comment_status":"open","ping_status":"open","sticky":false,"template":"","format":"standard","meta":[],"categories":[5,4,6,41,3944,1,3345],"tags":[2753,5056,5086,83],"_links":{"self":[{"href":"https:\/\/labestiadeportiva.com\/lbd\/wp-json\/wp\/v2\/posts\/46545"}],"collection":[{"href":"https:\/\/labestiadeportiva.com\/lbd\/wp-json\/wp\/v2\/posts"}],"about":[{"href":"https:\/\/labestiadeportiva.com\/lbd\/wp-json\/wp\/v2\/types\/post"}],"author":[{"embeddable":true,"href":"https:\/\/labestiadeportiva.com\/lbd\/wp-json\/wp\/v2\/users\/1"}],"replies":[{"embeddable":true,"href":"https:\/\/labestiadeportiva.com\/lbd\/wp-json\/wp\/v2\/comments?post=46545"}],"version-history":[{"count":2,"href":"https:\/\/labestiadeportiva.com\/lbd\/wp-json\/wp\/v2\/posts\/46545\/revisions"}],"predecessor-version":[{"id":46550,"href":"https:\/\/labestiadeportiva.com\/lbd\/wp-json\/wp\/v2\/posts\/46545\/revisions\/46550"}],"wp:attachment":[{"href":"https:\/\/labestiadeportiva.com\/lbd\/wp-json\/wp\/v2\/media?parent=46545"}],"wp:term":[{"taxonomy":"category","embeddable":true,"href":"https:\/\/labestiadeportiva.com\/lbd\/wp-json\/wp\/v2\/categories?post=46545"},{"taxonomy":"post_tag","embeddable":true,"href":"https:\/\/labestiadeportiva.com\/lbd\/wp-json\/wp\/v2\/tags?post=46545"}],"curies":[{"name":"wp","href":"https:\/\/api.w.org\/{rel}","templated":true}]}}