{"id":46590,"date":"2023-07-10T22:45:55","date_gmt":"2023-07-11T01:45:55","guid":{"rendered":"http:\/\/labestiadeportiva.com\/lbd\/?p=46590"},"modified":"2023-07-10T22:45:58","modified_gmt":"2023-07-11T01:45:58","slug":"balance-desde-espana-audio","status":"publish","type":"post","link":"https:\/\/labestiadeportiva.com\/lbd\/balance-desde-espana-audio\/","title":{"rendered":"Balance desde Espa\u00f1a (Audio)"},"content":{"rendered":"\n<figure class=\"wp-block-image size-large\"><a href=\"http:\/\/labestiadeportiva.com\/lbd\/wp-content\/uploads\/2023\/07\/IMG-20230710-WA00662.jpg\"><img loading=\"lazy\" width=\"1024\" height=\"957\" src=\"http:\/\/labestiadeportiva.com\/lbd\/wp-content\/uploads\/2023\/07\/IMG-20230710-WA00662-1024x957.jpg\" alt=\"\" class=\"wp-image-46592\" srcset=\"https:\/\/labestiadeportiva.com\/lbd\/wp-content\/uploads\/2023\/07\/IMG-20230710-WA00662-1024x957.jpg 1024w, https:\/\/labestiadeportiva.com\/lbd\/wp-content\/uploads\/2023\/07\/IMG-20230710-WA00662-300x280.jpg 300w, https:\/\/labestiadeportiva.com\/lbd\/wp-content\/uploads\/2023\/07\/IMG-20230710-WA00662-768x717.jpg 768w, https:\/\/labestiadeportiva.com\/lbd\/wp-content\/uploads\/2023\/07\/IMG-20230710-WA00662-640x598.jpg 640w, https:\/\/labestiadeportiva.com\/lbd\/wp-content\/uploads\/2023\/07\/IMG-20230710-WA00662.jpg 1200w\" sizes=\"(max-width: 1024px) 100vw, 1024px\" \/><\/a><\/figure>\n\n\n\n<figure class=\"wp-block-image size-full is-resized\"><a href=\"http:\/\/labestiadeportiva.com\/lbd\/wp-content\/uploads\/2022\/11\/CARA_PEREZ-2.jpg\"><img loading=\"lazy\" src=\"http:\/\/labestiadeportiva.com\/lbd\/wp-content\/uploads\/2022\/11\/CARA_PEREZ-2.jpg\" alt=\"\" class=\"wp-image-43576\" width=\"354\" height=\"72\" srcset=\"https:\/\/labestiadeportiva.com\/lbd\/wp-content\/uploads\/2022\/11\/CARA_PEREZ-2.jpg 600w, https:\/\/labestiadeportiva.com\/lbd\/wp-content\/uploads\/2022\/11\/CARA_PEREZ-2-300x62.jpg 300w\" sizes=\"(max-width: 354px) 100vw, 354px\" \/><\/a><\/figure>\n\n\n\n<p>Culminaron las dos semanas de trabajo para Renata Godoy en Le\u00f3n, Espa\u00f1a. En las pr\u00f3ximas horas atleta y entrenador regresar\u00e1n al pa\u00eds. Ambos se preparar\u00e1n en CABA con la mira puesta en el Panamericano que se realizar\u00e1 durante el mes de Agosto en Puerto Rico.<\/p>\n\n\n\n<p>En exclusiva para LBD el profesor Lucas Doffo realiz\u00f3 el an\u00e1lisis de lo vivido en suelo europeo.<\/p>\n\n\n\n<!--more-->\n\n\n\n<figure class=\"wp-block-embed is-type-video is-provider-youtube wp-block-embed-youtube wp-embed-aspect-4-3 wp-has-aspect-ratio\"><div class=\"wp-block-embed__wrapper\">\n<iframe loading=\"lazy\" title=\"Audio Lucas Doffo\" width=\"474\" height=\"356\" src=\"https:\/\/www.youtube.com\/embed\/OSIm7xCgErs?feature=oembed\" frameborder=\"0\" allow=\"accelerometer; autoplay; clipboard-write; encrypted-media; gyroscope; picture-in-picture; web-share\" allowfullscreen><\/iframe>\n<\/div><\/figure>\n<div class='epvc-post-count'><span class='epvc-eye'><\/span>  <span class=\"epvc-count\"> 1.165<\/span><span class='epvc-label'> veces le\u00edda<\/span><\/div>\n<div class=\"jwsharethis\">\nShare this: \n<br \/>\n<a href=\"mailto:?subject=Balance%20desde%20Espa%C3%B1a%20%28Audio%29&amp;body=https%3A%2F%2Flabestiadeportiva.com%2Flbd%2Fbalance-desde-espana-audio%2F\">\n<img src=\"https:\/\/labestiadeportiva.com\/lbd\/wp-content\/plugins\/jw-share-this\/email.png\" alt=\"Share this page via Email\" \/>\n<\/a>\n<a target=\"_blank\" href=\"http:\/\/www.stumbleupon.com\/submit?url=https%3A%2F%2Flabestiadeportiva.com%2Flbd%2Fbalance-desde-espana-audio%2F&amp;title=Balance+desde+Espa%C3%B1a+%28Audio%29\">\n<img src=\"https:\/\/labestiadeportiva.com\/lbd\/wp-content\/plugins\/jw-share-this\/su.png\" alt=\"Share this page via Stumble Upon\" \/>\n<\/a>\n<a target=\"_blank\" href=\"http:\/\/digg.com\/submit?url=https%3A%2F%2Flabestiadeportiva.com%2Flbd%2Fbalance-desde-espana-audio%2F&amp;title=Balance+desde+Espa%C3%B1a+%28Audio%29\">\n<img src=\"https:\/\/labestiadeportiva.com\/lbd\/wp-content\/plugins\/jw-share-this\/digg.png\" alt=\"Share this page via Digg this\" \/>\n<\/a>\n<a target=\"_blank\" href=\"http:\/\/www.facebook.com\/sharer.php?u=https%3A%2F%2Flabestiadeportiva.com%2Flbd%2Fbalance-desde-espana-audio%2F&amp;t=Balance+desde+Espa%C3%B1a+%28Audio%29\">\n<img src=\"https:\/\/labestiadeportiva.com\/lbd\/wp-content\/plugins\/jw-share-this\/fb.png\" alt=\"Share this page via Facebook\" \/>\n<\/a>\n<a target=\"_blank\" href=\"http:\/\/twitter.com\/intent\/tweet?text=I+like+https%3A%2F%2Flabestiadeportiva.com%2Flbd%2Fbalance-desde-espana-audio%2F&amp;title=Balance+desde+Espa%C3%B1a+%28Audio%29\">\n<img src=\"https:\/\/labestiadeportiva.com\/lbd\/wp-content\/plugins\/jw-share-this\/twitter.png\" alt=\"Share this page via Twitter\" \/>\n<\/a>\n<\/div>\n","protected":false},"excerpt":{"rendered":"<p>Culminaron las dos semanas de trabajo para Renata Godoy en Le\u00f3n, Espa\u00f1a. En las pr\u00f3ximas horas atleta y entrenador regresar\u00e1n al pa\u00eds. Ambos se preparar\u00e1n en CABA con la mira puesta en el Panamericano que se realizar\u00e1 durante el mes de Agosto en Puerto Rico. En exclusiva para LBD el profesor Lucas Doffo realiz\u00f3 el &hellip; <a href=\"https:\/\/labestiadeportiva.com\/lbd\/balance-desde-espana-audio\/\" class=\"more-link\">Seguir leyendo <span class=\"screen-reader-text\">Balance desde Espa\u00f1a (Audio)<\/span> <span class=\"meta-nav\">&rarr;<\/span><\/a><\/p>\n","protected":false},"author":1,"featured_media":0,"comment_status":"open","ping_status":"open","sticky":false,"template":"","format":"standard","meta":[],"categories":[22,5,4,6,1],"tags":[1395,4567,1135,5090],"_links":{"self":[{"href":"https:\/\/labestiadeportiva.com\/lbd\/wp-json\/wp\/v2\/posts\/46590"}],"collection":[{"href":"https:\/\/labestiadeportiva.com\/lbd\/wp-json\/wp\/v2\/posts"}],"about":[{"href":"https:\/\/labestiadeportiva.com\/lbd\/wp-json\/wp\/v2\/types\/post"}],"author":[{"embeddable":true,"href":"https:\/\/labestiadeportiva.com\/lbd\/wp-json\/wp\/v2\/users\/1"}],"replies":[{"embeddable":true,"href":"https:\/\/labestiadeportiva.com\/lbd\/wp-json\/wp\/v2\/comments?post=46590"}],"version-history":[{"count":1,"href":"https:\/\/labestiadeportiva.com\/lbd\/wp-json\/wp\/v2\/posts\/46590\/revisions"}],"predecessor-version":[{"id":46593,"href":"https:\/\/labestiadeportiva.com\/lbd\/wp-json\/wp\/v2\/posts\/46590\/revisions\/46593"}],"wp:attachment":[{"href":"https:\/\/labestiadeportiva.com\/lbd\/wp-json\/wp\/v2\/media?parent=46590"}],"wp:term":[{"taxonomy":"category","embeddable":true,"href":"https:\/\/labestiadeportiva.com\/lbd\/wp-json\/wp\/v2\/categories?post=46590"},{"taxonomy":"post_tag","embeddable":true,"href":"https:\/\/labestiadeportiva.com\/lbd\/wp-json\/wp\/v2\/tags?post=46590"}],"curies":[{"name":"wp","href":"https:\/\/api.w.org\/{rel}","templated":true}]}}