{"id":46643,"date":"2023-07-14T20:58:19","date_gmt":"2023-07-14T23:58:19","guid":{"rendered":"http:\/\/labestiadeportiva.com\/lbd\/?p=46643"},"modified":"2023-07-14T20:58:20","modified_gmt":"2023-07-14T23:58:20","slug":"amistad-rumbo-a-comodoro-audio","status":"publish","type":"post","link":"https:\/\/labestiadeportiva.com\/lbd\/amistad-rumbo-a-comodoro-audio\/","title":{"rendered":"Amistad rumbo a Comodoro (Audio)"},"content":{"rendered":"\n<figure class=\"wp-block-image size-full\"><a href=\"http:\/\/labestiadeportiva.com\/lbd\/wp-content\/uploads\/2023\/07\/IMG-20230714-WA0080.jpg\"><img loading=\"lazy\" width=\"1024\" height=\"628\" src=\"http:\/\/labestiadeportiva.com\/lbd\/wp-content\/uploads\/2023\/07\/IMG-20230714-WA0080.jpg\" alt=\"\" class=\"wp-image-46644\" srcset=\"https:\/\/labestiadeportiva.com\/lbd\/wp-content\/uploads\/2023\/07\/IMG-20230714-WA0080.jpg 1024w, https:\/\/labestiadeportiva.com\/lbd\/wp-content\/uploads\/2023\/07\/IMG-20230714-WA0080-300x184.jpg 300w, https:\/\/labestiadeportiva.com\/lbd\/wp-content\/uploads\/2023\/07\/IMG-20230714-WA0080-768x471.jpg 768w, https:\/\/labestiadeportiva.com\/lbd\/wp-content\/uploads\/2023\/07\/IMG-20230714-WA0080-640x393.jpg 640w\" sizes=\"(max-width: 1024px) 100vw, 1024px\" \/><\/a><\/figure>\n\n\n\n<figure class=\"wp-block-image size-full is-resized\"><a href=\"http:\/\/labestiadeportiva.com\/lbd\/wp-content\/uploads\/2022\/11\/CARA_PEREZ-2.jpg\"><img loading=\"lazy\" src=\"http:\/\/labestiadeportiva.com\/lbd\/wp-content\/uploads\/2022\/11\/CARA_PEREZ-2.jpg\" alt=\"\" class=\"wp-image-43576\" width=\"318\" height=\"65\" srcset=\"https:\/\/labestiadeportiva.com\/lbd\/wp-content\/uploads\/2022\/11\/CARA_PEREZ-2.jpg 600w, https:\/\/labestiadeportiva.com\/lbd\/wp-content\/uploads\/2022\/11\/CARA_PEREZ-2-300x62.jpg 300w\" sizes=\"(max-width: 318px) 100vw, 318px\" \/><\/a><\/figure>\n\n\n\n<p>En las pr\u00f3ximas horas comenzar\u00e1 el viaje v\u00eda terrestre para el equipo ushuaiense que el lunes por la ma\u00f1ana debutar\u00e1 en el Torneo Nacional de Clubes C20.<\/p>\n\n\n\n<p>En la primera fase de la competencia salonera compartir\u00e1 la Zona \u00abB\u00bb junto a Real Madrid de R\u00edo Grande, Logos de Pico Truncado y Parma de la localidad organizadora.<\/p>\n\n\n\n<p>En busca de detalles dialogamos con el entrenador y referente del club Facundo Moreno. Compartimos la entrevista lograda este viernes en la 94.1 FM del Sur.<\/p>\n\n\n\n<!--more-->\n\n\n\n<figure class=\"wp-block-embed is-type-video is-provider-youtube wp-block-embed-youtube wp-embed-aspect-4-3 wp-has-aspect-ratio\"><div class=\"wp-block-embed__wrapper\">\n<iframe loading=\"lazy\" title=\"Audio Facundo Moreno\" width=\"474\" height=\"356\" src=\"https:\/\/www.youtube.com\/embed\/yagpWvpgx9U?feature=oembed\" frameborder=\"0\" allow=\"accelerometer; autoplay; clipboard-write; encrypted-media; gyroscope; picture-in-picture; web-share\" allowfullscreen><\/iframe>\n<\/div><\/figure>\n<div class='epvc-post-count'><span class='epvc-eye'><\/span>  <span class=\"epvc-count\"> 1.665<\/span><span class='epvc-label'> veces le\u00edda<\/span><\/div>\n<div class=\"jwsharethis\">\nShare this: \n<br \/>\n<a href=\"mailto:?subject=Amistad%20rumbo%20a%20Comodoro%20%28Audio%29&amp;body=https%3A%2F%2Flabestiadeportiva.com%2Flbd%2Famistad-rumbo-a-comodoro-audio%2F\">\n<img src=\"https:\/\/labestiadeportiva.com\/lbd\/wp-content\/plugins\/jw-share-this\/email.png\" alt=\"Share this page via Email\" \/>\n<\/a>\n<a target=\"_blank\" href=\"http:\/\/www.stumbleupon.com\/submit?url=https%3A%2F%2Flabestiadeportiva.com%2Flbd%2Famistad-rumbo-a-comodoro-audio%2F&amp;title=Amistad+rumbo+a+Comodoro+%28Audio%29\">\n<img src=\"https:\/\/labestiadeportiva.com\/lbd\/wp-content\/plugins\/jw-share-this\/su.png\" alt=\"Share this page via Stumble Upon\" \/>\n<\/a>\n<a target=\"_blank\" href=\"http:\/\/digg.com\/submit?url=https%3A%2F%2Flabestiadeportiva.com%2Flbd%2Famistad-rumbo-a-comodoro-audio%2F&amp;title=Amistad+rumbo+a+Comodoro+%28Audio%29\">\n<img src=\"https:\/\/labestiadeportiva.com\/lbd\/wp-content\/plugins\/jw-share-this\/digg.png\" alt=\"Share this page via Digg this\" \/>\n<\/a>\n<a target=\"_blank\" href=\"http:\/\/www.facebook.com\/sharer.php?u=https%3A%2F%2Flabestiadeportiva.com%2Flbd%2Famistad-rumbo-a-comodoro-audio%2F&amp;t=Amistad+rumbo+a+Comodoro+%28Audio%29\">\n<img src=\"https:\/\/labestiadeportiva.com\/lbd\/wp-content\/plugins\/jw-share-this\/fb.png\" alt=\"Share this page via Facebook\" \/>\n<\/a>\n<a target=\"_blank\" href=\"http:\/\/twitter.com\/intent\/tweet?text=I+like+https%3A%2F%2Flabestiadeportiva.com%2Flbd%2Famistad-rumbo-a-comodoro-audio%2F&amp;title=Amistad+rumbo+a+Comodoro+%28Audio%29\">\n<img src=\"https:\/\/labestiadeportiva.com\/lbd\/wp-content\/plugins\/jw-share-this\/twitter.png\" alt=\"Share this page via Twitter\" \/>\n<\/a>\n<\/div>\n","protected":false},"excerpt":{"rendered":"<p>En las pr\u00f3ximas horas comenzar\u00e1 el viaje v\u00eda terrestre para el equipo ushuaiense que el lunes por la ma\u00f1ana debutar\u00e1 en el Torneo Nacional de Clubes C20. En la primera fase de la competencia salonera compartir\u00e1 la Zona \u00abB\u00bb junto a Real Madrid de R\u00edo Grande, Logos de Pico Truncado y Parma de la localidad &hellip; <a href=\"https:\/\/labestiadeportiva.com\/lbd\/amistad-rumbo-a-comodoro-audio\/\" class=\"more-link\">Seguir leyendo <span class=\"screen-reader-text\">Amistad rumbo a Comodoro (Audio)<\/span> <span class=\"meta-nav\">&rarr;<\/span><\/a><\/p>\n","protected":false},"author":1,"featured_media":0,"comment_status":"open","ping_status":"open","sticky":false,"template":"","format":"standard","meta":[],"categories":[5,6,60,31,1],"tags":[5050,4833,5095,83],"_links":{"self":[{"href":"https:\/\/labestiadeportiva.com\/lbd\/wp-json\/wp\/v2\/posts\/46643"}],"collection":[{"href":"https:\/\/labestiadeportiva.com\/lbd\/wp-json\/wp\/v2\/posts"}],"about":[{"href":"https:\/\/labestiadeportiva.com\/lbd\/wp-json\/wp\/v2\/types\/post"}],"author":[{"embeddable":true,"href":"https:\/\/labestiadeportiva.com\/lbd\/wp-json\/wp\/v2\/users\/1"}],"replies":[{"embeddable":true,"href":"https:\/\/labestiadeportiva.com\/lbd\/wp-json\/wp\/v2\/comments?post=46643"}],"version-history":[{"count":1,"href":"https:\/\/labestiadeportiva.com\/lbd\/wp-json\/wp\/v2\/posts\/46643\/revisions"}],"predecessor-version":[{"id":46645,"href":"https:\/\/labestiadeportiva.com\/lbd\/wp-json\/wp\/v2\/posts\/46643\/revisions\/46645"}],"wp:attachment":[{"href":"https:\/\/labestiadeportiva.com\/lbd\/wp-json\/wp\/v2\/media?parent=46643"}],"wp:term":[{"taxonomy":"category","embeddable":true,"href":"https:\/\/labestiadeportiva.com\/lbd\/wp-json\/wp\/v2\/categories?post=46643"},{"taxonomy":"post_tag","embeddable":true,"href":"https:\/\/labestiadeportiva.com\/lbd\/wp-json\/wp\/v2\/tags?post=46643"}],"curies":[{"name":"wp","href":"https:\/\/api.w.org\/{rel}","templated":true}]}}