{"id":4681,"date":"2013-05-28T20:58:49","date_gmt":"2013-05-28T20:58:49","guid":{"rendered":"http:\/\/labestiadeportiva.com\/lbd\/?p=4681"},"modified":"2013-05-28T20:58:49","modified_gmt":"2013-05-28T20:58:49","slug":"gustavo-sanchez-en-ushuaia","status":"publish","type":"post","link":"https:\/\/labestiadeportiva.com\/lbd\/gustavo-sanchez-en-ushuaia\/","title":{"rendered":"Gustavo S\u00e1nchez en Ushuaia"},"content":{"rendered":"<p class=\"MsoNormal\"><a href=\"http:\/\/labestiadeportiva.com\/lbd\/wp-content\/uploads\/2013\/05\/MG_2701.jpg\"><img loading=\"lazy\" class=\"alignleft size-medium wp-image-4682\" title=\"_MG_2701\" src=\"http:\/\/labestiadeportiva.com\/lbd\/wp-content\/uploads\/2013\/05\/MG_2701-300x200.jpg\" alt=\"\" width=\"300\" height=\"200\" srcset=\"https:\/\/labestiadeportiva.com\/lbd\/wp-content\/uploads\/2013\/05\/MG_2701-300x200.jpg 300w, https:\/\/labestiadeportiva.com\/lbd\/wp-content\/uploads\/2013\/05\/MG_2701.jpg 640w\" sizes=\"(max-width: 300px) 100vw, 300px\" \/><\/a>El reconocido \u00e1rbitro nacional de v\u00f3ley Gustavo Gabriel S\u00e1nchez visit\u00f3 la capital provincial durante el fin de semana. Convocado por el referente local Luis \u201cPulga\u201d Mayal dict\u00f3 un taller te\u00f3rico pr\u00e1ctico para todos los interesados.<\/p>\n<p class=\"MsoNormal\">La actividad comenz\u00f3 el viernes de 20 a 22 para continuar a partir del s\u00e1bado en horario de 10 a 13 horas en las aulas del Colegio Los Andes ubicado en el barrio 640 Viviendas.<!--morePara leer Click Aqu\u00ed--><\/p>\n<p class=\"MsoNormal\">Hasta all\u00ed se dirigieron un interesante n\u00famero de amantes de la disciplina que en la actualidad colaboran en diferentes funciones quienes evacuaron sus dudas de situaciones de juego y reglamento.<\/p>\n<p class=\"MsoNormal\">Todo concluy\u00f3 el domingo en el gimnasio Profesora Ana Ver\u00f3nica Gir\u00f3 del barrio 245 Viviendas donde se programaron una serie de encuentros amistosos que sirvieron de evaluaci\u00f3n paras los actuales y futuros \u00e1rbitros.<\/p>\n<p class=\"MsoNormal\"><a href=\"http:\/\/labestiadeportiva.com\/lbd\/wp-content\/uploads\/2013\/05\/MG_2734.jpg\"><img loading=\"lazy\" class=\"aligncenter size-medium wp-image-4683\" title=\"_MG_2734\" src=\"http:\/\/labestiadeportiva.com\/lbd\/wp-content\/uploads\/2013\/05\/MG_2734-300x223.jpg\" alt=\"\" width=\"300\" height=\"223\" srcset=\"https:\/\/labestiadeportiva.com\/lbd\/wp-content\/uploads\/2013\/05\/MG_2734-300x223.jpg 300w, https:\/\/labestiadeportiva.com\/lbd\/wp-content\/uploads\/2013\/05\/MG_2734.jpg 640w\" sizes=\"(max-width: 300px) 100vw, 300px\" \/><\/a>Gustavo Gabriel S\u00e1nchez es en la actualidad uno de los \u00e1rbitros nacionales de m\u00e1s experiencia, con 35 a\u00f1os de carrera.<\/p>\n<p class=\"MsoNormal\">En 1977 realiz\u00f3 el curso de la Federaci\u00f3n Metropolitana, desde 1988 es \u00e1rbitro nacional \u201cB\u201d y \u201cA\u201d. Dirigiendo casi todas las finales de la Liga Nacional, su \u00faltima actuaci\u00f3n en partidos determinantes de Liga fue el a\u00f1o pasado donde control\u00f3 la definici\u00f3n entre Mar del Plata y UPCN San Juan.<\/p>\n<p class=\"MsoNormal\">El profesor Mayal fue el organizador de esta importante visita que seguramente servir\u00e1 para mejorar un rubro tan importante de la disciplina como el del arbitraje.<\/p>\n<p class=\"MsoNormal\"><a href=\"http:\/\/labestiadeportiva.com\/lbd\/wp-content\/uploads\/2013\/05\/MG_2735.jpg\"><img loading=\"lazy\" class=\"aligncenter size-medium wp-image-4684\" title=\"_MG_2735\" src=\"http:\/\/labestiadeportiva.com\/lbd\/wp-content\/uploads\/2013\/05\/MG_2735-300x148.jpg\" alt=\"\" width=\"300\" height=\"148\" srcset=\"https:\/\/labestiadeportiva.com\/lbd\/wp-content\/uploads\/2013\/05\/MG_2735-300x148.jpg 300w, https:\/\/labestiadeportiva.com\/lbd\/wp-content\/uploads\/2013\/05\/MG_2735.jpg 640w\" sizes=\"(max-width: 300px) 100vw, 300px\" \/><\/a><\/p>\n<div class='epvc-post-count'><span class='epvc-eye'><\/span>  <span class=\"epvc-count\"> 1.417<\/span><span class='epvc-label'> veces le\u00edda<\/span><\/div>\n<div class=\"jwsharethis\">\nShare this: \n<br \/>\n<a href=\"mailto:?subject=Gustavo%20S%C3%A1nchez%20en%20Ushuaia&amp;body=https%3A%2F%2Flabestiadeportiva.com%2Flbd%2Fgustavo-sanchez-en-ushuaia%2F\">\n<img src=\"https:\/\/labestiadeportiva.com\/lbd\/wp-content\/plugins\/jw-share-this\/email.png\" alt=\"Share this page via Email\" \/>\n<\/a>\n<a target=\"_blank\" href=\"http:\/\/www.stumbleupon.com\/submit?url=https%3A%2F%2Flabestiadeportiva.com%2Flbd%2Fgustavo-sanchez-en-ushuaia%2F&amp;title=Gustavo+S%C3%A1nchez+en+Ushuaia\">\n<img src=\"https:\/\/labestiadeportiva.com\/lbd\/wp-content\/plugins\/jw-share-this\/su.png\" alt=\"Share this page via Stumble Upon\" \/>\n<\/a>\n<a target=\"_blank\" href=\"http:\/\/digg.com\/submit?url=https%3A%2F%2Flabestiadeportiva.com%2Flbd%2Fgustavo-sanchez-en-ushuaia%2F&amp;title=Gustavo+S%C3%A1nchez+en+Ushuaia\">\n<img src=\"https:\/\/labestiadeportiva.com\/lbd\/wp-content\/plugins\/jw-share-this\/digg.png\" alt=\"Share this page via Digg this\" \/>\n<\/a>\n<a target=\"_blank\" href=\"http:\/\/www.facebook.com\/sharer.php?u=https%3A%2F%2Flabestiadeportiva.com%2Flbd%2Fgustavo-sanchez-en-ushuaia%2F&amp;t=Gustavo+S%C3%A1nchez+en+Ushuaia\">\n<img src=\"https:\/\/labestiadeportiva.com\/lbd\/wp-content\/plugins\/jw-share-this\/fb.png\" alt=\"Share this page via Facebook\" \/>\n<\/a>\n<a target=\"_blank\" href=\"http:\/\/twitter.com\/intent\/tweet?text=I+like+https%3A%2F%2Flabestiadeportiva.com%2Flbd%2Fgustavo-sanchez-en-ushuaia%2F&amp;title=Gustavo+S%C3%A1nchez+en+Ushuaia\">\n<img src=\"https:\/\/labestiadeportiva.com\/lbd\/wp-content\/plugins\/jw-share-this\/twitter.png\" alt=\"Share this page via Twitter\" \/>\n<\/a>\n<\/div>\n","protected":false},"excerpt":{"rendered":"<p>El reconocido \u00e1rbitro nacional de v\u00f3ley Gustavo Gabriel S\u00e1nchez visit\u00f3 la capital provincial durante el fin de semana. Convocado por el referente local Luis \u201cPulga\u201d Mayal dict\u00f3 un taller te\u00f3rico pr\u00e1ctico para todos los interesados. La actividad comenz\u00f3 el viernes de 20 a 22 para continuar a partir del s\u00e1bado en horario de 10 a &hellip; <a href=\"https:\/\/labestiadeportiva.com\/lbd\/gustavo-sanchez-en-ushuaia\/\" class=\"more-link\">Seguir leyendo <span class=\"screen-reader-text\">Gustavo S\u00e1nchez en Ushuaia<\/span> <span class=\"meta-nav\">&rarr;<\/span><\/a><\/p>\n","protected":false},"author":1,"featured_media":4682,"comment_status":"open","ping_status":"open","sticky":false,"template":"","format":"standard","meta":[],"categories":[5,1],"tags":[634,633,52],"_links":{"self":[{"href":"https:\/\/labestiadeportiva.com\/lbd\/wp-json\/wp\/v2\/posts\/4681"}],"collection":[{"href":"https:\/\/labestiadeportiva.com\/lbd\/wp-json\/wp\/v2\/posts"}],"about":[{"href":"https:\/\/labestiadeportiva.com\/lbd\/wp-json\/wp\/v2\/types\/post"}],"author":[{"embeddable":true,"href":"https:\/\/labestiadeportiva.com\/lbd\/wp-json\/wp\/v2\/users\/1"}],"replies":[{"embeddable":true,"href":"https:\/\/labestiadeportiva.com\/lbd\/wp-json\/wp\/v2\/comments?post=4681"}],"version-history":[{"count":2,"href":"https:\/\/labestiadeportiva.com\/lbd\/wp-json\/wp\/v2\/posts\/4681\/revisions"}],"predecessor-version":[{"id":4686,"href":"https:\/\/labestiadeportiva.com\/lbd\/wp-json\/wp\/v2\/posts\/4681\/revisions\/4686"}],"wp:featuredmedia":[{"embeddable":true,"href":"https:\/\/labestiadeportiva.com\/lbd\/wp-json\/wp\/v2\/media\/4682"}],"wp:attachment":[{"href":"https:\/\/labestiadeportiva.com\/lbd\/wp-json\/wp\/v2\/media?parent=4681"}],"wp:term":[{"taxonomy":"category","embeddable":true,"href":"https:\/\/labestiadeportiva.com\/lbd\/wp-json\/wp\/v2\/categories?post=4681"},{"taxonomy":"post_tag","embeddable":true,"href":"https:\/\/labestiadeportiva.com\/lbd\/wp-json\/wp\/v2\/tags?post=4681"}],"curies":[{"name":"wp","href":"https:\/\/api.w.org\/{rel}","templated":true}]}}