{"id":46880,"date":"2023-08-02T21:44:45","date_gmt":"2023-08-03T00:44:45","guid":{"rendered":"http:\/\/labestiadeportiva.com\/lbd\/?p=46880"},"modified":"2023-08-02T22:14:03","modified_gmt":"2023-08-03T01:14:03","slug":"no-se-dan-cuenta-el-mal-trato-sicologico-que-estan-haciendo-con-los-chicos-audio","status":"publish","type":"post","link":"https:\/\/labestiadeportiva.com\/lbd\/no-se-dan-cuenta-el-mal-trato-sicologico-que-estan-haciendo-con-los-chicos-audio\/","title":{"rendered":"\u00abNo se dan cuenta el maltrato sicol\u00f3gico que est\u00e1n haciendo con los chicos\u00bb (Audio)"},"content":{"rendered":"\n<figure class=\"wp-block-image size-large\"><a href=\"http:\/\/labestiadeportiva.com\/lbd\/wp-content\/uploads\/2023\/08\/IMG-20230802-WA00732.jpg\"><img loading=\"lazy\" width=\"1024\" height=\"576\" src=\"http:\/\/labestiadeportiva.com\/lbd\/wp-content\/uploads\/2023\/08\/IMG-20230802-WA00732-1024x576.jpg\" alt=\"\" class=\"wp-image-46881\" srcset=\"https:\/\/labestiadeportiva.com\/lbd\/wp-content\/uploads\/2023\/08\/IMG-20230802-WA00732-1024x576.jpg 1024w, https:\/\/labestiadeportiva.com\/lbd\/wp-content\/uploads\/2023\/08\/IMG-20230802-WA00732-300x169.jpg 300w, https:\/\/labestiadeportiva.com\/lbd\/wp-content\/uploads\/2023\/08\/IMG-20230802-WA00732-768x432.jpg 768w, https:\/\/labestiadeportiva.com\/lbd\/wp-content\/uploads\/2023\/08\/IMG-20230802-WA00732-640x360.jpg 640w, https:\/\/labestiadeportiva.com\/lbd\/wp-content\/uploads\/2023\/08\/IMG-20230802-WA00732.jpg 1280w\" sizes=\"(max-width: 1024px) 100vw, 1024px\" \/><\/a><\/figure>\n\n\n\n<figure class=\"wp-block-image size-full is-resized\"><a href=\"http:\/\/labestiadeportiva.com\/lbd\/wp-content\/uploads\/2022\/11\/CARA_PEREZ-2.jpg\"><img loading=\"lazy\" src=\"http:\/\/labestiadeportiva.com\/lbd\/wp-content\/uploads\/2022\/11\/CARA_PEREZ-2.jpg\" alt=\"\" class=\"wp-image-43576\" width=\"340\" height=\"69\" srcset=\"https:\/\/labestiadeportiva.com\/lbd\/wp-content\/uploads\/2022\/11\/CARA_PEREZ-2.jpg 600w, https:\/\/labestiadeportiva.com\/lbd\/wp-content\/uploads\/2022\/11\/CARA_PEREZ-2-300x62.jpg 300w\" sizes=\"(max-width: 340px) 100vw, 340px\" \/><\/a><\/figure>\n\n\n\n<p>Momento de escuchar la palabra de uno de los padres de los j\u00f3venes dados de baja en la Selecci\u00f3n C17 de la Federaci\u00f3n Ushuaiense de F\u00fatbol de Sal\u00f3n por participar con el club G\u00fcemes en el Regional Patag\u00f3nico Sub 17 de AFA  el pasado fin de semana en la ciudad de R\u00edo Grande.<\/p>\n\n\n\n<p>Walter Acosta, pap\u00e1 de Lautaro,  charl\u00f3 con LBD dando los pormenores de lo sucedido. Apunt\u00f3 directamente a la dirigencia del club Magallanes, aclarando tambi\u00e9n que se comunic\u00f3 con la Presidenta de la FE.U.FUT.SAL , Irma Figueroa,  quien le expres\u00f3 que la decisi\u00f3n de desafectar a los jugadores fue del entrenador Cristian Vargas.<\/p>\n\n\n\n<p>Con esta versi\u00f3n Acosta dialog\u00f3 con el DT el cu\u00e1l le asegur\u00f3 que la determinaci\u00f3n de la baja surgi\u00f3 de la Comisi\u00f3n Directiva de la propia Federaci\u00f3n.<\/p>\n\n\n\n<p>Contradicciones entre los dirigentes del Futsal Federado quienes hasta el momento no han salido a poner palabra oficial sobre la injusticia que hoy padecen 4 j\u00f3venes salonistas.<\/p>\n\n\n\n<p>Compartimos la entrevista lograda este mi\u00e9rcoles en la 94.1 FM del Sur.<\/p>\n\n\n\n<!--more-->\n\n\n\n<figure class=\"wp-block-embed is-type-video is-provider-youtube wp-block-embed-youtube wp-embed-aspect-4-3 wp-has-aspect-ratio\"><div class=\"wp-block-embed__wrapper\">\n<iframe loading=\"lazy\" title=\"Audio Walter Acosta\" width=\"474\" height=\"356\" src=\"https:\/\/www.youtube.com\/embed\/-zLqST3r8cE?feature=oembed\" frameborder=\"0\" allow=\"accelerometer; autoplay; clipboard-write; encrypted-media; gyroscope; picture-in-picture; web-share\" allowfullscreen><\/iframe>\n<\/div><\/figure>\n<div class='epvc-post-count'><span class='epvc-eye'><\/span>  <span class=\"epvc-count\"> 2.606<\/span><span class='epvc-label'> veces le\u00edda<\/span><\/div>\n<div class=\"jwsharethis\">\nShare this: \n<br \/>\n<a href=\"mailto:?subject=%C2%ABNo%20se%20dan%20cuenta%20el%20maltrato%20sicol%C3%B3gico%20que%20est%C3%A1n%20haciendo%20con%20los%20chicos%C2%BB%20%28Audio%29&amp;body=https%3A%2F%2Flabestiadeportiva.com%2Flbd%2Fno-se-dan-cuenta-el-mal-trato-sicologico-que-estan-haciendo-con-los-chicos-audio%2F\">\n<img src=\"https:\/\/labestiadeportiva.com\/lbd\/wp-content\/plugins\/jw-share-this\/email.png\" alt=\"Share this page via Email\" \/>\n<\/a>\n<a target=\"_blank\" href=\"http:\/\/www.stumbleupon.com\/submit?url=https%3A%2F%2Flabestiadeportiva.com%2Flbd%2Fno-se-dan-cuenta-el-mal-trato-sicologico-que-estan-haciendo-con-los-chicos-audio%2F&amp;title=%C2%ABNo+se+dan+cuenta+el+maltrato+sicol%C3%B3gico+que+est%C3%A1n+haciendo+con+los+chicos%C2%BB+%28Audio%29\">\n<img src=\"https:\/\/labestiadeportiva.com\/lbd\/wp-content\/plugins\/jw-share-this\/su.png\" alt=\"Share this page via Stumble Upon\" \/>\n<\/a>\n<a target=\"_blank\" href=\"http:\/\/digg.com\/submit?url=https%3A%2F%2Flabestiadeportiva.com%2Flbd%2Fno-se-dan-cuenta-el-mal-trato-sicologico-que-estan-haciendo-con-los-chicos-audio%2F&amp;title=%C2%ABNo+se+dan+cuenta+el+maltrato+sicol%C3%B3gico+que+est%C3%A1n+haciendo+con+los+chicos%C2%BB+%28Audio%29\">\n<img src=\"https:\/\/labestiadeportiva.com\/lbd\/wp-content\/plugins\/jw-share-this\/digg.png\" alt=\"Share this page via Digg this\" \/>\n<\/a>\n<a target=\"_blank\" href=\"http:\/\/www.facebook.com\/sharer.php?u=https%3A%2F%2Flabestiadeportiva.com%2Flbd%2Fno-se-dan-cuenta-el-mal-trato-sicologico-que-estan-haciendo-con-los-chicos-audio%2F&amp;t=%C2%ABNo+se+dan+cuenta+el+maltrato+sicol%C3%B3gico+que+est%C3%A1n+haciendo+con+los+chicos%C2%BB+%28Audio%29\">\n<img src=\"https:\/\/labestiadeportiva.com\/lbd\/wp-content\/plugins\/jw-share-this\/fb.png\" alt=\"Share this page via Facebook\" \/>\n<\/a>\n<a target=\"_blank\" href=\"http:\/\/twitter.com\/intent\/tweet?text=I+like+https%3A%2F%2Flabestiadeportiva.com%2Flbd%2Fno-se-dan-cuenta-el-mal-trato-sicologico-que-estan-haciendo-con-los-chicos-audio%2F&amp;title=%C2%ABNo+se+dan+cuenta+el+maltrato+sicol%C3%B3gico+que+est%C3%A1n+haciendo+con+los+chicos%C2%BB+%28Audio%29\">\n<img src=\"https:\/\/labestiadeportiva.com\/lbd\/wp-content\/plugins\/jw-share-this\/twitter.png\" alt=\"Share this page via Twitter\" \/>\n<\/a>\n<\/div>\n","protected":false},"excerpt":{"rendered":"<p>Momento de escuchar la palabra de uno de los padres de los j\u00f3venes dados de baja en la Selecci\u00f3n C17 de la Federaci\u00f3n Ushuaiense de F\u00fatbol de Sal\u00f3n por participar con el club G\u00fcemes en el Regional Patag\u00f3nico Sub 17 de AFA el pasado fin de semana en la ciudad de R\u00edo Grande. Walter Acosta, &hellip; <a href=\"https:\/\/labestiadeportiva.com\/lbd\/no-se-dan-cuenta-el-mal-trato-sicologico-que-estan-haciendo-con-los-chicos-audio\/\" class=\"more-link\">Seguir leyendo <span class=\"screen-reader-text\">\u00abNo se dan cuenta el maltrato sicol\u00f3gico que est\u00e1n haciendo con los chicos\u00bb (Audio)<\/span> <span class=\"meta-nav\">&rarr;<\/span><\/a><\/p>\n","protected":false},"author":1,"featured_media":0,"comment_status":"open","ping_status":"open","sticky":false,"template":"","format":"standard","meta":[],"categories":[5,60,31,1],"tags":[4838,4833,185,83,5117],"_links":{"self":[{"href":"https:\/\/labestiadeportiva.com\/lbd\/wp-json\/wp\/v2\/posts\/46880"}],"collection":[{"href":"https:\/\/labestiadeportiva.com\/lbd\/wp-json\/wp\/v2\/posts"}],"about":[{"href":"https:\/\/labestiadeportiva.com\/lbd\/wp-json\/wp\/v2\/types\/post"}],"author":[{"embeddable":true,"href":"https:\/\/labestiadeportiva.com\/lbd\/wp-json\/wp\/v2\/users\/1"}],"replies":[{"embeddable":true,"href":"https:\/\/labestiadeportiva.com\/lbd\/wp-json\/wp\/v2\/comments?post=46880"}],"version-history":[{"count":4,"href":"https:\/\/labestiadeportiva.com\/lbd\/wp-json\/wp\/v2\/posts\/46880\/revisions"}],"predecessor-version":[{"id":46885,"href":"https:\/\/labestiadeportiva.com\/lbd\/wp-json\/wp\/v2\/posts\/46880\/revisions\/46885"}],"wp:attachment":[{"href":"https:\/\/labestiadeportiva.com\/lbd\/wp-json\/wp\/v2\/media?parent=46880"}],"wp:term":[{"taxonomy":"category","embeddable":true,"href":"https:\/\/labestiadeportiva.com\/lbd\/wp-json\/wp\/v2\/categories?post=46880"},{"taxonomy":"post_tag","embeddable":true,"href":"https:\/\/labestiadeportiva.com\/lbd\/wp-json\/wp\/v2\/tags?post=46880"}],"curies":[{"name":"wp","href":"https:\/\/api.w.org\/{rel}","templated":true}]}}