{"id":46900,"date":"2023-08-04T17:45:53","date_gmt":"2023-08-04T20:45:53","guid":{"rendered":"http:\/\/labestiadeportiva.com\/lbd\/?p=46900"},"modified":"2023-08-04T17:45:56","modified_gmt":"2023-08-04T20:45:56","slug":"cambio-de-planes-audio-2","status":"publish","type":"post","link":"https:\/\/labestiadeportiva.com\/lbd\/cambio-de-planes-audio-2\/","title":{"rendered":"Cambio de planes (Audio)"},"content":{"rendered":"\n<figure class=\"wp-block-image size-large\"><a href=\"http:\/\/labestiadeportiva.com\/lbd\/wp-content\/uploads\/2023\/08\/Screenshot_20230804-1645253.png\"><img loading=\"lazy\" width=\"1024\" height=\"887\" src=\"http:\/\/labestiadeportiva.com\/lbd\/wp-content\/uploads\/2023\/08\/Screenshot_20230804-1645253-1024x887.png\" alt=\"\" class=\"wp-image-46902\" srcset=\"https:\/\/labestiadeportiva.com\/lbd\/wp-content\/uploads\/2023\/08\/Screenshot_20230804-1645253-1024x887.png 1024w, https:\/\/labestiadeportiva.com\/lbd\/wp-content\/uploads\/2023\/08\/Screenshot_20230804-1645253-300x260.png 300w, https:\/\/labestiadeportiva.com\/lbd\/wp-content\/uploads\/2023\/08\/Screenshot_20230804-1645253-768x665.png 768w, https:\/\/labestiadeportiva.com\/lbd\/wp-content\/uploads\/2023\/08\/Screenshot_20230804-1645253-640x554.png 640w, https:\/\/labestiadeportiva.com\/lbd\/wp-content\/uploads\/2023\/08\/Screenshot_20230804-1645253.png 1080w\" sizes=\"(max-width: 1024px) 100vw, 1024px\" \/><\/a><\/figure>\n\n\n\n<figure class=\"wp-block-image size-full is-resized\"><a href=\"http:\/\/labestiadeportiva.com\/lbd\/wp-content\/uploads\/2022\/11\/CARA_PEREZ-2.jpg\"><img loading=\"lazy\" src=\"http:\/\/labestiadeportiva.com\/lbd\/wp-content\/uploads\/2022\/11\/CARA_PEREZ-2.jpg\" alt=\"\" class=\"wp-image-43576\" width=\"348\" height=\"71\" srcset=\"https:\/\/labestiadeportiva.com\/lbd\/wp-content\/uploads\/2022\/11\/CARA_PEREZ-2.jpg 600w, https:\/\/labestiadeportiva.com\/lbd\/wp-content\/uploads\/2022\/11\/CARA_PEREZ-2-300x62.jpg 300w\" sizes=\"(max-width: 348px) 100vw, 348px\" \/><\/a><\/figure>\n\n\n\n<p>La nevada de las \u00faltimas horas hizo modificar el cierre de la XVII Edici\u00f3n de la \u00abCopa Fin del Mundo\u00bb de hockey sobre Hielo.<\/p>\n\n\n\n<p>La \u00faltima jornada ser\u00e1 desde este viernes por la tarde, luego de sacar toda la nieve acumulada en la pista Carlos \u00abTachuela\u00bb Oyarz\u00fan, extendi\u00e9ndose seguramente hasta la madrugada del s\u00e1bado.<\/p>\n\n\n\n<p>Los detalles a cargo del presidente de la Federaci\u00f3n Argentina de Hockey sobre Hielo Diego Garc\u00eda Barthe. Compartimos la entrevista lograda este viernes en la 94.1 FM del Sur.<\/p>\n\n\n\n<!--more-->\n\n\n\n<figure class=\"wp-block-embed is-type-video is-provider-youtube wp-block-embed-youtube wp-embed-aspect-4-3 wp-has-aspect-ratio\"><div class=\"wp-block-embed__wrapper\">\n<iframe loading=\"lazy\" title=\"Audio Diego Garc\u00eda Barthe\" width=\"474\" height=\"356\" src=\"https:\/\/www.youtube.com\/embed\/pxHTn5VnSPc?feature=oembed\" frameborder=\"0\" allow=\"accelerometer; autoplay; clipboard-write; encrypted-media; gyroscope; picture-in-picture; web-share\" allowfullscreen><\/iframe>\n<\/div><\/figure>\n<div class='epvc-post-count'><span class='epvc-eye'><\/span>  <span class=\"epvc-count\"> 1.217<\/span><span class='epvc-label'> veces le\u00edda<\/span><\/div>\n<div class=\"jwsharethis\">\nShare this: \n<br \/>\n<a href=\"mailto:?subject=Cambio%20de%20planes%20%28Audio%29&amp;body=https%3A%2F%2Flabestiadeportiva.com%2Flbd%2Fcambio-de-planes-audio-2%2F\">\n<img src=\"https:\/\/labestiadeportiva.com\/lbd\/wp-content\/plugins\/jw-share-this\/email.png\" alt=\"Share this page via Email\" \/>\n<\/a>\n<a target=\"_blank\" href=\"http:\/\/www.stumbleupon.com\/submit?url=https%3A%2F%2Flabestiadeportiva.com%2Flbd%2Fcambio-de-planes-audio-2%2F&amp;title=Cambio+de+planes+%28Audio%29\">\n<img src=\"https:\/\/labestiadeportiva.com\/lbd\/wp-content\/plugins\/jw-share-this\/su.png\" alt=\"Share this page via Stumble Upon\" \/>\n<\/a>\n<a target=\"_blank\" href=\"http:\/\/digg.com\/submit?url=https%3A%2F%2Flabestiadeportiva.com%2Flbd%2Fcambio-de-planes-audio-2%2F&amp;title=Cambio+de+planes+%28Audio%29\">\n<img src=\"https:\/\/labestiadeportiva.com\/lbd\/wp-content\/plugins\/jw-share-this\/digg.png\" alt=\"Share this page via Digg this\" \/>\n<\/a>\n<a target=\"_blank\" href=\"http:\/\/www.facebook.com\/sharer.php?u=https%3A%2F%2Flabestiadeportiva.com%2Flbd%2Fcambio-de-planes-audio-2%2F&amp;t=Cambio+de+planes+%28Audio%29\">\n<img src=\"https:\/\/labestiadeportiva.com\/lbd\/wp-content\/plugins\/jw-share-this\/fb.png\" alt=\"Share this page via Facebook\" \/>\n<\/a>\n<a target=\"_blank\" href=\"http:\/\/twitter.com\/intent\/tweet?text=I+like+https%3A%2F%2Flabestiadeportiva.com%2Flbd%2Fcambio-de-planes-audio-2%2F&amp;title=Cambio+de+planes+%28Audio%29\">\n<img src=\"https:\/\/labestiadeportiva.com\/lbd\/wp-content\/plugins\/jw-share-this\/twitter.png\" alt=\"Share this page via Twitter\" \/>\n<\/a>\n<\/div>\n","protected":false},"excerpt":{"rendered":"<p>La nevada de las \u00faltimas horas hizo modificar el cierre de la XVII Edici\u00f3n de la \u00abCopa Fin del Mundo\u00bb de hockey sobre Hielo. La \u00faltima jornada ser\u00e1 desde este viernes por la tarde, luego de sacar toda la nieve acumulada en la pista Carlos \u00abTachuela\u00bb Oyarz\u00fan, extendi\u00e9ndose seguramente hasta la madrugada del s\u00e1bado. Los &hellip; <a href=\"https:\/\/labestiadeportiva.com\/lbd\/cambio-de-planes-audio-2\/\" class=\"more-link\">Seguir leyendo <span class=\"screen-reader-text\">Cambio de planes (Audio)<\/span> <span class=\"meta-nav\">&rarr;<\/span><\/a><\/p>\n","protected":false},"author":1,"featured_media":0,"comment_status":"open","ping_status":"open","sticky":false,"template":"","format":"standard","meta":[],"categories":[3962,5,4,6,60,2233,1],"tags":[5124,5125,4838,139],"_links":{"self":[{"href":"https:\/\/labestiadeportiva.com\/lbd\/wp-json\/wp\/v2\/posts\/46900"}],"collection":[{"href":"https:\/\/labestiadeportiva.com\/lbd\/wp-json\/wp\/v2\/posts"}],"about":[{"href":"https:\/\/labestiadeportiva.com\/lbd\/wp-json\/wp\/v2\/types\/post"}],"author":[{"embeddable":true,"href":"https:\/\/labestiadeportiva.com\/lbd\/wp-json\/wp\/v2\/users\/1"}],"replies":[{"embeddable":true,"href":"https:\/\/labestiadeportiva.com\/lbd\/wp-json\/wp\/v2\/comments?post=46900"}],"version-history":[{"count":1,"href":"https:\/\/labestiadeportiva.com\/lbd\/wp-json\/wp\/v2\/posts\/46900\/revisions"}],"predecessor-version":[{"id":46903,"href":"https:\/\/labestiadeportiva.com\/lbd\/wp-json\/wp\/v2\/posts\/46900\/revisions\/46903"}],"wp:attachment":[{"href":"https:\/\/labestiadeportiva.com\/lbd\/wp-json\/wp\/v2\/media?parent=46900"}],"wp:term":[{"taxonomy":"category","embeddable":true,"href":"https:\/\/labestiadeportiva.com\/lbd\/wp-json\/wp\/v2\/categories?post=46900"},{"taxonomy":"post_tag","embeddable":true,"href":"https:\/\/labestiadeportiva.com\/lbd\/wp-json\/wp\/v2\/tags?post=46900"}],"curies":[{"name":"wp","href":"https:\/\/api.w.org\/{rel}","templated":true}]}}