{"id":46907,"date":"2023-08-06T10:23:24","date_gmt":"2023-08-06T13:23:24","guid":{"rendered":"http:\/\/labestiadeportiva.com\/lbd\/?p=46907"},"modified":"2023-08-06T10:34:25","modified_gmt":"2023-08-06T13:34:25","slug":"postergada","status":"publish","type":"post","link":"https:\/\/labestiadeportiva.com\/lbd\/postergada\/","title":{"rendered":"Postergada"},"content":{"rendered":"\n<figure class=\"wp-block-image size-large\"><a href=\"http:\/\/labestiadeportiva.com\/lbd\/wp-content\/uploads\/2023\/08\/FB_IMG_1691327681139.jpg\"><img loading=\"lazy\" width=\"724\" height=\"1024\" src=\"http:\/\/labestiadeportiva.com\/lbd\/wp-content\/uploads\/2023\/08\/FB_IMG_1691327681139-724x1024.jpg\" alt=\"\" class=\"wp-image-46908\" srcset=\"https:\/\/labestiadeportiva.com\/lbd\/wp-content\/uploads\/2023\/08\/FB_IMG_1691327681139-724x1024.jpg 724w, https:\/\/labestiadeportiva.com\/lbd\/wp-content\/uploads\/2023\/08\/FB_IMG_1691327681139-212x300.jpg 212w, https:\/\/labestiadeportiva.com\/lbd\/wp-content\/uploads\/2023\/08\/FB_IMG_1691327681139-768x1087.jpg 768w, https:\/\/labestiadeportiva.com\/lbd\/wp-content\/uploads\/2023\/08\/FB_IMG_1691327681139-640x905.jpg 640w, https:\/\/labestiadeportiva.com\/lbd\/wp-content\/uploads\/2023\/08\/FB_IMG_1691327681139.jpg 1080w\" sizes=\"(max-width: 724px) 100vw, 724px\" \/><\/a><\/figure>\n\n\n\n<figure class=\"wp-block-image size-full is-resized\"><a href=\"http:\/\/labestiadeportiva.com\/lbd\/wp-content\/uploads\/2022\/11\/CARA_PEREZ-2.jpg\"><img loading=\"lazy\" src=\"http:\/\/labestiadeportiva.com\/lbd\/wp-content\/uploads\/2022\/11\/CARA_PEREZ-2.jpg\" alt=\"\" class=\"wp-image-43576\" width=\"347\" height=\"71\" srcset=\"https:\/\/labestiadeportiva.com\/lbd\/wp-content\/uploads\/2022\/11\/CARA_PEREZ-2.jpg 600w, https:\/\/labestiadeportiva.com\/lbd\/wp-content\/uploads\/2022\/11\/CARA_PEREZ-2-300x62.jpg 300w\" sizes=\"(max-width: 347px) 100vw, 347px\" \/><\/a><\/figure>\n\n\n\n<p>La versi\u00f3n 2023 de la Traves\u00eda Krund deber\u00e1 esperar. As\u00ed lo inform\u00f3 la gente del Club de Amigos de la Monta\u00f1a. El temporal de nieve motiv\u00f3 la decisi\u00f3n, principalmente por el estado de transitabilidad de la ruta. La prueba se realizar\u00e1 en la primera quincena del mes de septiembre.<\/p>\n\n\n\n<!--more-->\n\n\n\n<p>Luego de cambiar en un d\u00eda la largada de la traves\u00eda, del s\u00e1bado al domingo, la prueba de esqu\u00ed de monta\u00f1a y fondo fue postergada con muy buen criterio.<\/p>\n\n\n\n<p>Desde las \u00faltimas horas del s\u00e1bado se desat\u00f3 un fuerte temporal de nieve y viento sobre Ushuaia y sus alrededores dificultando el traslado de todos quienes intentaban dejar sus hogares.<\/p>\n\n\n\n<p>Por ende los organizadores tomaron la decisi\u00f3n de pasar la competencia para m\u00e1s adelante, proyect\u00e1ndola a la primera quincena del mes de septiembre.<\/p>\n<div class='epvc-post-count'><span class='epvc-eye'><\/span>  <span class=\"epvc-count\"> 1.347<\/span><span class='epvc-label'> veces le\u00edda<\/span><\/div>\n<div class=\"jwsharethis\">\nShare this: \n<br \/>\n<a href=\"mailto:?subject=Postergada&amp;body=https%3A%2F%2Flabestiadeportiva.com%2Flbd%2Fpostergada%2F\">\n<img src=\"https:\/\/labestiadeportiva.com\/lbd\/wp-content\/plugins\/jw-share-this\/email.png\" alt=\"Share this page via Email\" \/>\n<\/a>\n<a target=\"_blank\" href=\"http:\/\/www.stumbleupon.com\/submit?url=https%3A%2F%2Flabestiadeportiva.com%2Flbd%2Fpostergada%2F&amp;title=Postergada\">\n<img src=\"https:\/\/labestiadeportiva.com\/lbd\/wp-content\/plugins\/jw-share-this\/su.png\" alt=\"Share this page via Stumble Upon\" \/>\n<\/a>\n<a target=\"_blank\" href=\"http:\/\/digg.com\/submit?url=https%3A%2F%2Flabestiadeportiva.com%2Flbd%2Fpostergada%2F&amp;title=Postergada\">\n<img src=\"https:\/\/labestiadeportiva.com\/lbd\/wp-content\/plugins\/jw-share-this\/digg.png\" alt=\"Share this page via Digg this\" \/>\n<\/a>\n<a target=\"_blank\" href=\"http:\/\/www.facebook.com\/sharer.php?u=https%3A%2F%2Flabestiadeportiva.com%2Flbd%2Fpostergada%2F&amp;t=Postergada\">\n<img src=\"https:\/\/labestiadeportiva.com\/lbd\/wp-content\/plugins\/jw-share-this\/fb.png\" alt=\"Share this page via Facebook\" \/>\n<\/a>\n<a target=\"_blank\" href=\"http:\/\/twitter.com\/intent\/tweet?text=I+like+https%3A%2F%2Flabestiadeportiva.com%2Flbd%2Fpostergada%2F&amp;title=Postergada\">\n<img src=\"https:\/\/labestiadeportiva.com\/lbd\/wp-content\/plugins\/jw-share-this\/twitter.png\" alt=\"Share this page via Twitter\" \/>\n<\/a>\n<\/div>\n","protected":false},"excerpt":{"rendered":"<p>La versi\u00f3n 2023 de la Traves\u00eda Krund deber\u00e1 esperar. As\u00ed lo inform\u00f3 la gente del Club de Amigos de la Monta\u00f1a. El temporal de nieve motiv\u00f3 la decisi\u00f3n, principalmente por el estado de transitabilidad de la ruta. La prueba se realizar\u00e1 en la primera quincena del mes de septiembre. 1.347 veces le\u00edda Share this:<\/p>\n","protected":false},"author":1,"featured_media":0,"comment_status":"open","ping_status":"open","sticky":false,"template":"","format":"standard","meta":[],"categories":[5,41,1,4226],"tags":[5127,83,2582,5121],"_links":{"self":[{"href":"https:\/\/labestiadeportiva.com\/lbd\/wp-json\/wp\/v2\/posts\/46907"}],"collection":[{"href":"https:\/\/labestiadeportiva.com\/lbd\/wp-json\/wp\/v2\/posts"}],"about":[{"href":"https:\/\/labestiadeportiva.com\/lbd\/wp-json\/wp\/v2\/types\/post"}],"author":[{"embeddable":true,"href":"https:\/\/labestiadeportiva.com\/lbd\/wp-json\/wp\/v2\/users\/1"}],"replies":[{"embeddable":true,"href":"https:\/\/labestiadeportiva.com\/lbd\/wp-json\/wp\/v2\/comments?post=46907"}],"version-history":[{"count":3,"href":"https:\/\/labestiadeportiva.com\/lbd\/wp-json\/wp\/v2\/posts\/46907\/revisions"}],"predecessor-version":[{"id":46912,"href":"https:\/\/labestiadeportiva.com\/lbd\/wp-json\/wp\/v2\/posts\/46907\/revisions\/46912"}],"wp:attachment":[{"href":"https:\/\/labestiadeportiva.com\/lbd\/wp-json\/wp\/v2\/media?parent=46907"}],"wp:term":[{"taxonomy":"category","embeddable":true,"href":"https:\/\/labestiadeportiva.com\/lbd\/wp-json\/wp\/v2\/categories?post=46907"},{"taxonomy":"post_tag","embeddable":true,"href":"https:\/\/labestiadeportiva.com\/lbd\/wp-json\/wp\/v2\/tags?post=46907"}],"curies":[{"name":"wp","href":"https:\/\/api.w.org\/{rel}","templated":true}]}}