{"id":46916,"date":"2023-08-07T19:32:20","date_gmt":"2023-08-07T22:32:20","guid":{"rendered":"http:\/\/labestiadeportiva.com\/lbd\/?p=46916"},"modified":"2023-08-07T19:32:22","modified_gmt":"2023-08-07T22:32:22","slug":"tricampeones-audio","status":"publish","type":"post","link":"https:\/\/labestiadeportiva.com\/lbd\/tricampeones-audio\/","title":{"rendered":"Tricampeones! (Audio)"},"content":{"rendered":"\n<figure class=\"wp-block-image size-full\"><a href=\"http:\/\/labestiadeportiva.com\/lbd\/wp-content\/uploads\/2023\/08\/IMG-20230807-WA0113.jpg\"><img loading=\"lazy\" width=\"720\" height=\"477\" src=\"http:\/\/labestiadeportiva.com\/lbd\/wp-content\/uploads\/2023\/08\/IMG-20230807-WA0113.jpg\" alt=\"\" class=\"wp-image-46917\" srcset=\"https:\/\/labestiadeportiva.com\/lbd\/wp-content\/uploads\/2023\/08\/IMG-20230807-WA0113.jpg 720w, https:\/\/labestiadeportiva.com\/lbd\/wp-content\/uploads\/2023\/08\/IMG-20230807-WA0113-300x199.jpg 300w, https:\/\/labestiadeportiva.com\/lbd\/wp-content\/uploads\/2023\/08\/IMG-20230807-WA0113-640x424.jpg 640w\" sizes=\"(max-width: 720px) 100vw, 720px\" \/><\/a><\/figure>\n\n\n\n<figure class=\"wp-block-image size-full is-resized\"><a href=\"http:\/\/labestiadeportiva.com\/lbd\/wp-content\/uploads\/2022\/11\/CARA_PEREZ-2.jpg\"><img loading=\"lazy\" src=\"http:\/\/labestiadeportiva.com\/lbd\/wp-content\/uploads\/2022\/11\/CARA_PEREZ-2.jpg\" alt=\"\" class=\"wp-image-43576\" width=\"354\" height=\"72\" srcset=\"https:\/\/labestiadeportiva.com\/lbd\/wp-content\/uploads\/2022\/11\/CARA_PEREZ-2.jpg 600w, https:\/\/labestiadeportiva.com\/lbd\/wp-content\/uploads\/2022\/11\/CARA_PEREZ-2-300x62.jpg 300w\" sizes=\"(max-width: 354px) 100vw, 354px\" \/><\/a><\/figure>\n\n\n\n<p>Mercantil se impuso categ\u00f3ricamente a La UOM por 11 a 3 qued\u00e1ndose con el Torneo Apertura de Futsal AFA organizado por la Liga Ushuaiense.<\/p>\n\n\n\n<p>Tercer torneo oficial en l\u00ednea para el club Mercantil que se consolida como de por lo menos las \u00faltimas dos temporadas saloneras.<\/p>\n\n\n\n<p>En busca de sensaciones y an\u00e1lisis dialogamos con su entrenador Juan Guapura. Compartimos la entrevista lograda este lunes en la 94.1 FM del Sur.<\/p>\n\n\n\n<!--more-->\n\n\n\n<figure class=\"wp-block-embed is-type-video is-provider-youtube wp-block-embed-youtube wp-embed-aspect-4-3 wp-has-aspect-ratio\"><div class=\"wp-block-embed__wrapper\">\n<iframe loading=\"lazy\" title=\"Audio Juan Guapura\" width=\"474\" height=\"356\" src=\"https:\/\/www.youtube.com\/embed\/PbFJHiWpK_Q?feature=oembed\" frameborder=\"0\" allow=\"accelerometer; autoplay; clipboard-write; encrypted-media; gyroscope; picture-in-picture; web-share\" allowfullscreen><\/iframe>\n<\/div><\/figure>\n<div class='epvc-post-count'><span class='epvc-eye'><\/span>  <span class=\"epvc-count\"> 1.022<\/span><span class='epvc-label'> veces le\u00edda<\/span><\/div>\n<div class=\"jwsharethis\">\nShare this: \n<br \/>\n<a href=\"mailto:?subject=Tricampeones%21%20%28Audio%29&amp;body=https%3A%2F%2Flabestiadeportiva.com%2Flbd%2Ftricampeones-audio%2F\">\n<img src=\"https:\/\/labestiadeportiva.com\/lbd\/wp-content\/plugins\/jw-share-this\/email.png\" alt=\"Share this page via Email\" \/>\n<\/a>\n<a target=\"_blank\" href=\"http:\/\/www.stumbleupon.com\/submit?url=https%3A%2F%2Flabestiadeportiva.com%2Flbd%2Ftricampeones-audio%2F&amp;title=Tricampeones%21+%28Audio%29\">\n<img src=\"https:\/\/labestiadeportiva.com\/lbd\/wp-content\/plugins\/jw-share-this\/su.png\" alt=\"Share this page via Stumble Upon\" \/>\n<\/a>\n<a target=\"_blank\" href=\"http:\/\/digg.com\/submit?url=https%3A%2F%2Flabestiadeportiva.com%2Flbd%2Ftricampeones-audio%2F&amp;title=Tricampeones%21+%28Audio%29\">\n<img src=\"https:\/\/labestiadeportiva.com\/lbd\/wp-content\/plugins\/jw-share-this\/digg.png\" alt=\"Share this page via Digg this\" \/>\n<\/a>\n<a target=\"_blank\" href=\"http:\/\/www.facebook.com\/sharer.php?u=https%3A%2F%2Flabestiadeportiva.com%2Flbd%2Ftricampeones-audio%2F&amp;t=Tricampeones%21+%28Audio%29\">\n<img src=\"https:\/\/labestiadeportiva.com\/lbd\/wp-content\/plugins\/jw-share-this\/fb.png\" alt=\"Share this page via Facebook\" \/>\n<\/a>\n<a target=\"_blank\" href=\"http:\/\/twitter.com\/intent\/tweet?text=I+like+https%3A%2F%2Flabestiadeportiva.com%2Flbd%2Ftricampeones-audio%2F&amp;title=Tricampeones%21+%28Audio%29\">\n<img src=\"https:\/\/labestiadeportiva.com\/lbd\/wp-content\/plugins\/jw-share-this\/twitter.png\" alt=\"Share this page via Twitter\" \/>\n<\/a>\n<\/div>\n","protected":false},"excerpt":{"rendered":"<p>Mercantil se impuso categ\u00f3ricamente a La UOM por 11 a 3 qued\u00e1ndose con el Torneo Apertura de Futsal AFA organizado por la Liga Ushuaiense. Tercer torneo oficial en l\u00ednea para el club Mercantil que se consolida como de por lo menos las \u00faltimas dos temporadas saloneras. En busca de sensaciones y an\u00e1lisis dialogamos con su &hellip; <a href=\"https:\/\/labestiadeportiva.com\/lbd\/tricampeones-audio\/\" class=\"more-link\">Seguir leyendo <span class=\"screen-reader-text\">Tricampeones! (Audio)<\/span> <span class=\"meta-nav\">&rarr;<\/span><\/a><\/p>\n","protected":false},"author":1,"featured_media":0,"comment_status":"open","ping_status":"open","sticky":false,"template":"","format":"standard","meta":[],"categories":[5,60,47,1,3086],"tags":[5128,30,4948,48,83,5129],"_links":{"self":[{"href":"https:\/\/labestiadeportiva.com\/lbd\/wp-json\/wp\/v2\/posts\/46916"}],"collection":[{"href":"https:\/\/labestiadeportiva.com\/lbd\/wp-json\/wp\/v2\/posts"}],"about":[{"href":"https:\/\/labestiadeportiva.com\/lbd\/wp-json\/wp\/v2\/types\/post"}],"author":[{"embeddable":true,"href":"https:\/\/labestiadeportiva.com\/lbd\/wp-json\/wp\/v2\/users\/1"}],"replies":[{"embeddable":true,"href":"https:\/\/labestiadeportiva.com\/lbd\/wp-json\/wp\/v2\/comments?post=46916"}],"version-history":[{"count":1,"href":"https:\/\/labestiadeportiva.com\/lbd\/wp-json\/wp\/v2\/posts\/46916\/revisions"}],"predecessor-version":[{"id":46918,"href":"https:\/\/labestiadeportiva.com\/lbd\/wp-json\/wp\/v2\/posts\/46916\/revisions\/46918"}],"wp:attachment":[{"href":"https:\/\/labestiadeportiva.com\/lbd\/wp-json\/wp\/v2\/media?parent=46916"}],"wp:term":[{"taxonomy":"category","embeddable":true,"href":"https:\/\/labestiadeportiva.com\/lbd\/wp-json\/wp\/v2\/categories?post=46916"},{"taxonomy":"post_tag","embeddable":true,"href":"https:\/\/labestiadeportiva.com\/lbd\/wp-json\/wp\/v2\/tags?post=46916"}],"curies":[{"name":"wp","href":"https:\/\/api.w.org\/{rel}","templated":true}]}}