{"id":46925,"date":"2023-08-09T22:37:33","date_gmt":"2023-08-10T01:37:33","guid":{"rendered":"http:\/\/labestiadeportiva.com\/lbd\/?p=46925"},"modified":"2023-08-09T22:37:35","modified_gmt":"2023-08-10T01:37:35","slug":"goleada-y-a-la-semis","status":"publish","type":"post","link":"https:\/\/labestiadeportiva.com\/lbd\/goleada-y-a-la-semis\/","title":{"rendered":"Goleada y a la \u00abSemis\u00bb"},"content":{"rendered":"\n<figure class=\"wp-block-image size-full\"><a href=\"http:\/\/labestiadeportiva.com\/lbd\/wp-content\/uploads\/2023\/08\/Screenshot_20230809-2154513.png\"><img loading=\"lazy\" width=\"966\" height=\"597\" src=\"http:\/\/labestiadeportiva.com\/lbd\/wp-content\/uploads\/2023\/08\/Screenshot_20230809-2154513.png\" alt=\"\" class=\"wp-image-46926\" srcset=\"https:\/\/labestiadeportiva.com\/lbd\/wp-content\/uploads\/2023\/08\/Screenshot_20230809-2154513.png 966w, https:\/\/labestiadeportiva.com\/lbd\/wp-content\/uploads\/2023\/08\/Screenshot_20230809-2154513-300x185.png 300w, https:\/\/labestiadeportiva.com\/lbd\/wp-content\/uploads\/2023\/08\/Screenshot_20230809-2154513-768x475.png 768w, https:\/\/labestiadeportiva.com\/lbd\/wp-content\/uploads\/2023\/08\/Screenshot_20230809-2154513-640x396.png 640w\" sizes=\"(max-width: 966px) 100vw, 966px\" \/><\/a><\/figure>\n\n\n\n<figure class=\"wp-block-image size-full is-resized\"><a href=\"http:\/\/labestiadeportiva.com\/lbd\/wp-content\/uploads\/2022\/11\/CARA_PEREZ-2.jpg\"><img loading=\"lazy\" src=\"http:\/\/labestiadeportiva.com\/lbd\/wp-content\/uploads\/2022\/11\/CARA_PEREZ-2.jpg\" alt=\"\" class=\"wp-image-43576\" width=\"359\" height=\"73\" srcset=\"https:\/\/labestiadeportiva.com\/lbd\/wp-content\/uploads\/2022\/11\/CARA_PEREZ-2.jpg 600w, https:\/\/labestiadeportiva.com\/lbd\/wp-content\/uploads\/2022\/11\/CARA_PEREZ-2-300x62.jpg 300w\" sizes=\"(max-width: 359px) 100vw, 359px\" \/><\/a><\/figure>\n\n\n\n<p>Finaliz\u00f3 la fase regular para Casa Magallanes en la Continental Cup que se disputa en tierra brasile\u00f1a. Los conducidos por Alejandro Vel\u00e1zquez ganaron el grupo con tres victorias y una derrota.<\/p>\n\n\n\n<!--more-->\n\n\n\n<p>Luego del ajustado triunfo del debut el pasado domingo, 3 a 2 ante uno de los locales Colorado, lleg\u00f3 la fecha libre y descanso el d\u00eda lunes.<\/p>\n\n\n\n<p>Ya el martes en frente otro brasilero Construssan, complicado inicio para los fueguinos que fueron perdiendo por dos goles y pudieron reaccionar a tiempo y cerrar el pleito a favor por 5 a 2.<\/p>\n\n\n\n<p>Este mi\u00e9rcoles el \u00abMaga\u00bb encar\u00f3 una compleja doble fecha. En primer turno fue sorprendido por los chilenos de Huanchuy cayendo por 5 a 3 en un juego donde estuvo lejos de exhibir su mejor versi\u00f3n.<\/p>\n\n\n\n<p>Recuperaci\u00f3n total por la tarde frente a Balboa de Colombia  donde impuso condiciones manej\u00f3 las acciones y el marcador, claro 5 a 1, logrando el primer objetivo, ganar el grupo y meterse entre los cuatro mejores de la competencia internacional.<\/p>\n\n\n\n<p>Todos los resultados <\/p>\n\n\n\n<p>Magallanes 3 Colorado (Brasil) 2<\/p>\n\n\n\n<p>Magallanes 5 Construssan (Brasil) 2<\/p>\n\n\n\n<p>Magallanes 3 Huanchuy (Chile) 5<\/p>\n\n\n\n<p>Magallanes 5 Balboa (Colombia) 1<\/p>\n<div class='epvc-post-count'><span class='epvc-eye'><\/span>  <span class=\"epvc-count\"> 1.215<\/span><span class='epvc-label'> veces le\u00edda<\/span><\/div>\n<div class=\"jwsharethis\">\nShare this: \n<br \/>\n<a href=\"mailto:?subject=Goleada%20y%20a%20la%20%C2%ABSemis%C2%BB&amp;body=https%3A%2F%2Flabestiadeportiva.com%2Flbd%2Fgoleada-y-a-la-semis%2F\">\n<img src=\"https:\/\/labestiadeportiva.com\/lbd\/wp-content\/plugins\/jw-share-this\/email.png\" alt=\"Share this page via Email\" \/>\n<\/a>\n<a target=\"_blank\" href=\"http:\/\/www.stumbleupon.com\/submit?url=https%3A%2F%2Flabestiadeportiva.com%2Flbd%2Fgoleada-y-a-la-semis%2F&amp;title=Goleada+y+a+la+%C2%ABSemis%C2%BB\">\n<img src=\"https:\/\/labestiadeportiva.com\/lbd\/wp-content\/plugins\/jw-share-this\/su.png\" alt=\"Share this page via Stumble Upon\" \/>\n<\/a>\n<a target=\"_blank\" href=\"http:\/\/digg.com\/submit?url=https%3A%2F%2Flabestiadeportiva.com%2Flbd%2Fgoleada-y-a-la-semis%2F&amp;title=Goleada+y+a+la+%C2%ABSemis%C2%BB\">\n<img src=\"https:\/\/labestiadeportiva.com\/lbd\/wp-content\/plugins\/jw-share-this\/digg.png\" alt=\"Share this page via Digg this\" \/>\n<\/a>\n<a target=\"_blank\" href=\"http:\/\/www.facebook.com\/sharer.php?u=https%3A%2F%2Flabestiadeportiva.com%2Flbd%2Fgoleada-y-a-la-semis%2F&amp;t=Goleada+y+a+la+%C2%ABSemis%C2%BB\">\n<img src=\"https:\/\/labestiadeportiva.com\/lbd\/wp-content\/plugins\/jw-share-this\/fb.png\" alt=\"Share this page via Facebook\" \/>\n<\/a>\n<a target=\"_blank\" href=\"http:\/\/twitter.com\/intent\/tweet?text=I+like+https%3A%2F%2Flabestiadeportiva.com%2Flbd%2Fgoleada-y-a-la-semis%2F&amp;title=Goleada+y+a+la+%C2%ABSemis%C2%BB\">\n<img src=\"https:\/\/labestiadeportiva.com\/lbd\/wp-content\/plugins\/jw-share-this\/twitter.png\" alt=\"Share this page via Twitter\" \/>\n<\/a>\n<\/div>\n","protected":false},"excerpt":{"rendered":"<p>Finaliz\u00f3 la fase regular para Casa Magallanes en la Continental Cup que se disputa en tierra brasile\u00f1a. Los conducidos por Alejandro Vel\u00e1zquez ganaron el grupo con tres victorias y una derrota. 1.215 veces le\u00edda Share this:<\/p>\n","protected":false},"author":1,"featured_media":0,"comment_status":"open","ping_status":"open","sticky":false,"template":"","format":"standard","meta":[],"categories":[4,31,1],"tags":[5119,2291,5118,793,83],"_links":{"self":[{"href":"https:\/\/labestiadeportiva.com\/lbd\/wp-json\/wp\/v2\/posts\/46925"}],"collection":[{"href":"https:\/\/labestiadeportiva.com\/lbd\/wp-json\/wp\/v2\/posts"}],"about":[{"href":"https:\/\/labestiadeportiva.com\/lbd\/wp-json\/wp\/v2\/types\/post"}],"author":[{"embeddable":true,"href":"https:\/\/labestiadeportiva.com\/lbd\/wp-json\/wp\/v2\/users\/1"}],"replies":[{"embeddable":true,"href":"https:\/\/labestiadeportiva.com\/lbd\/wp-json\/wp\/v2\/comments?post=46925"}],"version-history":[{"count":1,"href":"https:\/\/labestiadeportiva.com\/lbd\/wp-json\/wp\/v2\/posts\/46925\/revisions"}],"predecessor-version":[{"id":46927,"href":"https:\/\/labestiadeportiva.com\/lbd\/wp-json\/wp\/v2\/posts\/46925\/revisions\/46927"}],"wp:attachment":[{"href":"https:\/\/labestiadeportiva.com\/lbd\/wp-json\/wp\/v2\/media?parent=46925"}],"wp:term":[{"taxonomy":"category","embeddable":true,"href":"https:\/\/labestiadeportiva.com\/lbd\/wp-json\/wp\/v2\/categories?post=46925"},{"taxonomy":"post_tag","embeddable":true,"href":"https:\/\/labestiadeportiva.com\/lbd\/wp-json\/wp\/v2\/tags?post=46925"}],"curies":[{"name":"wp","href":"https:\/\/api.w.org\/{rel}","templated":true}]}}