{"id":46936,"date":"2023-08-11T08:49:34","date_gmt":"2023-08-11T11:49:34","guid":{"rendered":"http:\/\/labestiadeportiva.com\/lbd\/?p=46936"},"modified":"2023-08-11T08:49:37","modified_gmt":"2023-08-11T11:49:37","slug":"boca-racing-duelo-argentino-en-la-copa","status":"publish","type":"post","link":"https:\/\/labestiadeportiva.com\/lbd\/boca-racing-duelo-argentino-en-la-copa\/","title":{"rendered":"Boca Racing, duelo argentino en la Copa"},"content":{"rendered":"\n<figure class=\"wp-block-image size-full\"><a href=\"http:\/\/labestiadeportiva.com\/lbd\/wp-content\/uploads\/2023\/08\/racing-festejo_862x4852.jpeg\"><img loading=\"lazy\" width=\"862\" height=\"485\" src=\"http:\/\/labestiadeportiva.com\/lbd\/wp-content\/uploads\/2023\/08\/racing-festejo_862x4852.jpeg\" alt=\"\" class=\"wp-image-46937\" srcset=\"https:\/\/labestiadeportiva.com\/lbd\/wp-content\/uploads\/2023\/08\/racing-festejo_862x4852.jpeg 862w, https:\/\/labestiadeportiva.com\/lbd\/wp-content\/uploads\/2023\/08\/racing-festejo_862x4852-300x169.jpeg 300w, https:\/\/labestiadeportiva.com\/lbd\/wp-content\/uploads\/2023\/08\/racing-festejo_862x4852-768x432.jpeg 768w, https:\/\/labestiadeportiva.com\/lbd\/wp-content\/uploads\/2023\/08\/racing-festejo_862x4852-640x360.jpeg 640w\" sizes=\"(max-width: 862px) 100vw, 862px\" \/><\/a><\/figure>\n\n\n\n<figure class=\"wp-block-image size-full is-resized\"><a href=\"http:\/\/labestiadeportiva.com\/lbd\/wp-content\/uploads\/2022\/11\/CARA_BAROLI-1.jpg\"><img loading=\"lazy\" src=\"http:\/\/labestiadeportiva.com\/lbd\/wp-content\/uploads\/2022\/11\/CARA_BAROLI-1.jpg\" alt=\"\" class=\"wp-image-43574\" width=\"340\" height=\"69\" srcset=\"https:\/\/labestiadeportiva.com\/lbd\/wp-content\/uploads\/2022\/11\/CARA_BAROLI-1.jpg 600w, https:\/\/labestiadeportiva.com\/lbd\/wp-content\/uploads\/2022\/11\/CARA_BAROLI-1-300x62.jpg 300w\" sizes=\"(max-width: 340px) 100vw, 340px\" \/><\/a><\/figure>\n\n\n\n<p>La \u00abAcademia\u00bb y el \u00abXeneize\u00bb son los \u00fanicos representantes nacionales en la Copa Libertadores de Am\u00e9rica. Se ver\u00e1n las caras en tan solo 12 d\u00edas en un duelo qu\u00e9 promete ser apasionante y cerrar\u00e1 el 30 de agosto en el \u00abCilindro\u00bb de Avellaneda.<\/p>\n\n\n\n<!--more-->\n\n\n\n<p>Boca y Racing son lo \u00fanicos sobrevivientes en una apasionante Copa Libertadores 2023. Los dirigidos por Almiron, Boca Juniors, superaron por penales a Nacional y metieron a los cuartos de final de la Copa Libertadores con un \u00abChiquito\u00bb Romero como la gran figura en los tiros desde los doce pasos con dos atajadas cruciales despu\u00e9s de igualar 2-2 en los 180 minutos.<\/p>\n\n\n\n<p>Su pr\u00f3ximo rival ser\u00e1 Racing Club de Avellaneda, quien gole\u00f3 3-0 a Atl\u00e9tico Nacional. Roger Mart\u00ednez y Agust\u00edn Ojeda marcaron dos golazos, pero se retiraron por molestias. El tercero lo hizo en contra Juan Aguirre. La \u00abAcademia\u00bb revirti\u00f3 el 4-2 que sufri\u00f3 en Colombia ante un \u00abCilindro\u00bb totalmente colmado.<\/p>\n\n\n\n<p>Se avecina un cl\u00e1sico de alto voltaje. Por si fuera poco, ambos entrenadores sumar\u00e1n aun m\u00e1s refuerzos a sus equipos. Lo cierto es que con esta confirmaci\u00f3n del cruce, y a diferencia de lo que ocurri\u00f3 con Nacional de Uruguay, Boca Juniors definir\u00e1 la llave en condici\u00f3n de visitante, ya que Racing termin\u00f3 como mejor primero en la fase de grupos por apenas mejor diferencia de goles a favor (13 contra 9).<\/p>\n\n\n\n<p>Pocos d\u00edas antes, Boca Juniors tendr\u00e1 su estreno por la Zona 2 de la Copa de la Liga ante Platense como local, mientras que Racing Club, por el mismo grupo, visitar\u00e1 a Uni\u00f3n de Santa Fe. <\/p>\n\n\n\n<p>Luego s\u00ed, habr\u00e1 cruce argentino por la Copa Libertadores. El compromiso de ida se jugar\u00e1 el mi\u00e9rcoles 23 de agosto en La \u00abBombonera\u00bb, mientras que la revancha se producir\u00e1 una semana despu\u00e9s, el 30 del corriente, en el \u00abCilindro\u00bb de Avellaneda.<\/p>\n<div class='epvc-post-count'><span class='epvc-eye'><\/span>  <span class=\"epvc-count\"> 1.174<\/span><span class='epvc-label'> veces le\u00edda<\/span><\/div>\n<div class=\"jwsharethis\">\nShare this: \n<br \/>\n<a href=\"mailto:?subject=Boca%20Racing%2C%20duelo%20argentino%20en%20la%20Copa&amp;body=https%3A%2F%2Flabestiadeportiva.com%2Flbd%2Fboca-racing-duelo-argentino-en-la-copa%2F\">\n<img src=\"https:\/\/labestiadeportiva.com\/lbd\/wp-content\/plugins\/jw-share-this\/email.png\" alt=\"Share this page via Email\" \/>\n<\/a>\n<a target=\"_blank\" href=\"http:\/\/www.stumbleupon.com\/submit?url=https%3A%2F%2Flabestiadeportiva.com%2Flbd%2Fboca-racing-duelo-argentino-en-la-copa%2F&amp;title=Boca+Racing%2C+duelo+argentino+en+la+Copa\">\n<img src=\"https:\/\/labestiadeportiva.com\/lbd\/wp-content\/plugins\/jw-share-this\/su.png\" alt=\"Share this page via Stumble Upon\" \/>\n<\/a>\n<a target=\"_blank\" href=\"http:\/\/digg.com\/submit?url=https%3A%2F%2Flabestiadeportiva.com%2Flbd%2Fboca-racing-duelo-argentino-en-la-copa%2F&amp;title=Boca+Racing%2C+duelo+argentino+en+la+Copa\">\n<img src=\"https:\/\/labestiadeportiva.com\/lbd\/wp-content\/plugins\/jw-share-this\/digg.png\" alt=\"Share this page via Digg this\" \/>\n<\/a>\n<a target=\"_blank\" href=\"http:\/\/www.facebook.com\/sharer.php?u=https%3A%2F%2Flabestiadeportiva.com%2Flbd%2Fboca-racing-duelo-argentino-en-la-copa%2F&amp;t=Boca+Racing%2C+duelo+argentino+en+la+Copa\">\n<img src=\"https:\/\/labestiadeportiva.com\/lbd\/wp-content\/plugins\/jw-share-this\/fb.png\" alt=\"Share this page via Facebook\" \/>\n<\/a>\n<a target=\"_blank\" href=\"http:\/\/twitter.com\/intent\/tweet?text=I+like+https%3A%2F%2Flabestiadeportiva.com%2Flbd%2Fboca-racing-duelo-argentino-en-la-copa%2F&amp;title=Boca+Racing%2C+duelo+argentino+en+la+Copa\">\n<img src=\"https:\/\/labestiadeportiva.com\/lbd\/wp-content\/plugins\/jw-share-this\/twitter.png\" alt=\"Share this page via Twitter\" \/>\n<\/a>\n<\/div>\n","protected":false},"excerpt":{"rendered":"<p>La \u00abAcademia\u00bb y el \u00abXeneize\u00bb son los \u00fanicos representantes nacionales en la Copa Libertadores de Am\u00e9rica. Se ver\u00e1n las caras en tan solo 12 d\u00edas en un duelo qu\u00e9 promete ser apasionante y cerrar\u00e1 el 30 de agosto en el \u00abCilindro\u00bb de Avellaneda. 1.174 veces le\u00edda Share this:<\/p>\n","protected":false},"author":1,"featured_media":0,"comment_status":"open","ping_status":"open","sticky":false,"template":"","format":"standard","meta":[],"categories":[4311,4,14,1],"tags":[245,465,17,83,1868],"_links":{"self":[{"href":"https:\/\/labestiadeportiva.com\/lbd\/wp-json\/wp\/v2\/posts\/46936"}],"collection":[{"href":"https:\/\/labestiadeportiva.com\/lbd\/wp-json\/wp\/v2\/posts"}],"about":[{"href":"https:\/\/labestiadeportiva.com\/lbd\/wp-json\/wp\/v2\/types\/post"}],"author":[{"embeddable":true,"href":"https:\/\/labestiadeportiva.com\/lbd\/wp-json\/wp\/v2\/users\/1"}],"replies":[{"embeddable":true,"href":"https:\/\/labestiadeportiva.com\/lbd\/wp-json\/wp\/v2\/comments?post=46936"}],"version-history":[{"count":1,"href":"https:\/\/labestiadeportiva.com\/lbd\/wp-json\/wp\/v2\/posts\/46936\/revisions"}],"predecessor-version":[{"id":46938,"href":"https:\/\/labestiadeportiva.com\/lbd\/wp-json\/wp\/v2\/posts\/46936\/revisions\/46938"}],"wp:attachment":[{"href":"https:\/\/labestiadeportiva.com\/lbd\/wp-json\/wp\/v2\/media?parent=46936"}],"wp:term":[{"taxonomy":"category","embeddable":true,"href":"https:\/\/labestiadeportiva.com\/lbd\/wp-json\/wp\/v2\/categories?post=46936"},{"taxonomy":"post_tag","embeddable":true,"href":"https:\/\/labestiadeportiva.com\/lbd\/wp-json\/wp\/v2\/tags?post=46936"}],"curies":[{"name":"wp","href":"https:\/\/api.w.org\/{rel}","templated":true}]}}